{"id":12523,"date":"2018-06-27T17:31:52","date_gmt":"2018-06-27T15:31:52","guid":{"rendered":"http:\/\/www.archeoparc.it\/12519\/"},"modified":"2018-06-27T17:36:20","modified_gmt":"2018-06-27T15:36:20","slug":"12519","status":"publish","type":"post","link":"https:\/\/www.archeoparc.it\/en\/2018\/12519\/","title":{"rendered":"review-ausstellungser\u00f6ffnung-2018"},"content":{"rendered":"<h2>Vernissage temporary exhibition<\/h2>\n<div data-carousel-extra='{\"blog_id\":1,\"permalink\":\"https:\\\/\\\/www.archeoparc.it\\\/en\\\/2018\\\/12519\\\/\"}' class=\"tiled-gallery type-square\" data-original-width=\"500\"><div class=\"tiled-gallery-item\"><a border=\"0\" href=\"https:\/\/www.archeoparc.it\/en\/eroeffnung-der-ausstellung-%c2%84birkenteer-und-laerchenterpentin-die-gewinnung-und-verarbeitung-von-sekundaerprodukten-aus-dem-wald-frueher-und-heute-%c2%93inaugurazione-della-mostra-%c2%84pece-e-1-9\/\"><img decoding=\"async\" data-attachment-id=\"16148\" data-orig-file=\"https:\/\/www.archeoparc.it\/wp-content\/uploads\/archeoparc-schnalstal-18046.jpg\" data-orig-size=\"1200,800\" data-comments-opened=\"0\" data-image-meta=\"{&quot;aperture&quot;:&quot;0&quot;,&quot;credit&quot;:&quot;www.archeoparc.it&quot;,&quot;camera&quot;:&quot;&quot;,&quot;caption&quot;:&quot;&quot;,&quot;created_timestamp&quot;:&quot;0&quot;,&quot;copyright&quot;:&quot;Santer Peter&quot;,&quot;focal_length&quot;:&quot;0&quot;,&quot;iso&quot;:&quot;0&quot;,&quot;shutter_speed&quot;:&quot;0&quot;,&quot;title&quot;:&quot;Er\\u00f6ffnung der Ausstellung \\u0084Birkenteer und L\\u00e4rchenterpentin. Die Gewinnung und Verarbeitung von Sekund\\u00e4rprodukten aus dem Wald fr\\u00fcher und heute.\\u0093&lt;br \\\/&gt;Inaugurazione della mostra \\u0084Pece e trementina. L\\u0092uso dei prodotti secondari degli alberi dalla preistoria ad oggi.\\u0093&lt;br \\\/&gt;Exhibition on secondary products of the forest and on how humans used them since prehistoric times&lt;br \\\/&gt;&lt;br \\\/&gt;archeoParc Schnalstal&lt;br \\\/&gt;24 June 2018&quot;,&quot;orientation&quot;:&quot;0&quot;}\" data-image-title=\"Er\u00f6ffnung der Ausstellung \u0084Birkenteer und L\u00e4rchenterpentin. Die Gewinnung und Verarbeitung von Sekund\u00e4rprodukten aus dem Wald fr\u00fcher und heute.\u0093&lt;br \/&gt;Inaugurazione della mostra \u0084Pece e trementina. L\u0092uso dei prodotti secondari degli alberi dalla preistoria ad oggi.\u0093&lt;br \/&gt;Exhibition on secondary products of the forest and on how humans used them since prehistoric times&lt;br \/&gt;&lt;br \/&gt;archeoParc Schnalstal&lt;br \/&gt;24 June 2018\" data-image-description=\"&lt;p&gt;www.archeoparc.it&lt;\/p&gt;\n\" data-medium-file=\"https:\/\/www.archeoparc.it\/wp-content\/uploads\/archeoparc-schnalstal-18046-300x200.jpg\" data-large-file=\"https:\/\/www.archeoparc.it\/wp-content\/uploads\/archeoparc-schnalstal-18046-1024x683.jpg\" style=\"margin: 2px\" src=\"https:\/\/www.archeoparc.it\/wp-content\/uploads\/archeoparc-schnalstal-18046-494x494.jpg\" width=494 height=494 title=\"Er\u00f6ffnung der Ausstellung \u0084Birkenteer und L\u00e4rchenterpentin. Die Gewinnung und Verarbeitung von Sekund\u00e4rprodukten aus dem Wald fr\u00fcher und heute.\u0093&lt;br \/&gt;Inaugurazione della mostra \u0084Pece e trementina. L\u0092uso dei prodotti secondari degli alberi dalla preistoria ad oggi.\u0093&lt;br \/&gt;Exhibition on secondary products of the forest and on how humans used them since prehistoric times&lt;br \/&gt;&lt;br \/&gt;archeoParc Schnalstal&lt;br \/&gt;24 June 2018\" \/><\/a><div class=\"tiled-gallery-caption\">Santer Peter<\/div><\/div><div class=\"tiled-gallery-item\"><a border=\"0\" href=\"https:\/\/www.archeoparc.it\/en\/eroeffnung-der-ausstellung-%c2%84birkenteer-und-laerchenterpentin-die-gewinnung-und-verarbeitung-von-sekundaerprodukten-aus-dem-wald-frueher-und-heute-%c2%93inaugurazione-della-mostra-%c2%84pece-e-13\/\"><img decoding=\"async\" data-attachment-id=\"16150\" data-orig-file=\"https:\/\/www.archeoparc.it\/wp-content\/uploads\/archeoparc-schnalstal-18047.jpg\" data-orig-size=\"1200,800\" data-comments-opened=\"0\" data-image-meta=\"{&quot;aperture&quot;:&quot;0&quot;,&quot;credit&quot;:&quot;www.archeoparc.it&quot;,&quot;camera&quot;:&quot;&quot;,&quot;caption&quot;:&quot;&quot;,&quot;created_timestamp&quot;:&quot;0&quot;,&quot;copyright&quot;:&quot;Santer Peter&quot;,&quot;focal_length&quot;:&quot;0&quot;,&quot;iso&quot;:&quot;0&quot;,&quot;shutter_speed&quot;:&quot;0&quot;,&quot;title&quot;:&quot;Er\\u00f6ffnung der Ausstellung \\u0084Birkenteer und L\\u00e4rchenterpentin. Die Gewinnung und Verarbeitung von Sekund\\u00e4rprodukten aus dem Wald fr\\u00fcher und heute.\\u0093&lt;br \\\/&gt;Inaugurazione della mostra \\u0084Pece e trementina. L\\u0092uso dei prodotti secondari degli alberi dalla preistoria ad oggi.\\u0093&lt;br \\\/&gt;Exhibition on secondary products of the forest and on how humans used them since prehistoric times&lt;br \\\/&gt;&lt;br \\\/&gt;archeoParc Schnalstal&lt;br \\\/&gt;24 June 2018&quot;,&quot;orientation&quot;:&quot;0&quot;}\" data-image-title=\"Er\u00f6ffnung der Ausstellung \u0084Birkenteer und L\u00e4rchenterpentin. Die Gewinnung und Verarbeitung von Sekund\u00e4rprodukten aus dem Wald fr\u00fcher und heute.\u0093&lt;br \/&gt;Inaugurazione della mostra \u0084Pece e trementina. L\u0092uso dei prodotti secondari degli alberi dalla preistoria ad oggi.\u0093&lt;br \/&gt;Exhibition on secondary products of the forest and on how humans used them since prehistoric times&lt;br \/&gt;&lt;br \/&gt;archeoParc Schnalstal&lt;br \/&gt;24 June 2018\" data-image-description=\"&lt;p&gt;www.archeoparc.it&lt;\/p&gt;\n\" data-medium-file=\"https:\/\/www.archeoparc.it\/wp-content\/uploads\/archeoparc-schnalstal-18047-300x200.jpg\" data-large-file=\"https:\/\/www.archeoparc.it\/wp-content\/uploads\/archeoparc-schnalstal-18047-1024x683.jpg\" style=\"margin: 2px\" src=\"https:\/\/www.archeoparc.it\/wp-content\/uploads\/archeoparc-schnalstal-18047-162x162.jpg\" width=162 height=162 title=\"Er\u00f6ffnung der Ausstellung \u0084Birkenteer und L\u00e4rchenterpentin. Die Gewinnung und Verarbeitung von Sekund\u00e4rprodukten aus dem Wald fr\u00fcher und heute.\u0093&lt;br \/&gt;Inaugurazione della mostra \u0084Pece e trementina. L\u0092uso dei prodotti secondari degli alberi dalla preistoria ad oggi.\u0093&lt;br \/&gt;Exhibition on secondary products of the forest and on how humans used them since prehistoric times&lt;br \/&gt;&lt;br \/&gt;archeoParc Schnalstal&lt;br \/&gt;24 June 2018\" \/><\/a><div class=\"tiled-gallery-caption\">Santer Peter<\/div><\/div><div class=\"tiled-gallery-item\"><a border=\"0\" href=\"https:\/\/www.archeoparc.it\/en\/archeoparc-schnalstal-18048-2\/\"><img decoding=\"async\" data-attachment-id=\"16152\" data-orig-file=\"https:\/\/www.archeoparc.it\/wp-content\/uploads\/archeoparc-schnalstal-18048.jpg\" data-orig-size=\"1200,800\" data-comments-opened=\"0\" data-image-meta=\"{&quot;aperture&quot;:&quot;0&quot;,&quot;credit&quot;:&quot;www.archeoparc.it&quot;,&quot;camera&quot;:&quot;&quot;,&quot;caption&quot;:&quot;&quot;,&quot;created_timestamp&quot;:&quot;0&quot;,&quot;copyright&quot;:&quot;Santer Peter&quot;,&quot;focal_length&quot;:&quot;0&quot;,&quot;iso&quot;:&quot;0&quot;,&quot;shutter_speed&quot;:&quot;0&quot;,&quot;title&quot;:&quot;&quot;,&quot;orientation&quot;:&quot;0&quot;}\" data-image-title=\"archeoparc-schnalstal-18048\" data-image-description=\"&lt;p&gt;www.archeoparc.it&lt;\/p&gt;\n\" data-medium-file=\"https:\/\/www.archeoparc.it\/wp-content\/uploads\/archeoparc-schnalstal-18048-300x200.jpg\" data-large-file=\"https:\/\/www.archeoparc.it\/wp-content\/uploads\/archeoparc-schnalstal-18048-1024x683.jpg\" style=\"margin: 2px\" src=\"https:\/\/www.archeoparc.it\/wp-content\/uploads\/archeoparc-schnalstal-18048-162x162.jpg\" width=162 height=162 title=\"archeoparc-schnalstal-18048\" \/><\/a><div class=\"tiled-gallery-caption\">Santer Peter<\/div><\/div><div class=\"tiled-gallery-item\"><a border=\"0\" href=\"https:\/\/www.archeoparc.it\/en\/eroeffnung-der-ausstellung-%c2%84birkenteer-und-laerchenterpentin-die-gewinnung-und-verarbeitung-von-sekundaerprodukten-aus-dem-wald-frueher-und-heute-%c2%93inaugurazione-della-mostra-%c2%84pece-e-14\/\"><img decoding=\"async\" data-attachment-id=\"16154\" data-orig-file=\"https:\/\/www.archeoparc.it\/wp-content\/uploads\/archeoparc-schnalstal-18049.jpg\" data-orig-size=\"1200,800\" data-comments-opened=\"0\" data-image-meta=\"{&quot;aperture&quot;:&quot;0&quot;,&quot;credit&quot;:&quot;www.archeoparc.it&quot;,&quot;camera&quot;:&quot;&quot;,&quot;caption&quot;:&quot;&quot;,&quot;created_timestamp&quot;:&quot;0&quot;,&quot;copyright&quot;:&quot;Santer Peter&quot;,&quot;focal_length&quot;:&quot;0&quot;,&quot;iso&quot;:&quot;0&quot;,&quot;shutter_speed&quot;:&quot;0&quot;,&quot;title&quot;:&quot;Er\\u00f6ffnung der Ausstellung \\u0084Birkenteer und L\\u00e4rchenterpentin. Die Gewinnung und Verarbeitung von Sekund\\u00e4rprodukten aus dem Wald fr\\u00fcher und heute.\\u0093&lt;br \\\/&gt;Inaugurazione della mostra \\u0084Pece e trementina. L\\u0092uso dei prodotti secondari degli alberi dalla preistoria ad oggi.\\u0093&lt;br \\\/&gt;Exhibition on secondary products of the forest and on how humans used them since prehistoric times&lt;br \\\/&gt;&lt;br \\\/&gt;archeoParc Schnalstal&lt;br \\\/&gt;24 June 2018&quot;,&quot;orientation&quot;:&quot;0&quot;}\" data-image-title=\"Er\u00f6ffnung der Ausstellung \u0084Birkenteer und L\u00e4rchenterpentin. Die Gewinnung und Verarbeitung von Sekund\u00e4rprodukten aus dem Wald fr\u00fcher und heute.\u0093&lt;br \/&gt;Inaugurazione della mostra \u0084Pece e trementina. L\u0092uso dei prodotti secondari degli alberi dalla preistoria ad oggi.\u0093&lt;br \/&gt;Exhibition on secondary products of the forest and on how humans used them since prehistoric times&lt;br \/&gt;&lt;br \/&gt;archeoParc Schnalstal&lt;br \/&gt;24 June 2018\" data-image-description=\"&lt;p&gt;www.archeoparc.it&lt;\/p&gt;\n\" data-medium-file=\"https:\/\/www.archeoparc.it\/wp-content\/uploads\/archeoparc-schnalstal-18049-300x200.jpg\" data-large-file=\"https:\/\/www.archeoparc.it\/wp-content\/uploads\/archeoparc-schnalstal-18049-1024x683.jpg\" style=\"margin: 2px\" src=\"https:\/\/www.archeoparc.it\/wp-content\/uploads\/archeoparc-schnalstal-18049-162x162.jpg\" width=162 height=162 title=\"Er\u00f6ffnung der Ausstellung \u0084Birkenteer und L\u00e4rchenterpentin. Die Gewinnung und Verarbeitung von Sekund\u00e4rprodukten aus dem Wald fr\u00fcher und heute.\u0093&lt;br \/&gt;Inaugurazione della mostra \u0084Pece e trementina. L\u0092uso dei prodotti secondari degli alberi dalla preistoria ad oggi.\u0093&lt;br \/&gt;Exhibition on secondary products of the forest and on how humans used them since prehistoric times&lt;br \/&gt;&lt;br \/&gt;archeoParc Schnalstal&lt;br \/&gt;24 June 2018\" \/><\/a><div class=\"tiled-gallery-caption\">Santer Peter<\/div><\/div><div class=\"tiled-gallery-item\"><a border=\"0\" href=\"https:\/\/www.archeoparc.it\/en\/eroeffnung-der-ausstellung-%c2%84birkenteer-und-laerchenterpentin-die-gewinnung-und-verarbeitung-von-sekundaerprodukten-aus-dem-wald-frueher-und-heute-%c2%93inaugurazione-della-mostra-%c2%84pece-e-1-5\/\"><img decoding=\"async\" data-attachment-id=\"16136\" data-orig-file=\"https:\/\/www.archeoparc.it\/wp-content\/uploads\/archeoparc-schnalstal-18051.jpg\" data-orig-size=\"1200,800\" data-comments-opened=\"0\" data-image-meta=\"{&quot;aperture&quot;:&quot;0&quot;,&quot;credit&quot;:&quot;www.archeoparc.it&quot;,&quot;camera&quot;:&quot;&quot;,&quot;caption&quot;:&quot;&quot;,&quot;created_timestamp&quot;:&quot;0&quot;,&quot;copyright&quot;:&quot;Santer Peter&quot;,&quot;focal_length&quot;:&quot;0&quot;,&quot;iso&quot;:&quot;0&quot;,&quot;shutter_speed&quot;:&quot;0&quot;,&quot;title&quot;:&quot;Er\\u00f6ffnung der Ausstellung \\u0084Birkenteer und L\\u00e4rchenterpentin. Die Gewinnung und Verarbeitung von Sekund\\u00e4rprodukten aus dem Wald fr\\u00fcher und heute.\\u0093&lt;br \\\/&gt;Inaugurazione della mostra \\u0084Pece e trementina. L\\u0092uso dei prodotti secondari degli alberi dalla preistoria ad oggi.\\u0093&lt;br \\\/&gt;Exhibition on secondary products of the forest and on how humans used them since prehistoric times&lt;br \\\/&gt;&lt;br \\\/&gt;archeoParc Schnalstal&lt;br \\\/&gt;24 June 2018&quot;,&quot;orientation&quot;:&quot;0&quot;}\" data-image-title=\"Er\u00f6ffnung der Ausstellung \u0084Birkenteer und L\u00e4rchenterpentin. Die Gewinnung und Verarbeitung von Sekund\u00e4rprodukten aus dem Wald fr\u00fcher und heute.\u0093&lt;br \/&gt;Inaugurazione della mostra \u0084Pece e trementina. L\u0092uso dei prodotti secondari degli alberi dalla preistoria ad oggi.\u0093&lt;br \/&gt;Exhibition on secondary products of the forest and on how humans used them since prehistoric times&lt;br \/&gt;&lt;br \/&gt;archeoParc Schnalstal&lt;br \/&gt;24 June 2018\" data-image-description=\"&lt;p&gt;www.archeoparc.it&lt;\/p&gt;\n\" data-medium-file=\"https:\/\/www.archeoparc.it\/wp-content\/uploads\/archeoparc-schnalstal-18051-300x200.jpg\" data-large-file=\"https:\/\/www.archeoparc.it\/wp-content\/uploads\/archeoparc-schnalstal-18051-1024x683.jpg\" style=\"margin: 2px\" src=\"https:\/\/www.archeoparc.it\/wp-content\/uploads\/archeoparc-schnalstal-18051-162x162.jpg\" width=162 height=162 title=\"Er\u00f6ffnung der Ausstellung \u0084Birkenteer und L\u00e4rchenterpentin. Die Gewinnung und Verarbeitung von Sekund\u00e4rprodukten aus dem Wald fr\u00fcher und heute.\u0093&lt;br \/&gt;Inaugurazione della mostra \u0084Pece e trementina. L\u0092uso dei prodotti secondari degli alberi dalla preistoria ad oggi.\u0093&lt;br \/&gt;Exhibition on secondary products of the forest and on how humans used them since prehistoric times&lt;br \/&gt;&lt;br \/&gt;archeoParc Schnalstal&lt;br \/&gt;24 June 2018\" \/><\/a><div class=\"tiled-gallery-caption\">Santer Peter<\/div><\/div><div class=\"tiled-gallery-item\"><a border=\"0\" href=\"https:\/\/www.archeoparc.it\/en\/eroeffnung-der-ausstellung-%c2%84birkenteer-und-laerchenterpentin-die-gewinnung-und-verarbeitung-von-sekundaerprodukten-aus-dem-wald-frueher-und-heute-%c2%93inaugurazione-della-mostra-%c2%84pece-e-10\/\"><img decoding=\"async\" data-attachment-id=\"16138\" data-orig-file=\"https:\/\/www.archeoparc.it\/wp-content\/uploads\/archeoparc-schnalstal-18052.jpg\" data-orig-size=\"1200,800\" data-comments-opened=\"0\" data-image-meta=\"{&quot;aperture&quot;:&quot;0&quot;,&quot;credit&quot;:&quot;www.archeoparc.it&quot;,&quot;camera&quot;:&quot;&quot;,&quot;caption&quot;:&quot;&quot;,&quot;created_timestamp&quot;:&quot;0&quot;,&quot;copyright&quot;:&quot;Santer Peter&quot;,&quot;focal_length&quot;:&quot;0&quot;,&quot;iso&quot;:&quot;0&quot;,&quot;shutter_speed&quot;:&quot;0&quot;,&quot;title&quot;:&quot;Er\\u00f6ffnung der Ausstellung \\u0084Birkenteer und L\\u00e4rchenterpentin. Die Gewinnung und Verarbeitung von Sekund\\u00e4rprodukten aus dem Wald fr\\u00fcher und heute.\\u0093&lt;br \\\/&gt;Inaugurazione della mostra \\u0084Pece e trementina. L\\u0092uso dei prodotti secondari degli alberi dalla preistoria ad oggi.\\u0093&lt;br \\\/&gt;Exhibition on secondary products of the forest and on how humans used them since prehistoric times&lt;br \\\/&gt;&lt;br \\\/&gt;archeoParc Schnalstal&lt;br \\\/&gt;24 June 2018&quot;,&quot;orientation&quot;:&quot;0&quot;}\" data-image-title=\"Er\u00f6ffnung der Ausstellung \u0084Birkenteer und L\u00e4rchenterpentin. Die Gewinnung und Verarbeitung von Sekund\u00e4rprodukten aus dem Wald fr\u00fcher und heute.\u0093&lt;br \/&gt;Inaugurazione della mostra \u0084Pece e trementina. L\u0092uso dei prodotti secondari degli alberi dalla preistoria ad oggi.\u0093&lt;br \/&gt;Exhibition on secondary products of the forest and on how humans used them since prehistoric times&lt;br \/&gt;&lt;br \/&gt;archeoParc Schnalstal&lt;br \/&gt;24 June 2018\" data-image-description=\"&lt;p&gt;www.archeoparc.it&lt;\/p&gt;\n\" data-medium-file=\"https:\/\/www.archeoparc.it\/wp-content\/uploads\/archeoparc-schnalstal-18052-300x200.jpg\" data-large-file=\"https:\/\/www.archeoparc.it\/wp-content\/uploads\/archeoparc-schnalstal-18052-1024x683.jpg\" style=\"margin: 2px\" src=\"https:\/\/www.archeoparc.it\/wp-content\/uploads\/archeoparc-schnalstal-18052-162x162.jpg\" width=162 height=162 title=\"Er\u00f6ffnung der Ausstellung \u0084Birkenteer und L\u00e4rchenterpentin. Die Gewinnung und Verarbeitung von Sekund\u00e4rprodukten aus dem Wald fr\u00fcher und heute.\u0093&lt;br \/&gt;Inaugurazione della mostra \u0084Pece e trementina. L\u0092uso dei prodotti secondari degli alberi dalla preistoria ad oggi.\u0093&lt;br \/&gt;Exhibition on secondary products of the forest and on how humans used them since prehistoric times&lt;br \/&gt;&lt;br \/&gt;archeoParc Schnalstal&lt;br \/&gt;24 June 2018\" \/><\/a><div class=\"tiled-gallery-caption\">Santer Peter<\/div><\/div><div class=\"tiled-gallery-item\"><a border=\"0\" href=\"https:\/\/www.archeoparc.it\/en\/eroeffnung-der-ausstellung-%c2%84birkenteer-und-laerchenterpentin-die-gewinnung-und-verarbeitung-von-sekundaerprodukten-aus-dem-wald-frueher-und-heute-%c2%93inaugurazione-della-mostra-%c2%84pece-e-1-4\/\"><img decoding=\"async\" data-attachment-id=\"16134\" data-orig-file=\"https:\/\/www.archeoparc.it\/wp-content\/uploads\/archeoparc-schnalstal-18050.jpg\" data-orig-size=\"1200,800\" data-comments-opened=\"0\" data-image-meta=\"{&quot;aperture&quot;:&quot;0&quot;,&quot;credit&quot;:&quot;www.archeoparc.it&quot;,&quot;camera&quot;:&quot;&quot;,&quot;caption&quot;:&quot;&quot;,&quot;created_timestamp&quot;:&quot;0&quot;,&quot;copyright&quot;:&quot;Santer Peter&quot;,&quot;focal_length&quot;:&quot;0&quot;,&quot;iso&quot;:&quot;0&quot;,&quot;shutter_speed&quot;:&quot;0&quot;,&quot;title&quot;:&quot;Er\\u00f6ffnung der Ausstellung \\u0084Birkenteer und L\\u00e4rchenterpentin. Die Gewinnung und Verarbeitung von Sekund\\u00e4rprodukten aus dem Wald fr\\u00fcher und heute.\\u0093&lt;br \\\/&gt;Inaugurazione della mostra \\u0084Pece e trementina. L\\u0092uso dei prodotti secondari degli alberi dalla preistoria ad oggi.\\u0093&lt;br \\\/&gt;Exhibition on secondary products of the forest and on how humans used them since prehistoric times&lt;br \\\/&gt;&lt;br \\\/&gt;archeoParc Schnalstal&lt;br \\\/&gt;24 June 2018&quot;,&quot;orientation&quot;:&quot;0&quot;}\" data-image-title=\"Er\u00f6ffnung der Ausstellung \u0084Birkenteer und L\u00e4rchenterpentin. Die Gewinnung und Verarbeitung von Sekund\u00e4rprodukten aus dem Wald fr\u00fcher und heute.\u0093&lt;br \/&gt;Inaugurazione della mostra \u0084Pece e trementina. L\u0092uso dei prodotti secondari degli alberi dalla preistoria ad oggi.\u0093&lt;br \/&gt;Exhibition on secondary products of the forest and on how humans used them since prehistoric times&lt;br \/&gt;&lt;br \/&gt;archeoParc Schnalstal&lt;br \/&gt;24 June 2018\" data-image-description=\"&lt;p&gt;www.archeoparc.it&lt;\/p&gt;\n\" data-medium-file=\"https:\/\/www.archeoparc.it\/wp-content\/uploads\/archeoparc-schnalstal-18050-300x200.jpg\" data-large-file=\"https:\/\/www.archeoparc.it\/wp-content\/uploads\/archeoparc-schnalstal-18050-1024x683.jpg\" style=\"margin: 2px\" src=\"https:\/\/www.archeoparc.it\/wp-content\/uploads\/archeoparc-schnalstal-18050-162x162.jpg\" width=162 height=162 title=\"Er\u00f6ffnung der Ausstellung \u0084Birkenteer und L\u00e4rchenterpentin. Die Gewinnung und Verarbeitung von Sekund\u00e4rprodukten aus dem Wald fr\u00fcher und heute.\u0093&lt;br \/&gt;Inaugurazione della mostra \u0084Pece e trementina. L\u0092uso dei prodotti secondari degli alberi dalla preistoria ad oggi.\u0093&lt;br \/&gt;Exhibition on secondary products of the forest and on how humans used them since prehistoric times&lt;br \/&gt;&lt;br \/&gt;archeoParc Schnalstal&lt;br \/&gt;24 June 2018\" \/><\/a><div class=\"tiled-gallery-caption\">Santer Peter<\/div><\/div><div class=\"tiled-gallery-item\"><a border=\"0\" href=\"https:\/\/www.archeoparc.it\/en\/eroeffnung-der-ausstellung-%c2%84birkenteer-und-laerchenterpentin-die-gewinnung-und-verarbeitung-von-sekundaerprodukten-aus-dem-wald-frueher-und-heute-%c2%93inaugurazione-della-mostra-%c2%84pece-e-1-7\/\"><img decoding=\"async\" data-attachment-id=\"16142\" data-orig-file=\"https:\/\/www.archeoparc.it\/wp-content\/uploads\/archeoparc-schnalstal-18054.jpg\" data-orig-size=\"1200,800\" data-comments-opened=\"0\" data-image-meta=\"{&quot;aperture&quot;:&quot;0&quot;,&quot;credit&quot;:&quot;www.archeoparc.it&quot;,&quot;camera&quot;:&quot;&quot;,&quot;caption&quot;:&quot;&quot;,&quot;created_timestamp&quot;:&quot;0&quot;,&quot;copyright&quot;:&quot;Santer Peter&quot;,&quot;focal_length&quot;:&quot;0&quot;,&quot;iso&quot;:&quot;0&quot;,&quot;shutter_speed&quot;:&quot;0&quot;,&quot;title&quot;:&quot;Er\\u00f6ffnung der Ausstellung \\u0084Birkenteer und L\\u00e4rchenterpentin. Die Gewinnung und Verarbeitung von Sekund\\u00e4rprodukten aus dem Wald fr\\u00fcher und heute.\\u0093&lt;br \\\/&gt;Inaugurazione della mostra \\u0084Pece e trementina. L\\u0092uso dei prodotti secondari degli alberi dalla preistoria ad oggi.\\u0093&lt;br \\\/&gt;Exhibition on secondary products of the forest and on how humans used them since prehistoric times&lt;br \\\/&gt;&lt;br \\\/&gt;archeoParc Schnalstal&lt;br \\\/&gt;24 June 2018&quot;,&quot;orientation&quot;:&quot;0&quot;}\" data-image-title=\"Er\u00f6ffnung der Ausstellung \u0084Birkenteer und L\u00e4rchenterpentin. Die Gewinnung und Verarbeitung von Sekund\u00e4rprodukten aus dem Wald fr\u00fcher und heute.\u0093&lt;br \/&gt;Inaugurazione della mostra \u0084Pece e trementina. L\u0092uso dei prodotti secondari degli alberi dalla preistoria ad oggi.\u0093&lt;br \/&gt;Exhibition on secondary products of the forest and on how humans used them since prehistoric times&lt;br \/&gt;&lt;br \/&gt;archeoParc Schnalstal&lt;br \/&gt;24 June 2018\" data-image-description=\"&lt;p&gt;www.archeoparc.it&lt;\/p&gt;\n\" data-medium-file=\"https:\/\/www.archeoparc.it\/wp-content\/uploads\/archeoparc-schnalstal-18054-300x200.jpg\" data-large-file=\"https:\/\/www.archeoparc.it\/wp-content\/uploads\/archeoparc-schnalstal-18054-1024x683.jpg\" style=\"margin: 2px\" src=\"https:\/\/www.archeoparc.it\/wp-content\/uploads\/archeoparc-schnalstal-18054-162x162.jpg\" width=162 height=162 title=\"Er\u00f6ffnung der Ausstellung \u0084Birkenteer und L\u00e4rchenterpentin. Die Gewinnung und Verarbeitung von Sekund\u00e4rprodukten aus dem Wald fr\u00fcher und heute.\u0093&lt;br \/&gt;Inaugurazione della mostra \u0084Pece e trementina. L\u0092uso dei prodotti secondari degli alberi dalla preistoria ad oggi.\u0093&lt;br \/&gt;Exhibition on secondary products of the forest and on how humans used them since prehistoric times&lt;br \/&gt;&lt;br \/&gt;archeoParc Schnalstal&lt;br \/&gt;24 June 2018\" \/><\/a><div class=\"tiled-gallery-caption\">Santer Peter<\/div><\/div><div class=\"tiled-gallery-item\"><a border=\"0\" href=\"https:\/\/www.archeoparc.it\/en\/eroeffnung-der-ausstellung-%c2%84birkenteer-und-laerchenterpentin-die-gewinnung-und-verarbeitung-von-sekundaerprodukten-aus-dem-wald-frueher-und-heute-%c2%93inaugurazione-della-mostra-%c2%84pece-e-1-8\/\"><img decoding=\"async\" data-attachment-id=\"16144\" data-orig-file=\"https:\/\/www.archeoparc.it\/wp-content\/uploads\/archeoparc-schnalstal-18055.jpg\" data-orig-size=\"1200,800\" data-comments-opened=\"0\" data-image-meta=\"{&quot;aperture&quot;:&quot;0&quot;,&quot;credit&quot;:&quot;www.archeoparc.it&quot;,&quot;camera&quot;:&quot;&quot;,&quot;caption&quot;:&quot;&quot;,&quot;created_timestamp&quot;:&quot;0&quot;,&quot;copyright&quot;:&quot;Santer Peter&quot;,&quot;focal_length&quot;:&quot;0&quot;,&quot;iso&quot;:&quot;0&quot;,&quot;shutter_speed&quot;:&quot;0&quot;,&quot;title&quot;:&quot;Er\\u00f6ffnung der Ausstellung \\u0084Birkenteer und L\\u00e4rchenterpentin. Die Gewinnung und Verarbeitung von Sekund\\u00e4rprodukten aus dem Wald fr\\u00fcher und heute.\\u0093&lt;br \\\/&gt;Inaugurazione della mostra \\u0084Pece e trementina. L\\u0092uso dei prodotti secondari degli alberi dalla preistoria ad oggi.\\u0093&lt;br \\\/&gt;Exhibition on secondary products of the forest and on how humans used them since prehistoric times&lt;br \\\/&gt;&lt;br \\\/&gt;archeoParc Schnalstal&lt;br \\\/&gt;24 June 2018&quot;,&quot;orientation&quot;:&quot;0&quot;}\" data-image-title=\"Er\u00f6ffnung der Ausstellung \u0084Birkenteer und L\u00e4rchenterpentin. Die Gewinnung und Verarbeitung von Sekund\u00e4rprodukten aus dem Wald fr\u00fcher und heute.\u0093&lt;br \/&gt;Inaugurazione della mostra \u0084Pece e trementina. L\u0092uso dei prodotti secondari degli alberi dalla preistoria ad oggi.\u0093&lt;br \/&gt;Exhibition on secondary products of the forest and on how humans used them since prehistoric times&lt;br \/&gt;&lt;br \/&gt;archeoParc Schnalstal&lt;br \/&gt;24 June 2018\" data-image-description=\"&lt;p&gt;www.archeoparc.it&lt;\/p&gt;\n\" data-medium-file=\"https:\/\/www.archeoparc.it\/wp-content\/uploads\/archeoparc-schnalstal-18055-300x200.jpg\" data-large-file=\"https:\/\/www.archeoparc.it\/wp-content\/uploads\/archeoparc-schnalstal-18055-1024x683.jpg\" style=\"margin: 2px\" src=\"https:\/\/www.archeoparc.it\/wp-content\/uploads\/archeoparc-schnalstal-18055-162x162.jpg\" width=162 height=162 title=\"Er\u00f6ffnung der Ausstellung \u0084Birkenteer und L\u00e4rchenterpentin. Die Gewinnung und Verarbeitung von Sekund\u00e4rprodukten aus dem Wald fr\u00fcher und heute.\u0093&lt;br \/&gt;Inaugurazione della mostra \u0084Pece e trementina. L\u0092uso dei prodotti secondari degli alberi dalla preistoria ad oggi.\u0093&lt;br \/&gt;Exhibition on secondary products of the forest and on how humans used them since prehistoric times&lt;br \/&gt;&lt;br \/&gt;archeoParc Schnalstal&lt;br \/&gt;24 June 2018\" \/><\/a><div class=\"tiled-gallery-caption\">Santer Peter<\/div><\/div><div class=\"tiled-gallery-item\"><a border=\"0\" href=\"https:\/\/www.archeoparc.it\/en\/eroeffnung-der-ausstellung-%c2%84birkenteer-und-laerchenterpentin-die-gewinnung-und-verarbeitung-von-sekundaerprodukten-aus-dem-wald-frueher-und-heute-%c2%93inaugurazione-della-mostra-%c2%84pece-e-1-6\/\"><img decoding=\"async\" data-attachment-id=\"16140\" data-orig-file=\"https:\/\/www.archeoparc.it\/wp-content\/uploads\/archeoparc-schnalstal-18053.jpg\" data-orig-size=\"1200,800\" data-comments-opened=\"0\" data-image-meta=\"{&quot;aperture&quot;:&quot;0&quot;,&quot;credit&quot;:&quot;www.archeoparc.it&quot;,&quot;camera&quot;:&quot;&quot;,&quot;caption&quot;:&quot;&quot;,&quot;created_timestamp&quot;:&quot;0&quot;,&quot;copyright&quot;:&quot;Santer Peter&quot;,&quot;focal_length&quot;:&quot;0&quot;,&quot;iso&quot;:&quot;0&quot;,&quot;shutter_speed&quot;:&quot;0&quot;,&quot;title&quot;:&quot;Er\\u00f6ffnung der Ausstellung \\u0084Birkenteer und L\\u00e4rchenterpentin. Die Gewinnung und Verarbeitung von Sekund\\u00e4rprodukten aus dem Wald fr\\u00fcher und heute.\\u0093&lt;br \\\/&gt;Inaugurazione della mostra \\u0084Pece e trementina. L\\u0092uso dei prodotti secondari degli alberi dalla preistoria ad oggi.\\u0093&lt;br \\\/&gt;Exhibition on secondary products of the forest and on how humans used them since prehistoric times&lt;br \\\/&gt;&lt;br \\\/&gt;archeoParc Schnalstal&lt;br \\\/&gt;24 June 2018&quot;,&quot;orientation&quot;:&quot;0&quot;}\" data-image-title=\"Er\u00f6ffnung der Ausstellung \u0084Birkenteer und L\u00e4rchenterpentin. Die Gewinnung und Verarbeitung von Sekund\u00e4rprodukten aus dem Wald fr\u00fcher und heute.\u0093&lt;br \/&gt;Inaugurazione della mostra \u0084Pece e trementina. L\u0092uso dei prodotti secondari degli alberi dalla preistoria ad oggi.\u0093&lt;br \/&gt;Exhibition on secondary products of the forest and on how humans used them since prehistoric times&lt;br \/&gt;&lt;br \/&gt;archeoParc Schnalstal&lt;br \/&gt;24 June 2018\" data-image-description=\"&lt;p&gt;www.archeoparc.it&lt;\/p&gt;\n\" data-medium-file=\"https:\/\/www.archeoparc.it\/wp-content\/uploads\/archeoparc-schnalstal-18053-300x200.jpg\" data-large-file=\"https:\/\/www.archeoparc.it\/wp-content\/uploads\/archeoparc-schnalstal-18053-1024x683.jpg\" style=\"margin: 2px\" src=\"https:\/\/www.archeoparc.it\/wp-content\/uploads\/archeoparc-schnalstal-18053-162x162.jpg\" width=162 height=162 title=\"Er\u00f6ffnung der Ausstellung \u0084Birkenteer und L\u00e4rchenterpentin. Die Gewinnung und Verarbeitung von Sekund\u00e4rprodukten aus dem Wald fr\u00fcher und heute.\u0093&lt;br \/&gt;Inaugurazione della mostra \u0084Pece e trementina. L\u0092uso dei prodotti secondari degli alberi dalla preistoria ad oggi.\u0093&lt;br \/&gt;Exhibition on secondary products of the forest and on how humans used them since prehistoric times&lt;br \/&gt;&lt;br \/&gt;archeoParc Schnalstal&lt;br \/&gt;24 June 2018\" \/><\/a><div class=\"tiled-gallery-caption\">Santer Peter<\/div><\/div><\/div>\n","protected":false},"excerpt":{"rendered":"<p>Vernissage temporary exhibition<\/p>\n","protected":false},"author":2,"featured_media":0,"comment_status":"closed","ping_status":"closed","sticky":false,"template":"","format":"standard","meta":{"_acf_changed":false,"_tec_requires_first_save":true,"_EventAllDay":false,"_EventTimezone":"","_EventStartDate":"","_EventEndDate":"","_EventStartDateUTC":"","_EventEndDateUTC":"","_EventShowMap":false,"_EventShowMapLink":false,"_EventURL":"","_EventCost":"","_EventCostDescription":"","_EventCurrencySymbol":"","_EventCurrencyCode":"","_EventCurrencyPosition":"","_EventDateTimeSeparator":"","_EventTimeRangeSeparator":"","_EventOrganizerID":[],"_EventVenueID":[],"_OrganizerEmail":"","_OrganizerPhone":"","_OrganizerWebsite":"","_VenueAddress":"","_VenueCity":"","_VenueCountry":"","_VenueProvince":"","_VenueState":"","_VenueZip":"","_VenuePhone":"","_VenueURL":"","_VenueStateProvince":"","_VenueLat":"","_VenueLng":"","_VenueShowMap":false,"_VenueShowMapLink":false,"_tribe_blocks_recurrence_rules":"","_tribe_blocks_recurrence_description":"","_tribe_blocks_recurrence_exclusions":"","footnotes":""},"categories":[156],"tags":[],"class_list":["post-12523","post","type-post","status-publish","format-standard","hentry","category-review-en"],"acf":[],"yoast_head":"<!-- This site is optimized with the Yoast SEO plugin v27.5 - https:\/\/yoast.com\/product\/yoast-seo-wordpress\/ -->\n<title>review-ausstellungser\u00f6ffnung-2018 | archeoParc Schnalstal<\/title>\n<meta name=\"robots\" content=\"index, follow, max-snippet:-1, max-image-preview:large, max-video-preview:-1\" \/>\n<link rel=\"canonical\" href=\"https:\/\/www.archeoparc.it\/en\/2018\/12519\/\" \/>\n<meta name=\"twitter:label1\" content=\"Written by\" \/>\n\t<meta name=\"twitter:data1\" content=\"Johanna\" \/>\n<script type=\"application\/ld+json\" class=\"yoast-schema-graph\">{\"@context\":\"https:\\\/\\\/schema.org\",\"@graph\":[{\"@type\":\"Article\",\"@id\":\"https:\\\/\\\/www.archeoparc.it\\\/en\\\/2018\\\/12519\\\/#article\",\"isPartOf\":{\"@id\":\"https:\\\/\\\/www.archeoparc.it\\\/en\\\/2018\\\/12519\\\/\"},\"author\":{\"name\":\"Johanna\",\"@id\":\"https:\\\/\\\/www.archeoparc.it\\\/#\\\/schema\\\/person\\\/b3065be180d841249307ecd9726611cf\"},\"headline\":\"review-ausstellungser\u00f6ffnung-2018\",\"datePublished\":\"2018-06-27T15:31:52+00:00\",\"dateModified\":\"2018-06-27T15:36:20+00:00\",\"mainEntityOfPage\":{\"@id\":\"https:\\\/\\\/www.archeoparc.it\\\/en\\\/2018\\\/12519\\\/\"},\"wordCount\":10,\"publisher\":{\"@id\":\"https:\\\/\\\/www.archeoparc.it\\\/#organization\"},\"articleSection\":[\"Review\"],\"inLanguage\":\"en-US\"},{\"@type\":\"WebPage\",\"@id\":\"https:\\\/\\\/www.archeoparc.it\\\/en\\\/2018\\\/12519\\\/\",\"url\":\"https:\\\/\\\/www.archeoparc.it\\\/en\\\/2018\\\/12519\\\/\",\"name\":\"review-ausstellungser\u00f6ffnung-2018 | archeoParc Schnalstal\",\"isPartOf\":{\"@id\":\"https:\\\/\\\/www.archeoparc.it\\\/#website\"},\"datePublished\":\"2018-06-27T15:31:52+00:00\",\"dateModified\":\"2018-06-27T15:36:20+00:00\",\"inLanguage\":\"en-US\",\"potentialAction\":[{\"@type\":\"ReadAction\",\"target\":[\"https:\\\/\\\/www.archeoparc.it\\\/en\\\/2018\\\/12519\\\/\"]}]},{\"@type\":\"WebSite\",\"@id\":\"https:\\\/\\\/www.archeoparc.it\\\/#website\",\"url\":\"https:\\\/\\\/www.archeoparc.it\\\/\",\"name\":\"archeoParc Schnalstal\",\"description\":\"Arch\u00e4ologisches Freilichtmuseum\",\"publisher\":{\"@id\":\"https:\\\/\\\/www.archeoparc.it\\\/#organization\"},\"potentialAction\":[{\"@type\":\"SearchAction\",\"target\":{\"@type\":\"EntryPoint\",\"urlTemplate\":\"https:\\\/\\\/www.archeoparc.it\\\/?s={search_term_string}\"},\"query-input\":{\"@type\":\"PropertyValueSpecification\",\"valueRequired\":true,\"valueName\":\"search_term_string\"}}],\"inLanguage\":\"en-US\"},{\"@type\":\"Organization\",\"@id\":\"https:\\\/\\\/www.archeoparc.it\\\/#organization\",\"name\":\"archeoparc Schnalstal\",\"url\":\"https:\\\/\\\/www.archeoparc.it\\\/\",\"logo\":{\"@type\":\"ImageObject\",\"inLanguage\":\"en-US\",\"@id\":\"https:\\\/\\\/www.archeoparc.it\\\/#\\\/schema\\\/logo\\\/image\\\/\",\"url\":\"https:\\\/\\\/www.archeoparc.it\\\/wp-content\\\/uploads\\\/cropped-archeoparc_logo_sw.png\",\"contentUrl\":\"https:\\\/\\\/www.archeoparc.it\\\/wp-content\\\/uploads\\\/cropped-archeoparc_logo_sw.png\",\"width\":654,\"height\":211,\"caption\":\"archeoparc Schnalstal\"},\"image\":{\"@id\":\"https:\\\/\\\/www.archeoparc.it\\\/#\\\/schema\\\/logo\\\/image\\\/\"}},{\"@type\":\"Person\",\"@id\":\"https:\\\/\\\/www.archeoparc.it\\\/#\\\/schema\\\/person\\\/b3065be180d841249307ecd9726611cf\",\"name\":\"Johanna\",\"image\":{\"@type\":\"ImageObject\",\"inLanguage\":\"en-US\",\"@id\":\"https:\\\/\\\/secure.gravatar.com\\\/avatar\\\/d2fea4fe845dc1970d9b7702e5120165a019feaf750a97d4e682e0db17aff987?s=96&d=mm&r=g\",\"url\":\"https:\\\/\\\/secure.gravatar.com\\\/avatar\\\/d2fea4fe845dc1970d9b7702e5120165a019feaf750a97d4e682e0db17aff987?s=96&d=mm&r=g\",\"contentUrl\":\"https:\\\/\\\/secure.gravatar.com\\\/avatar\\\/d2fea4fe845dc1970d9b7702e5120165a019feaf750a97d4e682e0db17aff987?s=96&d=mm&r=g\",\"caption\":\"Johanna\"}}]}<\/script>\n<!-- \/ Yoast SEO plugin. -->","yoast_head_json":{"title":"review-ausstellungser\u00f6ffnung-2018 | archeoParc Schnalstal","robots":{"index":"index","follow":"follow","max-snippet":"max-snippet:-1","max-image-preview":"max-image-preview:large","max-video-preview":"max-video-preview:-1"},"canonical":"https:\/\/www.archeoparc.it\/en\/2018\/12519\/","twitter_misc":{"Written by":"Johanna"},"schema":{"@context":"https:\/\/schema.org","@graph":[{"@type":"Article","@id":"https:\/\/www.archeoparc.it\/en\/2018\/12519\/#article","isPartOf":{"@id":"https:\/\/www.archeoparc.it\/en\/2018\/12519\/"},"author":{"name":"Johanna","@id":"https:\/\/www.archeoparc.it\/#\/schema\/person\/b3065be180d841249307ecd9726611cf"},"headline":"review-ausstellungser\u00f6ffnung-2018","datePublished":"2018-06-27T15:31:52+00:00","dateModified":"2018-06-27T15:36:20+00:00","mainEntityOfPage":{"@id":"https:\/\/www.archeoparc.it\/en\/2018\/12519\/"},"wordCount":10,"publisher":{"@id":"https:\/\/www.archeoparc.it\/#organization"},"articleSection":["Review"],"inLanguage":"en-US"},{"@type":"WebPage","@id":"https:\/\/www.archeoparc.it\/en\/2018\/12519\/","url":"https:\/\/www.archeoparc.it\/en\/2018\/12519\/","name":"review-ausstellungser\u00f6ffnung-2018 | archeoParc Schnalstal","isPartOf":{"@id":"https:\/\/www.archeoparc.it\/#website"},"datePublished":"2018-06-27T15:31:52+00:00","dateModified":"2018-06-27T15:36:20+00:00","inLanguage":"en-US","potentialAction":[{"@type":"ReadAction","target":["https:\/\/www.archeoparc.it\/en\/2018\/12519\/"]}]},{"@type":"WebSite","@id":"https:\/\/www.archeoparc.it\/#website","url":"https:\/\/www.archeoparc.it\/","name":"archeoParc Schnalstal","description":"Arch\u00e4ologisches Freilichtmuseum","publisher":{"@id":"https:\/\/www.archeoparc.it\/#organization"},"potentialAction":[{"@type":"SearchAction","target":{"@type":"EntryPoint","urlTemplate":"https:\/\/www.archeoparc.it\/?s={search_term_string}"},"query-input":{"@type":"PropertyValueSpecification","valueRequired":true,"valueName":"search_term_string"}}],"inLanguage":"en-US"},{"@type":"Organization","@id":"https:\/\/www.archeoparc.it\/#organization","name":"archeoparc Schnalstal","url":"https:\/\/www.archeoparc.it\/","logo":{"@type":"ImageObject","inLanguage":"en-US","@id":"https:\/\/www.archeoparc.it\/#\/schema\/logo\/image\/","url":"https:\/\/www.archeoparc.it\/wp-content\/uploads\/cropped-archeoparc_logo_sw.png","contentUrl":"https:\/\/www.archeoparc.it\/wp-content\/uploads\/cropped-archeoparc_logo_sw.png","width":654,"height":211,"caption":"archeoparc Schnalstal"},"image":{"@id":"https:\/\/www.archeoparc.it\/#\/schema\/logo\/image\/"}},{"@type":"Person","@id":"https:\/\/www.archeoparc.it\/#\/schema\/person\/b3065be180d841249307ecd9726611cf","name":"Johanna","image":{"@type":"ImageObject","inLanguage":"en-US","@id":"https:\/\/secure.gravatar.com\/avatar\/d2fea4fe845dc1970d9b7702e5120165a019feaf750a97d4e682e0db17aff987?s=96&d=mm&r=g","url":"https:\/\/secure.gravatar.com\/avatar\/d2fea4fe845dc1970d9b7702e5120165a019feaf750a97d4e682e0db17aff987?s=96&d=mm&r=g","contentUrl":"https:\/\/secure.gravatar.com\/avatar\/d2fea4fe845dc1970d9b7702e5120165a019feaf750a97d4e682e0db17aff987?s=96&d=mm&r=g","caption":"Johanna"}}]}},"_links":{"self":[{"href":"https:\/\/www.archeoparc.it\/en\/wp-json\/wp\/v2\/posts\/12523","targetHints":{"allow":["GET"]}}],"collection":[{"href":"https:\/\/www.archeoparc.it\/en\/wp-json\/wp\/v2\/posts"}],"about":[{"href":"https:\/\/www.archeoparc.it\/en\/wp-json\/wp\/v2\/types\/post"}],"author":[{"embeddable":true,"href":"https:\/\/www.archeoparc.it\/en\/wp-json\/wp\/v2\/users\/2"}],"replies":[{"embeddable":true,"href":"https:\/\/www.archeoparc.it\/en\/wp-json\/wp\/v2\/comments?post=12523"}],"version-history":[{"count":0,"href":"https:\/\/www.archeoparc.it\/en\/wp-json\/wp\/v2\/posts\/12523\/revisions"}],"wp:attachment":[{"href":"https:\/\/www.archeoparc.it\/en\/wp-json\/wp\/v2\/media?parent=12523"}],"wp:term":[{"taxonomy":"category","embeddable":true,"href":"https:\/\/www.archeoparc.it\/en\/wp-json\/wp\/v2\/categories?post=12523"},{"taxonomy":"post_tag","embeddable":true,"href":"https:\/\/www.archeoparc.it\/en\/wp-json\/wp\/v2\/tags?post=12523"}],"curies":[{"name":"wp","href":"https:\/\/api.w.org\/{rel}","templated":true}]}}