{"id":7822,"date":"2016-08-22T16:49:46","date_gmt":"2016-08-22T14:49:46","guid":{"rendered":"http:\/\/www.archeoparc.it\/en\/?p=7822"},"modified":"2016-08-22T17:12:03","modified_gmt":"2016-08-22T15:12:03","slug":"mumienkongress-bozen-2016","status":"publish","type":"post","link":"https:\/\/www.archeoparc.it\/en\/2016\/mumienkongress-bozen-2016\/","title":{"rendered":"mumienkongress-bozen-2016"},"content":{"rendered":"<h2><strong>3rd Bolzano Mummy Congress<\/strong><\/h2>\n<p>On the occasion of the 25th anniversary of the discovery of \u00d6tzi the third Bolzano Mummy Congress is hosted in September 2016. Experts on the fields of medicine, archaeology, anthropology, botany and other subjects are going to exchange information concerning the current state of research about \u00d6tzi and the findings at the Tinsenjoch.<\/p>\n<p><a title=\"www.eurac.edu\" href=\"http:\/\/www.eurac.edu\/en\/research\/health\/iceman\/conferences\/Pages\/3rd-Bolzano-Mummy-Congress-oetzi-25-years-of-research.aspx#programglance\" target=\"_blank\">Bolzano Mummy Congress schedule<\/a><\/p>\n<p>The following people will speak between the 19th and 21st September in the auditorium of the EURAC in Bolzano: Albert Zink, Angelika Fleckinger, Frank Maixner, Valentina Coia, Amaury Cazenave-Gassiot, Marek Janko, Thomas Rattei, Andreas Keller, G\u00fcnther Kaufmann, Walter Leitner, Hubert Steiner, Andreas Putzer, Umberto Tecchiati, Annaluisa Pedrotti, Gerhard Sperl, Gilberto Artioli, Ivana Angelini, Caterina Canovaro, Benno Baumgarten, G\u00fcnther Kaufmann, Alex Barker, Edward Liebow, Emlyn Koster, Klaus Oeggl, James Dickson, Wolfgang M\u00fcller, Walter Kutschera, Paolo Gabrielli, Patrizia Pernter, Paul Gostner, Stephanie Panzer, Chiara Villa, Niels Lynnerup, Oliver Peschel, Alexander Horn, Ursula Wierer, Paola Salzani, Niall O&#8217;Sullivan, Carney Matheson, Manuel Lizarralde, Martin Callanan, Sandra L\u00f6sch, Amelie Alterauge, Oliver Gauert, Valeria Mattiangeli, Valentina Depellegrin, Beat Schmutz, Marco Samadelli, Ludwig Moroder, Marcello Melis, Maximilian Moser, Francesco Avanzini, Rolando F\u00fcst\u00f6s, Piero Cosi, Andrea Sandi, Frank R\u00fchli, Patrizia Pernter, Catrin Marzol. Information about the schedule and registration is available on the <a title=\"www.eurac.edu\" href=\"http:\/\/www.eurac.edu\/en\/Pages\/default.aspx\" target=\"_blank\">EURAC-Website<\/a>.<\/p>\n<p>On 20<sup>th<\/sup> September between 18:00 and 19:00 a Round Table with the topic \u00d6tzi\u2019s death is held, which engages in new conclusions to this issue. This is a public event in German language, which will be translated simultaneously. The event is concluded by an aperitif between 19:00 and 20:30.<\/p>\n<p>The Bolzano Mummy Congress was created seven years ago by the <a title=\"www.eurac.edu\" href=\"http:\/\/www.eurac.edu\/en\/research\/health\/iceman\/Pages\/default.aspx\" target=\"_blank\">Institute for Mummies and the Iceman<\/a> of the EURAC Bolzano. The third edition is organized by the EURAC in cooperation with the <a title=\"www.iceman.it\" href=\"http:\/\/www.iceman.it\/en\" target=\"_blank\">South Tyrol Museum of Archaeology<\/a>.<\/p>\n","protected":false},"excerpt":{"rendered":"<p>3rd Bolzano Mummy Congress On the occasion of the 25th anniversary of the discovery of \u00d6tzi the third Bolzano Mummy Congress is hosted in September 2016. Experts on the fields [&hellip;]<\/p>\n","protected":false},"author":2,"featured_media":0,"comment_status":"closed","ping_status":"closed","sticky":false,"template":"","format":"standard","meta":{"_acf_changed":false,"_tec_requires_first_save":true,"_EventAllDay":false,"_EventTimezone":"","_EventStartDate":"","_EventEndDate":"","_EventStartDateUTC":"","_EventEndDateUTC":"","_EventShowMap":false,"_EventShowMapLink":false,"_EventURL":"","_EventCost":"","_EventCostDescription":"","_EventCurrencySymbol":"","_EventCurrencyCode":"","_EventCurrencyPosition":"","_EventDateTimeSeparator":"","_EventTimeRangeSeparator":"","_EventOrganizerID":[],"_EventVenueID":[],"_OrganizerEmail":"","_OrganizerPhone":"","_OrganizerWebsite":"","_VenueAddress":"","_VenueCity":"","_VenueCountry":"","_VenueProvince":"","_VenueState":"","_VenueZip":"","_VenuePhone":"","_VenueURL":"","_VenueStateProvince":"","_VenueLat":"","_VenueLng":"","_VenueShowMap":false,"_VenueShowMapLink":false,"_tribe_blocks_recurrence_rules":"","_tribe_blocks_recurrence_description":"","_tribe_blocks_recurrence_exclusions":"","footnotes":""},"categories":[184],"tags":[],"class_list":["post-7822","post","type-post","status-publish","format-standard","hentry","category-recomended-for-you"],"acf":[],"yoast_head":"<!-- This site is optimized with the Yoast SEO plugin v27.5 - https:\/\/yoast.com\/product\/yoast-seo-wordpress\/ -->\n<title>mumienkongress-bozen-2016 | archeoParc Schnalstal<\/title>\n<meta name=\"robots\" content=\"index, follow, max-snippet:-1, max-image-preview:large, max-video-preview:-1\" \/>\n<link rel=\"canonical\" href=\"https:\/\/www.archeoparc.it\/en\/2016\/mumienkongress-bozen-2016\/\" \/>\n<meta name=\"twitter:label1\" content=\"Written by\" \/>\n\t<meta name=\"twitter:data1\" content=\"Johanna\" \/>\n\t<meta name=\"twitter:label2\" content=\"Est. reading time\" \/>\n\t<meta name=\"twitter:data2\" content=\"1 minute\" \/>\n<script type=\"application\/ld+json\" class=\"yoast-schema-graph\">{\"@context\":\"https:\\\/\\\/schema.org\",\"@graph\":[{\"@type\":\"Article\",\"@id\":\"https:\\\/\\\/www.archeoparc.it\\\/en\\\/2016\\\/mumienkongress-bozen-2016\\\/#article\",\"isPartOf\":{\"@id\":\"https:\\\/\\\/www.archeoparc.it\\\/en\\\/2016\\\/mumienkongress-bozen-2016\\\/\"},\"author\":{\"name\":\"Johanna\",\"@id\":\"https:\\\/\\\/www.archeoparc.it\\\/#\\\/schema\\\/person\\\/b3065be180d841249307ecd9726611cf\"},\"headline\":\"mumienkongress-bozen-2016\",\"datePublished\":\"2016-08-22T14:49:46+00:00\",\"dateModified\":\"2016-08-22T15:12:03+00:00\",\"mainEntityOfPage\":{\"@id\":\"https:\\\/\\\/www.archeoparc.it\\\/en\\\/2016\\\/mumienkongress-bozen-2016\\\/\"},\"wordCount\":299,\"publisher\":{\"@id\":\"https:\\\/\\\/www.archeoparc.it\\\/#organization\"},\"articleSection\":[\"Recomended for you\"],\"inLanguage\":\"en-US\"},{\"@type\":\"WebPage\",\"@id\":\"https:\\\/\\\/www.archeoparc.it\\\/en\\\/2016\\\/mumienkongress-bozen-2016\\\/\",\"url\":\"https:\\\/\\\/www.archeoparc.it\\\/en\\\/2016\\\/mumienkongress-bozen-2016\\\/\",\"name\":\"mumienkongress-bozen-2016 | archeoParc Schnalstal\",\"isPartOf\":{\"@id\":\"https:\\\/\\\/www.archeoparc.it\\\/#website\"},\"datePublished\":\"2016-08-22T14:49:46+00:00\",\"dateModified\":\"2016-08-22T15:12:03+00:00\",\"inLanguage\":\"en-US\",\"potentialAction\":[{\"@type\":\"ReadAction\",\"target\":[\"https:\\\/\\\/www.archeoparc.it\\\/en\\\/2016\\\/mumienkongress-bozen-2016\\\/\"]}]},{\"@type\":\"WebSite\",\"@id\":\"https:\\\/\\\/www.archeoparc.it\\\/#website\",\"url\":\"https:\\\/\\\/www.archeoparc.it\\\/\",\"name\":\"archeoParc Schnalstal\",\"description\":\"Arch\u00e4ologisches Freilichtmuseum\",\"publisher\":{\"@id\":\"https:\\\/\\\/www.archeoparc.it\\\/#organization\"},\"potentialAction\":[{\"@type\":\"SearchAction\",\"target\":{\"@type\":\"EntryPoint\",\"urlTemplate\":\"https:\\\/\\\/www.archeoparc.it\\\/?s={search_term_string}\"},\"query-input\":{\"@type\":\"PropertyValueSpecification\",\"valueRequired\":true,\"valueName\":\"search_term_string\"}}],\"inLanguage\":\"en-US\"},{\"@type\":\"Organization\",\"@id\":\"https:\\\/\\\/www.archeoparc.it\\\/#organization\",\"name\":\"archeoparc Schnalstal\",\"url\":\"https:\\\/\\\/www.archeoparc.it\\\/\",\"logo\":{\"@type\":\"ImageObject\",\"inLanguage\":\"en-US\",\"@id\":\"https:\\\/\\\/www.archeoparc.it\\\/#\\\/schema\\\/logo\\\/image\\\/\",\"url\":\"https:\\\/\\\/www.archeoparc.it\\\/wp-content\\\/uploads\\\/cropped-archeoparc_logo_sw.png\",\"contentUrl\":\"https:\\\/\\\/www.archeoparc.it\\\/wp-content\\\/uploads\\\/cropped-archeoparc_logo_sw.png\",\"width\":654,\"height\":211,\"caption\":\"archeoparc Schnalstal\"},\"image\":{\"@id\":\"https:\\\/\\\/www.archeoparc.it\\\/#\\\/schema\\\/logo\\\/image\\\/\"}},{\"@type\":\"Person\",\"@id\":\"https:\\\/\\\/www.archeoparc.it\\\/#\\\/schema\\\/person\\\/b3065be180d841249307ecd9726611cf\",\"name\":\"Johanna\",\"image\":{\"@type\":\"ImageObject\",\"inLanguage\":\"en-US\",\"@id\":\"https:\\\/\\\/secure.gravatar.com\\\/avatar\\\/d2fea4fe845dc1970d9b7702e5120165a019feaf750a97d4e682e0db17aff987?s=96&d=mm&r=g\",\"url\":\"https:\\\/\\\/secure.gravatar.com\\\/avatar\\\/d2fea4fe845dc1970d9b7702e5120165a019feaf750a97d4e682e0db17aff987?s=96&d=mm&r=g\",\"contentUrl\":\"https:\\\/\\\/secure.gravatar.com\\\/avatar\\\/d2fea4fe845dc1970d9b7702e5120165a019feaf750a97d4e682e0db17aff987?s=96&d=mm&r=g\",\"caption\":\"Johanna\"}}]}<\/script>\n<!-- \/ Yoast SEO plugin. -->","yoast_head_json":{"title":"mumienkongress-bozen-2016 | archeoParc Schnalstal","robots":{"index":"index","follow":"follow","max-snippet":"max-snippet:-1","max-image-preview":"max-image-preview:large","max-video-preview":"max-video-preview:-1"},"canonical":"https:\/\/www.archeoparc.it\/en\/2016\/mumienkongress-bozen-2016\/","twitter_misc":{"Written by":"Johanna","Est. reading time":"1 minute"},"schema":{"@context":"https:\/\/schema.org","@graph":[{"@type":"Article","@id":"https:\/\/www.archeoparc.it\/en\/2016\/mumienkongress-bozen-2016\/#article","isPartOf":{"@id":"https:\/\/www.archeoparc.it\/en\/2016\/mumienkongress-bozen-2016\/"},"author":{"name":"Johanna","@id":"https:\/\/www.archeoparc.it\/#\/schema\/person\/b3065be180d841249307ecd9726611cf"},"headline":"mumienkongress-bozen-2016","datePublished":"2016-08-22T14:49:46+00:00","dateModified":"2016-08-22T15:12:03+00:00","mainEntityOfPage":{"@id":"https:\/\/www.archeoparc.it\/en\/2016\/mumienkongress-bozen-2016\/"},"wordCount":299,"publisher":{"@id":"https:\/\/www.archeoparc.it\/#organization"},"articleSection":["Recomended for you"],"inLanguage":"en-US"},{"@type":"WebPage","@id":"https:\/\/www.archeoparc.it\/en\/2016\/mumienkongress-bozen-2016\/","url":"https:\/\/www.archeoparc.it\/en\/2016\/mumienkongress-bozen-2016\/","name":"mumienkongress-bozen-2016 | archeoParc Schnalstal","isPartOf":{"@id":"https:\/\/www.archeoparc.it\/#website"},"datePublished":"2016-08-22T14:49:46+00:00","dateModified":"2016-08-22T15:12:03+00:00","inLanguage":"en-US","potentialAction":[{"@type":"ReadAction","target":["https:\/\/www.archeoparc.it\/en\/2016\/mumienkongress-bozen-2016\/"]}]},{"@type":"WebSite","@id":"https:\/\/www.archeoparc.it\/#website","url":"https:\/\/www.archeoparc.it\/","name":"archeoParc Schnalstal","description":"Arch\u00e4ologisches Freilichtmuseum","publisher":{"@id":"https:\/\/www.archeoparc.it\/#organization"},"potentialAction":[{"@type":"SearchAction","target":{"@type":"EntryPoint","urlTemplate":"https:\/\/www.archeoparc.it\/?s={search_term_string}"},"query-input":{"@type":"PropertyValueSpecification","valueRequired":true,"valueName":"search_term_string"}}],"inLanguage":"en-US"},{"@type":"Organization","@id":"https:\/\/www.archeoparc.it\/#organization","name":"archeoparc Schnalstal","url":"https:\/\/www.archeoparc.it\/","logo":{"@type":"ImageObject","inLanguage":"en-US","@id":"https:\/\/www.archeoparc.it\/#\/schema\/logo\/image\/","url":"https:\/\/www.archeoparc.it\/wp-content\/uploads\/cropped-archeoparc_logo_sw.png","contentUrl":"https:\/\/www.archeoparc.it\/wp-content\/uploads\/cropped-archeoparc_logo_sw.png","width":654,"height":211,"caption":"archeoparc Schnalstal"},"image":{"@id":"https:\/\/www.archeoparc.it\/#\/schema\/logo\/image\/"}},{"@type":"Person","@id":"https:\/\/www.archeoparc.it\/#\/schema\/person\/b3065be180d841249307ecd9726611cf","name":"Johanna","image":{"@type":"ImageObject","inLanguage":"en-US","@id":"https:\/\/secure.gravatar.com\/avatar\/d2fea4fe845dc1970d9b7702e5120165a019feaf750a97d4e682e0db17aff987?s=96&d=mm&r=g","url":"https:\/\/secure.gravatar.com\/avatar\/d2fea4fe845dc1970d9b7702e5120165a019feaf750a97d4e682e0db17aff987?s=96&d=mm&r=g","contentUrl":"https:\/\/secure.gravatar.com\/avatar\/d2fea4fe845dc1970d9b7702e5120165a019feaf750a97d4e682e0db17aff987?s=96&d=mm&r=g","caption":"Johanna"}}]}},"_links":{"self":[{"href":"https:\/\/www.archeoparc.it\/en\/wp-json\/wp\/v2\/posts\/7822","targetHints":{"allow":["GET"]}}],"collection":[{"href":"https:\/\/www.archeoparc.it\/en\/wp-json\/wp\/v2\/posts"}],"about":[{"href":"https:\/\/www.archeoparc.it\/en\/wp-json\/wp\/v2\/types\/post"}],"author":[{"embeddable":true,"href":"https:\/\/www.archeoparc.it\/en\/wp-json\/wp\/v2\/users\/2"}],"replies":[{"embeddable":true,"href":"https:\/\/www.archeoparc.it\/en\/wp-json\/wp\/v2\/comments?post=7822"}],"version-history":[{"count":0,"href":"https:\/\/www.archeoparc.it\/en\/wp-json\/wp\/v2\/posts\/7822\/revisions"}],"wp:attachment":[{"href":"https:\/\/www.archeoparc.it\/en\/wp-json\/wp\/v2\/media?parent=7822"}],"wp:term":[{"taxonomy":"category","embeddable":true,"href":"https:\/\/www.archeoparc.it\/en\/wp-json\/wp\/v2\/categories?post=7822"},{"taxonomy":"post_tag","embeddable":true,"href":"https:\/\/www.archeoparc.it\/en\/wp-json\/wp\/v2\/tags?post=7822"}],"curies":[{"name":"wp","href":"https:\/\/api.w.org\/{rel}","templated":true}]}}