{"id":30713,"date":"2021-06-28T15:46:44","date_gmt":"2021-06-28T13:46:44","guid":{"rendered":"https:\/\/www.archeoparc.it\/?p=30713"},"modified":"2021-06-28T16:58:31","modified_gmt":"2021-06-28T14:58:31","slug":"21-kindersommer-beginn","status":"publish","type":"post","link":"https:\/\/www.archeoparc.it\/it\/2021\/21-kindersommer-beginn\/","title":{"rendered":"21-kindersommer-beginn"},"content":{"rendered":"<h2>Parte il grest estivo all&#8217;archeoParc<\/h2>\n<figure id=\"attachment_16177\" aria-describedby=\"caption-attachment-16177\" style=\"width: 734px\" class=\"wp-caption alignnone\"><a href=\"https:\/\/www.archeoparc.it\/wp-content\/uploads\/archeoparc-schnalstal-press-18013.jpg\"><img loading=\"lazy\" decoding=\"async\" class=\"wp-image-16177 size-large\" src=\"https:\/\/www.archeoparc.it\/wp-content\/uploads\/archeoparc-schnalstal-press-18013-1024x683.jpg\" alt=\"\" width=\"734\" height=\"490\" srcset=\"https:\/\/www.archeoparc.it\/wp-content\/uploads\/archeoparc-schnalstal-press-18013-1024x683.jpg 1024w, https:\/\/www.archeoparc.it\/wp-content\/uploads\/archeoparc-schnalstal-press-18013-300x200.jpg 300w, https:\/\/www.archeoparc.it\/wp-content\/uploads\/archeoparc-schnalstal-press-18013-676x451.jpg 676w\" sizes=\"auto, (max-width: 734px) 100vw, 734px\" \/><\/a><figcaption id=\"caption-attachment-16177\" class=\"wp-caption-text\">Provinz Bozen, photo: Karin Leiter<\/figcaption><\/figure>\n<p>Il 5 luglio parte la prima settimana di grest nell&#8217;area all&#8217;aperto dell&#8217;archeoParc! L&#8217;ultima settimana inizia il 9 agosto. Accompagnaci anche tu sulle orme di \u00d6tzi! \u00c8 possibile iscriversi settimanalmente (entro gioved\u00ec della settimana precedente).<\/p>\n<p><a href=\"https:\/\/www.archeoparc.it\/kindersommer21\">Informazione e modulo d&#8217;iscrizione<\/a><\/p>\n","protected":false},"excerpt":{"rendered":"<p>Parte il grest estivo all&#8217;archeoParc Il 5 luglio parte la prima settimana di grest nell&#8217;area all&#8217;aperto dell&#8217;archeoParc! L&#8217;ultima settimana inizia il 9 agosto. Accompagnaci anche tu sulle orme di \u00d6tzi! [&hellip;]<\/p>\n","protected":false},"author":2,"featured_media":0,"comment_status":"closed","ping_status":"closed","sticky":false,"template":"","format":"standard","meta":{"_acf_changed":false,"_tec_requires_first_save":true,"_EventAllDay":false,"_EventTimezone":"","_EventStartDate":"","_EventEndDate":"","_EventStartDateUTC":"","_EventEndDateUTC":"","_EventShowMap":false,"_EventShowMapLink":false,"_EventURL":"","_EventCost":"","_EventCostDescription":"","_EventCurrencySymbol":"","_EventCurrencyCode":"","_EventCurrencyPosition":"","_EventDateTimeSeparator":"","_EventTimeRangeSeparator":"","_EventOrganizerID":[],"_EventVenueID":[],"_OrganizerEmail":"","_OrganizerPhone":"","_OrganizerWebsite":"","_VenueAddress":"","_VenueCity":"","_VenueCountry":"","_VenueProvince":"","_VenueState":"","_VenueZip":"","_VenuePhone":"","_VenueURL":"","_VenueStateProvince":"","_VenueLat":"","_VenueLng":"","_VenueShowMap":false,"_VenueShowMapLink":false,"_tribe_blocks_recurrence_rules":"","_tribe_blocks_recurrence_description":"","_tribe_blocks_recurrence_exclusions":"","footnotes":""},"categories":[155],"tags":[],"class_list":["post-30713","post","type-post","status-publish","format-standard","hentry","category-coming-soon-it"],"acf":[],"yoast_head":"<!-- This site is optimized with the Yoast SEO plugin v27.5 - https:\/\/yoast.com\/product\/yoast-seo-wordpress\/ -->\n<title>21-kindersommer-beginn | archeoParc Schnalstal<\/title>\n<meta name=\"robots\" content=\"index, follow, max-snippet:-1, max-image-preview:large, max-video-preview:-1\" \/>\n<link rel=\"canonical\" href=\"https:\/\/www.archeoparc.it\/it\/2021\/21-kindersommer-beginn\/\" \/>\n<meta name=\"twitter:label1\" content=\"Scritto da\" \/>\n\t<meta name=\"twitter:data1\" content=\"Johanna\" \/>\n\t<meta name=\"twitter:label2\" content=\"Tempo di lettura stimato\" \/>\n\t<meta name=\"twitter:data2\" content=\"1 minuto\" \/>\n<script type=\"application\/ld+json\" class=\"yoast-schema-graph\">{\"@context\":\"https:\\\/\\\/schema.org\",\"@graph\":[{\"@type\":\"Article\",\"@id\":\"https:\\\/\\\/www.archeoparc.it\\\/it\\\/2021\\\/21-kindersommer-beginn\\\/#article\",\"isPartOf\":{\"@id\":\"https:\\\/\\\/www.archeoparc.it\\\/it\\\/2021\\\/21-kindersommer-beginn\\\/\"},\"author\":{\"name\":\"Johanna\",\"@id\":\"https:\\\/\\\/www.archeoparc.it\\\/#\\\/schema\\\/person\\\/b3065be180d841249307ecd9726611cf\"},\"headline\":\"21-kindersommer-beginn\",\"datePublished\":\"2021-06-28T13:46:44+00:00\",\"dateModified\":\"2021-06-28T14:58:31+00:00\",\"mainEntityOfPage\":{\"@id\":\"https:\\\/\\\/www.archeoparc.it\\\/it\\\/2021\\\/21-kindersommer-beginn\\\/\"},\"wordCount\":59,\"publisher\":{\"@id\":\"https:\\\/\\\/www.archeoparc.it\\\/#organization\"},\"image\":{\"@id\":\"https:\\\/\\\/www.archeoparc.it\\\/it\\\/2021\\\/21-kindersommer-beginn\\\/#primaryimage\"},\"thumbnailUrl\":\"https:\\\/\\\/www.archeoparc.it\\\/wp-content\\\/uploads\\\/archeoparc-schnalstal-press-18013-1024x683.jpg\",\"articleSection\":[\"Coming soon\"],\"inLanguage\":\"it-IT\"},{\"@type\":\"WebPage\",\"@id\":\"https:\\\/\\\/www.archeoparc.it\\\/it\\\/2021\\\/21-kindersommer-beginn\\\/\",\"url\":\"https:\\\/\\\/www.archeoparc.it\\\/it\\\/2021\\\/21-kindersommer-beginn\\\/\",\"name\":\"21-kindersommer-beginn | archeoParc Schnalstal\",\"isPartOf\":{\"@id\":\"https:\\\/\\\/www.archeoparc.it\\\/#website\"},\"primaryImageOfPage\":{\"@id\":\"https:\\\/\\\/www.archeoparc.it\\\/it\\\/2021\\\/21-kindersommer-beginn\\\/#primaryimage\"},\"image\":{\"@id\":\"https:\\\/\\\/www.archeoparc.it\\\/it\\\/2021\\\/21-kindersommer-beginn\\\/#primaryimage\"},\"thumbnailUrl\":\"https:\\\/\\\/www.archeoparc.it\\\/wp-content\\\/uploads\\\/archeoparc-schnalstal-press-18013-1024x683.jpg\",\"datePublished\":\"2021-06-28T13:46:44+00:00\",\"dateModified\":\"2021-06-28T14:58:31+00:00\",\"inLanguage\":\"it-IT\",\"potentialAction\":[{\"@type\":\"ReadAction\",\"target\":[\"https:\\\/\\\/www.archeoparc.it\\\/it\\\/2021\\\/21-kindersommer-beginn\\\/\"]}]},{\"@type\":\"ImageObject\",\"inLanguage\":\"it-IT\",\"@id\":\"https:\\\/\\\/www.archeoparc.it\\\/it\\\/2021\\\/21-kindersommer-beginn\\\/#primaryimage\",\"url\":\"https:\\\/\\\/www.archeoparc.it\\\/wp-content\\\/uploads\\\/archeoparc-schnalstal-press-18013-1024x683.jpg\",\"contentUrl\":\"https:\\\/\\\/www.archeoparc.it\\\/wp-content\\\/uploads\\\/archeoparc-schnalstal-press-18013-1024x683.jpg\"},{\"@type\":\"WebSite\",\"@id\":\"https:\\\/\\\/www.archeoparc.it\\\/#website\",\"url\":\"https:\\\/\\\/www.archeoparc.it\\\/\",\"name\":\"archeoParc Schnalstal\",\"description\":\"Arch\u00e4ologisches Freilichtmuseum\",\"publisher\":{\"@id\":\"https:\\\/\\\/www.archeoparc.it\\\/#organization\"},\"potentialAction\":[{\"@type\":\"SearchAction\",\"target\":{\"@type\":\"EntryPoint\",\"urlTemplate\":\"https:\\\/\\\/www.archeoparc.it\\\/?s={search_term_string}\"},\"query-input\":{\"@type\":\"PropertyValueSpecification\",\"valueRequired\":true,\"valueName\":\"search_term_string\"}}],\"inLanguage\":\"it-IT\"},{\"@type\":\"Organization\",\"@id\":\"https:\\\/\\\/www.archeoparc.it\\\/#organization\",\"name\":\"archeoparc Schnalstal\",\"url\":\"https:\\\/\\\/www.archeoparc.it\\\/\",\"logo\":{\"@type\":\"ImageObject\",\"inLanguage\":\"it-IT\",\"@id\":\"https:\\\/\\\/www.archeoparc.it\\\/#\\\/schema\\\/logo\\\/image\\\/\",\"url\":\"https:\\\/\\\/www.archeoparc.it\\\/wp-content\\\/uploads\\\/cropped-archeoparc_logo_sw.png\",\"contentUrl\":\"https:\\\/\\\/www.archeoparc.it\\\/wp-content\\\/uploads\\\/cropped-archeoparc_logo_sw.png\",\"width\":654,\"height\":211,\"caption\":\"archeoparc Schnalstal\"},\"image\":{\"@id\":\"https:\\\/\\\/www.archeoparc.it\\\/#\\\/schema\\\/logo\\\/image\\\/\"}},{\"@type\":\"Person\",\"@id\":\"https:\\\/\\\/www.archeoparc.it\\\/#\\\/schema\\\/person\\\/b3065be180d841249307ecd9726611cf\",\"name\":\"Johanna\",\"image\":{\"@type\":\"ImageObject\",\"inLanguage\":\"it-IT\",\"@id\":\"https:\\\/\\\/secure.gravatar.com\\\/avatar\\\/d2fea4fe845dc1970d9b7702e5120165a019feaf750a97d4e682e0db17aff987?s=96&d=mm&r=g\",\"url\":\"https:\\\/\\\/secure.gravatar.com\\\/avatar\\\/d2fea4fe845dc1970d9b7702e5120165a019feaf750a97d4e682e0db17aff987?s=96&d=mm&r=g\",\"contentUrl\":\"https:\\\/\\\/secure.gravatar.com\\\/avatar\\\/d2fea4fe845dc1970d9b7702e5120165a019feaf750a97d4e682e0db17aff987?s=96&d=mm&r=g\",\"caption\":\"Johanna\"}}]}<\/script>\n<!-- \/ Yoast SEO plugin. -->","yoast_head_json":{"title":"21-kindersommer-beginn | archeoParc Schnalstal","robots":{"index":"index","follow":"follow","max-snippet":"max-snippet:-1","max-image-preview":"max-image-preview:large","max-video-preview":"max-video-preview:-1"},"canonical":"https:\/\/www.archeoparc.it\/it\/2021\/21-kindersommer-beginn\/","twitter_misc":{"Scritto da":"Johanna","Tempo di lettura stimato":"1 minuto"},"schema":{"@context":"https:\/\/schema.org","@graph":[{"@type":"Article","@id":"https:\/\/www.archeoparc.it\/it\/2021\/21-kindersommer-beginn\/#article","isPartOf":{"@id":"https:\/\/www.archeoparc.it\/it\/2021\/21-kindersommer-beginn\/"},"author":{"name":"Johanna","@id":"https:\/\/www.archeoparc.it\/#\/schema\/person\/b3065be180d841249307ecd9726611cf"},"headline":"21-kindersommer-beginn","datePublished":"2021-06-28T13:46:44+00:00","dateModified":"2021-06-28T14:58:31+00:00","mainEntityOfPage":{"@id":"https:\/\/www.archeoparc.it\/it\/2021\/21-kindersommer-beginn\/"},"wordCount":59,"publisher":{"@id":"https:\/\/www.archeoparc.it\/#organization"},"image":{"@id":"https:\/\/www.archeoparc.it\/it\/2021\/21-kindersommer-beginn\/#primaryimage"},"thumbnailUrl":"https:\/\/www.archeoparc.it\/wp-content\/uploads\/archeoparc-schnalstal-press-18013-1024x683.jpg","articleSection":["Coming soon"],"inLanguage":"it-IT"},{"@type":"WebPage","@id":"https:\/\/www.archeoparc.it\/it\/2021\/21-kindersommer-beginn\/","url":"https:\/\/www.archeoparc.it\/it\/2021\/21-kindersommer-beginn\/","name":"21-kindersommer-beginn | archeoParc Schnalstal","isPartOf":{"@id":"https:\/\/www.archeoparc.it\/#website"},"primaryImageOfPage":{"@id":"https:\/\/www.archeoparc.it\/it\/2021\/21-kindersommer-beginn\/#primaryimage"},"image":{"@id":"https:\/\/www.archeoparc.it\/it\/2021\/21-kindersommer-beginn\/#primaryimage"},"thumbnailUrl":"https:\/\/www.archeoparc.it\/wp-content\/uploads\/archeoparc-schnalstal-press-18013-1024x683.jpg","datePublished":"2021-06-28T13:46:44+00:00","dateModified":"2021-06-28T14:58:31+00:00","inLanguage":"it-IT","potentialAction":[{"@type":"ReadAction","target":["https:\/\/www.archeoparc.it\/it\/2021\/21-kindersommer-beginn\/"]}]},{"@type":"ImageObject","inLanguage":"it-IT","@id":"https:\/\/www.archeoparc.it\/it\/2021\/21-kindersommer-beginn\/#primaryimage","url":"https:\/\/www.archeoparc.it\/wp-content\/uploads\/archeoparc-schnalstal-press-18013-1024x683.jpg","contentUrl":"https:\/\/www.archeoparc.it\/wp-content\/uploads\/archeoparc-schnalstal-press-18013-1024x683.jpg"},{"@type":"WebSite","@id":"https:\/\/www.archeoparc.it\/#website","url":"https:\/\/www.archeoparc.it\/","name":"archeoParc Schnalstal","description":"Arch\u00e4ologisches Freilichtmuseum","publisher":{"@id":"https:\/\/www.archeoparc.it\/#organization"},"potentialAction":[{"@type":"SearchAction","target":{"@type":"EntryPoint","urlTemplate":"https:\/\/www.archeoparc.it\/?s={search_term_string}"},"query-input":{"@type":"PropertyValueSpecification","valueRequired":true,"valueName":"search_term_string"}}],"inLanguage":"it-IT"},{"@type":"Organization","@id":"https:\/\/www.archeoparc.it\/#organization","name":"archeoparc Schnalstal","url":"https:\/\/www.archeoparc.it\/","logo":{"@type":"ImageObject","inLanguage":"it-IT","@id":"https:\/\/www.archeoparc.it\/#\/schema\/logo\/image\/","url":"https:\/\/www.archeoparc.it\/wp-content\/uploads\/cropped-archeoparc_logo_sw.png","contentUrl":"https:\/\/www.archeoparc.it\/wp-content\/uploads\/cropped-archeoparc_logo_sw.png","width":654,"height":211,"caption":"archeoparc Schnalstal"},"image":{"@id":"https:\/\/www.archeoparc.it\/#\/schema\/logo\/image\/"}},{"@type":"Person","@id":"https:\/\/www.archeoparc.it\/#\/schema\/person\/b3065be180d841249307ecd9726611cf","name":"Johanna","image":{"@type":"ImageObject","inLanguage":"it-IT","@id":"https:\/\/secure.gravatar.com\/avatar\/d2fea4fe845dc1970d9b7702e5120165a019feaf750a97d4e682e0db17aff987?s=96&d=mm&r=g","url":"https:\/\/secure.gravatar.com\/avatar\/d2fea4fe845dc1970d9b7702e5120165a019feaf750a97d4e682e0db17aff987?s=96&d=mm&r=g","contentUrl":"https:\/\/secure.gravatar.com\/avatar\/d2fea4fe845dc1970d9b7702e5120165a019feaf750a97d4e682e0db17aff987?s=96&d=mm&r=g","caption":"Johanna"}}]}},"_links":{"self":[{"href":"https:\/\/www.archeoparc.it\/it\/wp-json\/wp\/v2\/posts\/30713","targetHints":{"allow":["GET"]}}],"collection":[{"href":"https:\/\/www.archeoparc.it\/it\/wp-json\/wp\/v2\/posts"}],"about":[{"href":"https:\/\/www.archeoparc.it\/it\/wp-json\/wp\/v2\/types\/post"}],"author":[{"embeddable":true,"href":"https:\/\/www.archeoparc.it\/it\/wp-json\/wp\/v2\/users\/2"}],"replies":[{"embeddable":true,"href":"https:\/\/www.archeoparc.it\/it\/wp-json\/wp\/v2\/comments?post=30713"}],"version-history":[{"count":5,"href":"https:\/\/www.archeoparc.it\/it\/wp-json\/wp\/v2\/posts\/30713\/revisions"}],"predecessor-version":[{"id":30724,"href":"https:\/\/www.archeoparc.it\/it\/wp-json\/wp\/v2\/posts\/30713\/revisions\/30724"}],"wp:attachment":[{"href":"https:\/\/www.archeoparc.it\/it\/wp-json\/wp\/v2\/media?parent=30713"}],"wp:term":[{"taxonomy":"category","embeddable":true,"href":"https:\/\/www.archeoparc.it\/it\/wp-json\/wp\/v2\/categories?post=30713"},{"taxonomy":"post_tag","embeddable":true,"href":"https:\/\/www.archeoparc.it\/it\/wp-json\/wp\/v2\/tags?post=30713"}],"curies":[{"name":"wp","href":"https:\/\/api.w.org\/{rel}","templated":true}]}}