{"id":31544,"date":"2021-09-16T15:53:17","date_gmt":"2021-09-16T13:53:17","guid":{"rendered":"https:\/\/www.archeoparc.it\/?p=31544"},"modified":"2021-09-24T15:06:51","modified_gmt":"2021-09-24T13:06:51","slug":"21-jubilaeum-20-jahre-2","status":"publish","type":"post","link":"https:\/\/www.archeoparc.it\/it\/2021\/21-jubilaeum-20-jahre-2\/","title":{"rendered":"21-jubil\u00e4um-20-jahre"},"content":{"rendered":"<h2>20 anni di archeoParc<\/h2>\n<figure id=\"attachment_31506\" aria-describedby=\"caption-attachment-31506\" style=\"width: 734px\" class=\"wp-caption alignnone\"><a href=\"https:\/\/www.archeoparc.it\/wp-content\/uploads\/archeoparc-schnalstal-21032.jpg\"><img loading=\"lazy\" decoding=\"async\" class=\"wp-image-31506 size-large\" src=\"https:\/\/www.archeoparc.it\/wp-content\/uploads\/archeoparc-schnalstal-21032-1024x768.jpg\" alt=\"Feier des zwanzigj\u00e4hrigen Bestehens im archeoParc Schnalstal mit Jubil\u00e4umsgeb\u00e4ck &lt;br\/&gt; Festa in occasione del ventennale dell\u2019inaugurazione dell\u2019archeoParc Val Senales con pasticcini d\u2019anniversario &lt;br\/&gt; archeoParc celebrating it\u2019s 20th anniversary &lt;br\/&gt;f.l.t.r. Johanna Niederkofler, Karl Josef Rainer, Otto Rainer Sonja Santer; Benjamin Santer, Gerhard M\u00fcller&lt;br\/&gt;&lt;br\/&gt;September 2021\" width=\"734\" height=\"551\" \/><\/a><figcaption id=\"caption-attachment-31506\" class=\"wp-caption-text\">archeoParc Schnalstal, photo: Ganesh G. Neumair<\/figcaption><\/figure>\n<p>Oggi festeggiamo i primi 20 anni dell\u2019archeoParc!<\/p>\n<p>Chi ha tempo e voglia di festeggiare con noi da casa, preparando un dolce con una delle nostre gustose ricette ideate appositamente per l\u2019anniversario? La ricetta di una giovane visitatrice di Meltina che ha partecipato al nostro <a title=\"\" href=\"https:\/\/www.archeoparc.it\/it\/notizie\/#30467\" target=\"_blank\" rel=\"noopener\">concorso creativo<\/a> \u00e8 stata scelta dalla giuria e stamattina, durante una piccola festa privata abbiamo assaggiato la sua gustosa creazione. \ud83d\ude42<\/p>\n<p>La ricetta pu\u00f2 essere realizzata come torta o muffins:<br \/>\n<a title=\"\" href=\"https:\/\/www.archeoparc.it\/archeoparc-oetzi-pasticcini-anniversario-muffin\" target=\"_blank\" rel=\"noopener\">Muffin ai semi di papavero con panna ai mirtilli rossi<\/a><br \/>\n<a title=\"\" href=\"https:\/\/www.archeoparc.it\/archeoparc-oetzi-pasticcini-anniversario-torta\" target=\"_blank\" rel=\"noopener\">Torta alta ai semi di papavero e mirtilli rossi<\/a><\/p>\n<p>Al nome dell&#8217;associazione museale vi\/ci auguriamo un buon autunno e inverno,<br \/>\nSonja Santer e Johanna Niederkofler<\/p>\n<div data-carousel-extra='{\"blog_id\":1,\"permalink\":\"https:\\\/\\\/www.archeoparc.it\\\/it\\\/2021\\\/21-jubilaeum-20-jahre-2\\\/\"}' class=\"tiled-gallery type-rectangular\" data-original-width=\"500\"><div class=\"gallery-row\" style=\"width: 495px; height: 245px;\"><div class=\"gallery-group images-1\" style=\"width: 330px; height: 249px;\"><div class=\"tiled-gallery-item tiled-gallery-item-large\"><a href=\"https:\/\/www.archeoparc.it\/wp-content\/uploads\/archeoparc-schnalstal-21031.jpg\"><img loading=\"lazy\" decoding=\"async\" data-attachment-id=\"31505\" data-orig-file=\"https:\/\/www.archeoparc.it\/wp-content\/uploads\/archeoparc-schnalstal-21031.jpg\" data-orig-size=\"2048,1534\" data-comments-opened=\"0\" data-image-meta=\"{&quot;aperture&quot;:&quot;9.5&quot;,&quot;credit&quot;:&quot;www.archeoparc.it&quot;,&quot;camera&quot;:&quot;Hasselblad X1D&quot;,&quot;caption&quot;:&quot;&quot;,&quot;created_timestamp&quot;:&quot;0&quot;,&quot;copyright&quot;:&quot;archeoParc Schnalstal, photo: Ganesh G. Neumair&quot;,&quot;focal_length&quot;:&quot;90&quot;,&quot;iso&quot;:&quot;400&quot;,&quot;shutter_speed&quot;:&quot;0.00625&quot;,&quot;title&quot;:&quot;Feier des zwanzigj\\u00e4hrigen Bestehens im archeoParc Schnalstal mit Jubil\\u00e4umsgeb\\u00e4ck &lt;br \\\/&gt; Festa in occasione del ventennale dell\\u2019inaugurazione dell\\u2019archeoParc Val Senales con pasticcini d\\u2019anniversario &lt;br \\\/&gt; archeoParc celebrating it\\u2019s 20th anniversary &lt;br \\\/&gt;f.l.t.r. Karl Josef Rainer, Benjamin Santer, Sonja Santer, Gerhard M\\u00fcller, Johanna Niederkofler, Otto Rainer&lt;br \\\/&gt;&lt;br \\\/&gt;September 2021&quot;,&quot;orientation&quot;:&quot;1&quot;}\" data-image-title=\"Feier des zwanzigj\u00e4hrigen Bestehens im archeoParc Schnalstal mit Jubil\u00e4umsgeb\u00e4ck &lt;br \/&gt; Festa in occasione del ventennale dell\u2019inaugurazione dell\u2019archeoParc Val Senales con pasticcini d\u2019anniversario &lt;br \/&gt; archeoParc celebrating it\u2019s 20th anniversary &lt;br \/&gt;f.l.t.r. Karl Josef Rainer, Benjamin Santer, Sonja Santer, Gerhard M\u00fcller, Johanna Niederkofler, Otto Rainer&lt;br \/&gt;&lt;br \/&gt;September 2021\" data-image-description=\"\" data-medium-file=\"https:\/\/www.archeoparc.it\/wp-content\/uploads\/archeoparc-schnalstal-21031-300x225.jpg\" data-large-file=\"https:\/\/www.archeoparc.it\/wp-content\/uploads\/archeoparc-schnalstal-21031-1024x767.jpg\" src=\"https:\/\/www.archeoparc.it\/wp-content\/uploads\/archeoparc-schnalstal-21031-326x245.jpg\" width=\"326\" height=\"245\" align=\"left\" title=\"Feier des zwanzigj\u00e4hrigen Bestehens im archeoParc Schnalstal mit Jubil\u00e4umsgeb\u00e4ck &lt;br \/&gt; Festa in occasione del ventennale dell\u2019inaugurazione dell\u2019archeoParc Val Senales con pasticcini d\u2019anniversario &lt;br \/&gt; archeoParc celebrating it\u2019s 20th anniversary &lt;br \/&gt;f.l.t.r. Karl Josef Rainer, Benjamin Santer, Sonja Santer, Gerhard M\u00fcller, Johanna Niederkofler, Otto Rainer&lt;br \/&gt;&lt;br \/&gt;September 2021\" \/><\/a><\/div><\/div><div class=\"gallery-group images-2\" style=\"width: 165px; height: 249px;\"><div class=\"tiled-gallery-item tiled-gallery-item-small\"><a href=\"https:\/\/www.archeoparc.it\/wp-content\/uploads\/archeoparc-schnalstal-21035.jpg\"><img loading=\"lazy\" decoding=\"async\" data-attachment-id=\"31517\" data-orig-file=\"https:\/\/www.archeoparc.it\/wp-content\/uploads\/archeoparc-schnalstal-21035.jpg\" data-orig-size=\"1200,899\" data-comments-opened=\"0\" data-image-meta=\"{&quot;aperture&quot;:&quot;5.6&quot;,&quot;credit&quot;:&quot;www.archeoparc.it&quot;,&quot;camera&quot;:&quot;Hasselblad X1D&quot;,&quot;caption&quot;:&quot;&quot;,&quot;created_timestamp&quot;:&quot;0&quot;,&quot;copyright&quot;:&quot;archeoParc Schnalstal, photo: Ganesh Neumair&quot;,&quot;focal_length&quot;:&quot;90&quot;,&quot;iso&quot;:&quot;400&quot;,&quot;shutter_speed&quot;:&quot;0.005&quot;,&quot;title&quot;:&quot;Feier des zwanzigj\\u00e4hrigen Bestehens im archeoParc Schnalstal mit Jubil\\u00e4umsgeb\\u00e4ck &lt;br \\\/&gt; Festa in occasione del ventennale dell\\u2019inaugurazione dell\\u2019archeoParc Val Senales con pasticcini d\\u2019anniversario &lt;br \\\/&gt;&lt;br \\\/&gt;f.l.t.r. Johanna Niederkofler, Walter Zerpelloni&lt;br \\\/&gt;&lt;br \\\/&gt;September 2021&quot;,&quot;orientation&quot;:&quot;1&quot;}\" data-image-title=\"Feier des zwanzigj\u00e4hrigen Bestehens im archeoParc Schnalstal mit Jubil\u00e4umsgeb\u00e4ck &lt;br \/&gt; Festa in occasione del ventennale dell\u2019inaugurazione dell\u2019archeoParc Val Senales con pasticcini d\u2019anniversario &lt;br \/&gt;&lt;br \/&gt;f.l.t.r. Johanna Niederkofler, Walter Zerpelloni&lt;br \/&gt;&lt;br \/&gt;September 2021\" data-image-description=\"\" data-medium-file=\"https:\/\/www.archeoparc.it\/wp-content\/uploads\/archeoparc-schnalstal-21035-300x225.jpg\" data-large-file=\"https:\/\/www.archeoparc.it\/wp-content\/uploads\/archeoparc-schnalstal-21035-1024x767.jpg\" src=\"https:\/\/www.archeoparc.it\/wp-content\/uploads\/archeoparc-schnalstal-21035-161x120.jpg\" width=\"161\" height=\"120\" align=\"left\" title=\"Feier des zwanzigj\u00e4hrigen Bestehens im archeoParc Schnalstal mit Jubil\u00e4umsgeb\u00e4ck &lt;br \/&gt; Festa in occasione del ventennale dell\u2019inaugurazione dell\u2019archeoParc Val Senales con pasticcini d\u2019anniversario &lt;br \/&gt;&lt;br \/&gt;f.l.t.r. Johanna Niederkofler, Walter Zerpelloni&lt;br \/&gt;&lt;br \/&gt;September 2021\" \/><\/a><div class=\"tiled-gallery-caption\">archeoParc Schnalstal, photo: Ganesh Neumair<\/div><\/div><div class=\"tiled-gallery-item tiled-gallery-item-small\"><a href=\"https:\/\/www.archeoparc.it\/wp-content\/uploads\/archeoparc-schnalstal-21034.jpg\"><img loading=\"lazy\" decoding=\"async\" data-attachment-id=\"31514\" data-orig-file=\"https:\/\/www.archeoparc.it\/wp-content\/uploads\/archeoparc-schnalstal-21034.jpg\" data-orig-size=\"2048,1535\" data-comments-opened=\"0\" data-image-meta=\"{&quot;aperture&quot;:&quot;8&quot;,&quot;credit&quot;:&quot;www.archeoparc.it&quot;,&quot;camera&quot;:&quot;Hasselblad X1D&quot;,&quot;caption&quot;:&quot;&quot;,&quot;created_timestamp&quot;:&quot;0&quot;,&quot;copyright&quot;:&quot;archeoParc Schnalstal, photo: Ganesh G. Neumair&quot;,&quot;focal_length&quot;:&quot;120&quot;,&quot;iso&quot;:&quot;200&quot;,&quot;shutter_speed&quot;:&quot;0.05&quot;,&quot;title&quot;:&quot;&quot;,&quot;orientation&quot;:&quot;1&quot;}\" data-image-title=\"archeoparc-schnalstal-21034\" data-image-description=\"\" data-medium-file=\"https:\/\/www.archeoparc.it\/wp-content\/uploads\/archeoparc-schnalstal-21034-300x225.jpg\" data-large-file=\"https:\/\/www.archeoparc.it\/wp-content\/uploads\/archeoparc-schnalstal-21034-1024x768.jpg\" src=\"https:\/\/www.archeoparc.it\/wp-content\/uploads\/archeoparc-schnalstal-21034-161x121.jpg\" width=\"161\" height=\"121\" align=\"left\" title=\"archeoparc-schnalstal-21034\" \/><\/a><\/div><\/div><\/div><div class=\"gallery-row\" style=\"width: 495px; height: 368px;\"><div class=\"gallery-group images-1\" style=\"width: 495px; height: 372px;\"><div class=\"tiled-gallery-item tiled-gallery-item-large\"><a href=\"https:\/\/www.archeoparc.it\/wp-content\/uploads\/archeoparc-schnalstal-21033.jpg\"><img loading=\"lazy\" decoding=\"async\" data-attachment-id=\"31511\" data-orig-file=\"https:\/\/www.archeoparc.it\/wp-content\/uploads\/archeoparc-schnalstal-21033.jpg\" data-orig-size=\"2048,1535\" data-comments-opened=\"0\" data-image-meta=\"{&quot;aperture&quot;:&quot;3.2&quot;,&quot;credit&quot;:&quot;www.archeoparc.it&quot;,&quot;camera&quot;:&quot;Hasselblad X1D&quot;,&quot;caption&quot;:&quot;&quot;,&quot;created_timestamp&quot;:&quot;0&quot;,&quot;copyright&quot;:&quot;archeoParc Schnalstal, photo: Ganesh G. Neumair&quot;,&quot;focal_length&quot;:&quot;90&quot;,&quot;iso&quot;:&quot;800&quot;,&quot;shutter_speed&quot;:&quot;0.00555555555556&quot;,&quot;title&quot;:&quot;&quot;,&quot;orientation&quot;:&quot;1&quot;}\" data-image-title=\"archeoparc-schnalstal-21033\" data-image-description=\"\" data-medium-file=\"https:\/\/www.archeoparc.it\/wp-content\/uploads\/archeoparc-schnalstal-21033-300x225.jpg\" data-large-file=\"https:\/\/www.archeoparc.it\/wp-content\/uploads\/archeoparc-schnalstal-21033-1024x768.jpg\" src=\"https:\/\/www.archeoparc.it\/wp-content\/uploads\/archeoparc-schnalstal-21033-491x368.jpg\" width=\"491\" height=\"368\" align=\"left\" title=\"archeoparc-schnalstal-21033\" \/><\/a><div class=\"tiled-gallery-caption\">archeoParc Schnalstal, photo: Ganesh Neumair<\/div><\/div><\/div><\/div><\/div>\n<p><a title=\"\" href=\"https:\/\/archeoparc.it\/documents\/archeoparc-213-20-anni\" target=\"_blank\" rel=\"noopener\"><u>Comunicato Stampa: 20 anni di archeoParc<\/u><\/a><\/p>\n","protected":false},"excerpt":{"rendered":"<p>20 anni di archeoParc Oggi festeggiamo i primi 20 anni dell\u2019archeoParc! Chi ha tempo e voglia di festeggiare con noi da casa, preparando un dolce con una delle nostre gustose [&hellip;]<\/p>\n","protected":false},"author":2,"featured_media":0,"comment_status":"closed","ping_status":"closed","sticky":false,"template":"","format":"standard","meta":{"_acf_changed":false,"_tec_requires_first_save":true,"_EventAllDay":false,"_EventTimezone":"","_EventStartDate":"","_EventEndDate":"","_EventStartDateUTC":"","_EventEndDateUTC":"","_EventShowMap":false,"_EventShowMapLink":false,"_EventURL":"","_EventCost":"","_EventCostDescription":"","_EventCurrencySymbol":"","_EventCurrencyCode":"","_EventCurrencyPosition":"","_EventDateTimeSeparator":"","_EventTimeRangeSeparator":"","_EventOrganizerID":[],"_EventVenueID":[],"_OrganizerEmail":"","_OrganizerPhone":"","_OrganizerWebsite":"","_VenueAddress":"","_VenueCity":"","_VenueCountry":"","_VenueProvince":"","_VenueState":"","_VenueZip":"","_VenuePhone":"","_VenueURL":"","_VenueStateProvince":"","_VenueLat":"","_VenueLng":"","_VenueShowMap":false,"_VenueShowMapLink":false,"_tribe_blocks_recurrence_rules":"","_tribe_blocks_recurrence_description":"","_tribe_blocks_recurrence_exclusions":"","footnotes":""},"categories":[157],"tags":[],"class_list":["post-31544","post","type-post","status-publish","format-standard","hentry","category-review-it"],"acf":[],"yoast_head":"<!-- This site is optimized with the Yoast SEO plugin v27.5 - https:\/\/yoast.com\/product\/yoast-seo-wordpress\/ -->\n<title>21-jubil\u00e4um-20-jahre | archeoParc Schnalstal<\/title>\n<meta name=\"robots\" content=\"index, follow, max-snippet:-1, max-image-preview:large, max-video-preview:-1\" \/>\n<link rel=\"canonical\" href=\"https:\/\/www.archeoparc.it\/it\/2021\/21-jubilaeum-20-jahre-2\/\" \/>\n<meta name=\"twitter:label1\" content=\"Scritto da\" \/>\n\t<meta name=\"twitter:data1\" content=\"Johanna\" \/>\n\t<meta name=\"twitter:label2\" content=\"Tempo di lettura stimato\" \/>\n\t<meta name=\"twitter:data2\" content=\"1 minuto\" \/>\n<script type=\"application\/ld+json\" class=\"yoast-schema-graph\">{\"@context\":\"https:\\\/\\\/schema.org\",\"@graph\":[{\"@type\":\"Article\",\"@id\":\"https:\\\/\\\/www.archeoparc.it\\\/it\\\/2021\\\/21-jubilaeum-20-jahre-2\\\/#article\",\"isPartOf\":{\"@id\":\"https:\\\/\\\/www.archeoparc.it\\\/it\\\/2021\\\/21-jubilaeum-20-jahre-2\\\/\"},\"author\":{\"name\":\"Johanna\",\"@id\":\"https:\\\/\\\/www.archeoparc.it\\\/#\\\/schema\\\/person\\\/b3065be180d841249307ecd9726611cf\"},\"headline\":\"21-jubil\u00e4um-20-jahre\",\"datePublished\":\"2021-09-16T13:53:17+00:00\",\"dateModified\":\"2021-09-24T13:06:51+00:00\",\"mainEntityOfPage\":{\"@id\":\"https:\\\/\\\/www.archeoparc.it\\\/it\\\/2021\\\/21-jubilaeum-20-jahre-2\\\/\"},\"wordCount\":142,\"publisher\":{\"@id\":\"https:\\\/\\\/www.archeoparc.it\\\/#organization\"},\"image\":{\"@id\":\"https:\\\/\\\/www.archeoparc.it\\\/it\\\/2021\\\/21-jubilaeum-20-jahre-2\\\/#primaryimage\"},\"thumbnailUrl\":\"https:\\\/\\\/www.archeoparc.it\\\/wp-content\\\/uploads\\\/archeoparc-schnalstal-21032-1024x768.jpg\",\"articleSection\":[\"Review\"],\"inLanguage\":\"it-IT\"},{\"@type\":\"WebPage\",\"@id\":\"https:\\\/\\\/www.archeoparc.it\\\/it\\\/2021\\\/21-jubilaeum-20-jahre-2\\\/\",\"url\":\"https:\\\/\\\/www.archeoparc.it\\\/it\\\/2021\\\/21-jubilaeum-20-jahre-2\\\/\",\"name\":\"21-jubil\u00e4um-20-jahre | archeoParc Schnalstal\",\"isPartOf\":{\"@id\":\"https:\\\/\\\/www.archeoparc.it\\\/#website\"},\"primaryImageOfPage\":{\"@id\":\"https:\\\/\\\/www.archeoparc.it\\\/it\\\/2021\\\/21-jubilaeum-20-jahre-2\\\/#primaryimage\"},\"image\":{\"@id\":\"https:\\\/\\\/www.archeoparc.it\\\/it\\\/2021\\\/21-jubilaeum-20-jahre-2\\\/#primaryimage\"},\"thumbnailUrl\":\"https:\\\/\\\/www.archeoparc.it\\\/wp-content\\\/uploads\\\/archeoparc-schnalstal-21032-1024x768.jpg\",\"datePublished\":\"2021-09-16T13:53:17+00:00\",\"dateModified\":\"2021-09-24T13:06:51+00:00\",\"inLanguage\":\"it-IT\",\"potentialAction\":[{\"@type\":\"ReadAction\",\"target\":[\"https:\\\/\\\/www.archeoparc.it\\\/it\\\/2021\\\/21-jubilaeum-20-jahre-2\\\/\"]}]},{\"@type\":\"ImageObject\",\"inLanguage\":\"it-IT\",\"@id\":\"https:\\\/\\\/www.archeoparc.it\\\/it\\\/2021\\\/21-jubilaeum-20-jahre-2\\\/#primaryimage\",\"url\":\"https:\\\/\\\/www.archeoparc.it\\\/wp-content\\\/uploads\\\/archeoparc-schnalstal-21032-1024x768.jpg\",\"contentUrl\":\"https:\\\/\\\/www.archeoparc.it\\\/wp-content\\\/uploads\\\/archeoparc-schnalstal-21032-1024x768.jpg\"},{\"@type\":\"WebSite\",\"@id\":\"https:\\\/\\\/www.archeoparc.it\\\/#website\",\"url\":\"https:\\\/\\\/www.archeoparc.it\\\/\",\"name\":\"archeoParc Schnalstal\",\"description\":\"Arch\u00e4ologisches Freilichtmuseum\",\"publisher\":{\"@id\":\"https:\\\/\\\/www.archeoparc.it\\\/#organization\"},\"potentialAction\":[{\"@type\":\"SearchAction\",\"target\":{\"@type\":\"EntryPoint\",\"urlTemplate\":\"https:\\\/\\\/www.archeoparc.it\\\/?s={search_term_string}\"},\"query-input\":{\"@type\":\"PropertyValueSpecification\",\"valueRequired\":true,\"valueName\":\"search_term_string\"}}],\"inLanguage\":\"it-IT\"},{\"@type\":\"Organization\",\"@id\":\"https:\\\/\\\/www.archeoparc.it\\\/#organization\",\"name\":\"archeoparc Schnalstal\",\"url\":\"https:\\\/\\\/www.archeoparc.it\\\/\",\"logo\":{\"@type\":\"ImageObject\",\"inLanguage\":\"it-IT\",\"@id\":\"https:\\\/\\\/www.archeoparc.it\\\/#\\\/schema\\\/logo\\\/image\\\/\",\"url\":\"https:\\\/\\\/www.archeoparc.it\\\/wp-content\\\/uploads\\\/cropped-archeoparc_logo_sw.png\",\"contentUrl\":\"https:\\\/\\\/www.archeoparc.it\\\/wp-content\\\/uploads\\\/cropped-archeoparc_logo_sw.png\",\"width\":654,\"height\":211,\"caption\":\"archeoparc Schnalstal\"},\"image\":{\"@id\":\"https:\\\/\\\/www.archeoparc.it\\\/#\\\/schema\\\/logo\\\/image\\\/\"}},{\"@type\":\"Person\",\"@id\":\"https:\\\/\\\/www.archeoparc.it\\\/#\\\/schema\\\/person\\\/b3065be180d841249307ecd9726611cf\",\"name\":\"Johanna\",\"image\":{\"@type\":\"ImageObject\",\"inLanguage\":\"it-IT\",\"@id\":\"https:\\\/\\\/secure.gravatar.com\\\/avatar\\\/d2fea4fe845dc1970d9b7702e5120165a019feaf750a97d4e682e0db17aff987?s=96&d=mm&r=g\",\"url\":\"https:\\\/\\\/secure.gravatar.com\\\/avatar\\\/d2fea4fe845dc1970d9b7702e5120165a019feaf750a97d4e682e0db17aff987?s=96&d=mm&r=g\",\"contentUrl\":\"https:\\\/\\\/secure.gravatar.com\\\/avatar\\\/d2fea4fe845dc1970d9b7702e5120165a019feaf750a97d4e682e0db17aff987?s=96&d=mm&r=g\",\"caption\":\"Johanna\"}}]}<\/script>\n<!-- \/ Yoast SEO plugin. -->","yoast_head_json":{"title":"21-jubil\u00e4um-20-jahre | archeoParc Schnalstal","robots":{"index":"index","follow":"follow","max-snippet":"max-snippet:-1","max-image-preview":"max-image-preview:large","max-video-preview":"max-video-preview:-1"},"canonical":"https:\/\/www.archeoparc.it\/it\/2021\/21-jubilaeum-20-jahre-2\/","twitter_misc":{"Scritto da":"Johanna","Tempo di lettura stimato":"1 minuto"},"schema":{"@context":"https:\/\/schema.org","@graph":[{"@type":"Article","@id":"https:\/\/www.archeoparc.it\/it\/2021\/21-jubilaeum-20-jahre-2\/#article","isPartOf":{"@id":"https:\/\/www.archeoparc.it\/it\/2021\/21-jubilaeum-20-jahre-2\/"},"author":{"name":"Johanna","@id":"https:\/\/www.archeoparc.it\/#\/schema\/person\/b3065be180d841249307ecd9726611cf"},"headline":"21-jubil\u00e4um-20-jahre","datePublished":"2021-09-16T13:53:17+00:00","dateModified":"2021-09-24T13:06:51+00:00","mainEntityOfPage":{"@id":"https:\/\/www.archeoparc.it\/it\/2021\/21-jubilaeum-20-jahre-2\/"},"wordCount":142,"publisher":{"@id":"https:\/\/www.archeoparc.it\/#organization"},"image":{"@id":"https:\/\/www.archeoparc.it\/it\/2021\/21-jubilaeum-20-jahre-2\/#primaryimage"},"thumbnailUrl":"https:\/\/www.archeoparc.it\/wp-content\/uploads\/archeoparc-schnalstal-21032-1024x768.jpg","articleSection":["Review"],"inLanguage":"it-IT"},{"@type":"WebPage","@id":"https:\/\/www.archeoparc.it\/it\/2021\/21-jubilaeum-20-jahre-2\/","url":"https:\/\/www.archeoparc.it\/it\/2021\/21-jubilaeum-20-jahre-2\/","name":"21-jubil\u00e4um-20-jahre | archeoParc Schnalstal","isPartOf":{"@id":"https:\/\/www.archeoparc.it\/#website"},"primaryImageOfPage":{"@id":"https:\/\/www.archeoparc.it\/it\/2021\/21-jubilaeum-20-jahre-2\/#primaryimage"},"image":{"@id":"https:\/\/www.archeoparc.it\/it\/2021\/21-jubilaeum-20-jahre-2\/#primaryimage"},"thumbnailUrl":"https:\/\/www.archeoparc.it\/wp-content\/uploads\/archeoparc-schnalstal-21032-1024x768.jpg","datePublished":"2021-09-16T13:53:17+00:00","dateModified":"2021-09-24T13:06:51+00:00","inLanguage":"it-IT","potentialAction":[{"@type":"ReadAction","target":["https:\/\/www.archeoparc.it\/it\/2021\/21-jubilaeum-20-jahre-2\/"]}]},{"@type":"ImageObject","inLanguage":"it-IT","@id":"https:\/\/www.archeoparc.it\/it\/2021\/21-jubilaeum-20-jahre-2\/#primaryimage","url":"https:\/\/www.archeoparc.it\/wp-content\/uploads\/archeoparc-schnalstal-21032-1024x768.jpg","contentUrl":"https:\/\/www.archeoparc.it\/wp-content\/uploads\/archeoparc-schnalstal-21032-1024x768.jpg"},{"@type":"WebSite","@id":"https:\/\/www.archeoparc.it\/#website","url":"https:\/\/www.archeoparc.it\/","name":"archeoParc Schnalstal","description":"Arch\u00e4ologisches Freilichtmuseum","publisher":{"@id":"https:\/\/www.archeoparc.it\/#organization"},"potentialAction":[{"@type":"SearchAction","target":{"@type":"EntryPoint","urlTemplate":"https:\/\/www.archeoparc.it\/?s={search_term_string}"},"query-input":{"@type":"PropertyValueSpecification","valueRequired":true,"valueName":"search_term_string"}}],"inLanguage":"it-IT"},{"@type":"Organization","@id":"https:\/\/www.archeoparc.it\/#organization","name":"archeoparc Schnalstal","url":"https:\/\/www.archeoparc.it\/","logo":{"@type":"ImageObject","inLanguage":"it-IT","@id":"https:\/\/www.archeoparc.it\/#\/schema\/logo\/image\/","url":"https:\/\/www.archeoparc.it\/wp-content\/uploads\/cropped-archeoparc_logo_sw.png","contentUrl":"https:\/\/www.archeoparc.it\/wp-content\/uploads\/cropped-archeoparc_logo_sw.png","width":654,"height":211,"caption":"archeoparc Schnalstal"},"image":{"@id":"https:\/\/www.archeoparc.it\/#\/schema\/logo\/image\/"}},{"@type":"Person","@id":"https:\/\/www.archeoparc.it\/#\/schema\/person\/b3065be180d841249307ecd9726611cf","name":"Johanna","image":{"@type":"ImageObject","inLanguage":"it-IT","@id":"https:\/\/secure.gravatar.com\/avatar\/d2fea4fe845dc1970d9b7702e5120165a019feaf750a97d4e682e0db17aff987?s=96&d=mm&r=g","url":"https:\/\/secure.gravatar.com\/avatar\/d2fea4fe845dc1970d9b7702e5120165a019feaf750a97d4e682e0db17aff987?s=96&d=mm&r=g","contentUrl":"https:\/\/secure.gravatar.com\/avatar\/d2fea4fe845dc1970d9b7702e5120165a019feaf750a97d4e682e0db17aff987?s=96&d=mm&r=g","caption":"Johanna"}}]}},"_links":{"self":[{"href":"https:\/\/www.archeoparc.it\/it\/wp-json\/wp\/v2\/posts\/31544","targetHints":{"allow":["GET"]}}],"collection":[{"href":"https:\/\/www.archeoparc.it\/it\/wp-json\/wp\/v2\/posts"}],"about":[{"href":"https:\/\/www.archeoparc.it\/it\/wp-json\/wp\/v2\/types\/post"}],"author":[{"embeddable":true,"href":"https:\/\/www.archeoparc.it\/it\/wp-json\/wp\/v2\/users\/2"}],"replies":[{"embeddable":true,"href":"https:\/\/www.archeoparc.it\/it\/wp-json\/wp\/v2\/comments?post=31544"}],"version-history":[{"count":5,"href":"https:\/\/www.archeoparc.it\/it\/wp-json\/wp\/v2\/posts\/31544\/revisions"}],"predecessor-version":[{"id":31561,"href":"https:\/\/www.archeoparc.it\/it\/wp-json\/wp\/v2\/posts\/31544\/revisions\/31561"}],"wp:attachment":[{"href":"https:\/\/www.archeoparc.it\/it\/wp-json\/wp\/v2\/media?parent=31544"}],"wp:term":[{"taxonomy":"category","embeddable":true,"href":"https:\/\/www.archeoparc.it\/it\/wp-json\/wp\/v2\/categories?post=31544"},{"taxonomy":"post_tag","embeddable":true,"href":"https:\/\/www.archeoparc.it\/it\/wp-json\/wp\/v2\/tags?post=31544"}],"curies":[{"name":"wp","href":"https:\/\/api.w.org\/{rel}","templated":true}]}}