{"id":37363,"date":"2023-03-03T16:51:20","date_gmt":"2023-03-03T15:51:20","guid":{"rendered":"https:\/\/www.archeoparc.it\/?p=37363"},"modified":"2025-05-08T10:50:59","modified_gmt":"2025-05-08T08:50:59","slug":"oetzi-glacier-tour-in-estate-2023","status":"publish","type":"post","link":"https:\/\/www.archeoparc.it\/it\/2023\/oetzi-glacier-tour-in-estate-2023\/","title":{"rendered":"\u00d6tzi Glacier Tour in tarda Primavera, Estate e Autunno"},"content":{"rendered":"\n<p class=\"has-large-font-size\">Con il tempo, le grandi strutture abbisognano di manutenzione, ed \u00e8 cos\u00ec che nell\u2019anno in corso la funivia che da Maso Corto porta ai 3.212 m della Stazione a Monte Grawand, subir\u00e0 un rinnovo nelle sue parti pi\u00f9 importanti (fune, traliccio, cabina, ecc..). Facciamo i nostri migliori auguri alla societ\u00e0 <a title=\"Alpin Arena Senales\" href=\"https:\/\/www.valsenales.com\/it\/val-senales-alto-adige\/la-tua-avventura\/la-tua-avventura-dinverno\/la-tua-avventura-invernale\" target=\"_blank\" rel=\"noopener\">Alpin Arena Senales<\/a> per l\u2019esecuzione dei lavori!<\/p>\n\n\n\n<p>Di seguito vogliamo dare delle informazioni agli alpinisti interessati in questo periodo alle escursioni \u00d6tzi Glacier Tour, sia alle programmate di gruppo che all\u2019escursione privata.<\/p>\n\n\n\n<h2 class=\"wp-block-heading\">Escursioni programmate di gruppo<\/h2>\n\n\n\n<p>Quindi in questo periodo senza la funivia le escursioni inizieranno da Maso Corto (ore 06.00), oppure dal <a title=\"www.schoeneaussicht.it\" href=\"https:\/\/www.schoeneaussicht.it\/it\" target=\"_blank\" rel=\"noopener\">Rifugio Bella Vista<\/a> (ore 08.00).<\/p>\n\n\n\n<p>Da tenere in considerazione che la <strong>partenza da Maso Corto<\/strong>, aggrava l\u2019escursione con maggiore dislivello (+ 1000 m) e durata (+ 2 ore), quindi opzione adatta a soli alpinisti con ottima condizione fisica.<\/p>\n\n\n\n<p>La <strong>partenza dal Rifugio Bella Vista<\/strong> \u00e8 un&#8217;opzione per gli interessati che desiderano percorrere parte della salita il giorno prima, pernottando al rifugio. Da qui, l\u2019impegno fisico richiesto per l\u2019escursione \u00e8 il medesimo dell\u2019escursione standard, usufruendo della funivia.<\/p>\n\n\n\n<p>Giornate confermate di gruppo:<\/p>\n\n\n\n<p><strong>\u00d6tzi Glacier Tour Sci-alpinistica<\/strong><br>Ogni marted\u00ec fino alla fine di aprile e dall\u2019inizio di novembre<br><a title=\"Calendario\" href=\"https:\/\/www.archeoparc.it\/it\/calendario\/\">Tutte le date<\/a><\/p>\n\n\n\n<p><strong>\u00d6tzi Glacier Tour Escursione<\/strong><br>Ogni marted\u00ec dall\u2019inizio di luglio<br><a title=\"calendario\" href=\"https:\/\/www.archeoparc.it\/it\/calendario\/\">Tutte le date<\/a><\/p>\n\n\n\n<h2 class=\"wp-block-heading\">Escursioni private a richiesta<\/h2>\n\n\n\n<p>Come di consueto, le <a title=\"escursioni \u00d6tzi Glacier Tour private\" href=\"https:\/\/www.archeoparc.it\/it\/gruppi\/adulti\/\">escursioni private<\/a> sono possibili in qualsiasi giorno della settimana, considerando la disponibilit\u00e0 delle nostre Guide Alpine. Da tenere in considerazione che la partenza da Maso Corto, aggrava l\u2019escursione con maggiore dislivello (+ 1000 m) e durata (+ 2 ore), quindi opzione adatta a soli alpinisti con ottima condizione fisica.<\/p>\n\n\n\n<p>&nbsp;<\/p>\n\n\n\n<h2 class=\"wp-block-heading\">Desidera prenotare l\u2018escursione?<\/h2>\n\n\n\n<p><a title=\"prenotazione online\" href=\"https:\/\/www.archeoparc.it\/it\/oetzi-glacier-tour\/#info\">Qui<\/a> per la prenotazione.<\/p>\n\n\n\n<p>&nbsp;<\/p>\n","protected":false},"excerpt":{"rendered":"<p>Con il tempo, le grandi strutture abbisognano di manutenzione, ed \u00e8 cos\u00ec che nell\u2019anno in corso la funivia che da Maso Corto porta ai 3.212 m della Stazione a Monte [&hellip;]<\/p>\n","protected":false},"author":2,"featured_media":37376,"comment_status":"closed","ping_status":"closed","sticky":false,"template":"","format":"standard","meta":{"_acf_changed":false,"_tec_requires_first_save":true,"_EventAllDay":false,"_EventTimezone":"","_EventStartDate":"","_EventEndDate":"","_EventStartDateUTC":"","_EventEndDateUTC":"","_EventShowMap":false,"_EventShowMapLink":false,"_EventURL":"","_EventCost":"","_EventCostDescription":"","_EventCurrencySymbol":"","_EventCurrencyCode":"","_EventCurrencyPosition":"","_EventDateTimeSeparator":"","_EventTimeRangeSeparator":"","_EventOrganizerID":[],"_EventVenueID":[],"_OrganizerEmail":"","_OrganizerPhone":"","_OrganizerWebsite":"","_VenueAddress":"","_VenueCity":"","_VenueCountry":"","_VenueProvince":"","_VenueState":"","_VenueZip":"","_VenuePhone":"","_VenueURL":"","_VenueStateProvince":"","_VenueLat":"","_VenueLng":"","_VenueShowMap":false,"_VenueShowMapLink":false,"_tribe_blocks_recurrence_rules":"","_tribe_blocks_recurrence_description":"","_tribe_blocks_recurrence_exclusions":"","footnotes":""},"categories":[155],"tags":[],"class_list":["post-37363","post","type-post","status-publish","format-standard","has-post-thumbnail","hentry","category-coming-soon-it"],"acf":[],"yoast_head":"<!-- This site is optimized with the Yoast SEO plugin v27.5 - https:\/\/yoast.com\/product\/yoast-seo-wordpress\/ -->\n<title>\u00d6tzi Glacier Tour in tarda Primavera, Estate e Autunno | archeoParc Schnalstal<\/title>\n<meta name=\"description\" content=\"Informazioni per gli alpinisti interessati alle escursioni \u00d6tzi Glacier Tour nell&#039;estate 2023 nella Val Senales\" \/>\n<meta name=\"robots\" content=\"index, follow, max-snippet:-1, max-image-preview:large, max-video-preview:-1\" \/>\n<link rel=\"canonical\" href=\"https:\/\/www.archeoparc.it\/it\/2023\/oetzi-glacier-tour-in-estate-2023\/\" \/>\n<meta name=\"twitter:label1\" content=\"Scritto da\" \/>\n\t<meta name=\"twitter:data1\" content=\"Johanna\" \/>\n\t<meta name=\"twitter:label2\" content=\"Tempo di lettura stimato\" \/>\n\t<meta name=\"twitter:data2\" content=\"2 minuti\" \/>\n<script type=\"application\/ld+json\" class=\"yoast-schema-graph\">{\"@context\":\"https:\\\/\\\/schema.org\",\"@graph\":[{\"@type\":\"Article\",\"@id\":\"https:\\\/\\\/www.archeoparc.it\\\/it\\\/2023\\\/oetzi-glacier-tour-in-estate-2023\\\/#article\",\"isPartOf\":{\"@id\":\"https:\\\/\\\/www.archeoparc.it\\\/it\\\/2023\\\/oetzi-glacier-tour-in-estate-2023\\\/\"},\"author\":{\"name\":\"Johanna\",\"@id\":\"https:\\\/\\\/www.archeoparc.it\\\/#\\\/schema\\\/person\\\/b3065be180d841249307ecd9726611cf\"},\"headline\":\"\u00d6tzi Glacier Tour in tarda Primavera, Estate e Autunno\",\"datePublished\":\"2023-03-03T15:51:20+00:00\",\"dateModified\":\"2025-05-08T08:50:59+00:00\",\"mainEntityOfPage\":{\"@id\":\"https:\\\/\\\/www.archeoparc.it\\\/it\\\/2023\\\/oetzi-glacier-tour-in-estate-2023\\\/\"},\"wordCount\":286,\"publisher\":{\"@id\":\"https:\\\/\\\/www.archeoparc.it\\\/#organization\"},\"image\":{\"@id\":\"https:\\\/\\\/www.archeoparc.it\\\/it\\\/2023\\\/oetzi-glacier-tour-in-estate-2023\\\/#primaryimage\"},\"thumbnailUrl\":\"https:\\\/\\\/www.archeoparc.it\\\/wp-content\\\/uploads\\\/archeoparc-schnalstal-23001.jpg\",\"articleSection\":[\"Coming soon\"],\"inLanguage\":\"it-IT\"},{\"@type\":\"WebPage\",\"@id\":\"https:\\\/\\\/www.archeoparc.it\\\/it\\\/2023\\\/oetzi-glacier-tour-in-estate-2023\\\/\",\"url\":\"https:\\\/\\\/www.archeoparc.it\\\/it\\\/2023\\\/oetzi-glacier-tour-in-estate-2023\\\/\",\"name\":\"\u00d6tzi Glacier Tour in tarda Primavera, Estate e Autunno | archeoParc Schnalstal\",\"isPartOf\":{\"@id\":\"https:\\\/\\\/www.archeoparc.it\\\/#website\"},\"primaryImageOfPage\":{\"@id\":\"https:\\\/\\\/www.archeoparc.it\\\/it\\\/2023\\\/oetzi-glacier-tour-in-estate-2023\\\/#primaryimage\"},\"image\":{\"@id\":\"https:\\\/\\\/www.archeoparc.it\\\/it\\\/2023\\\/oetzi-glacier-tour-in-estate-2023\\\/#primaryimage\"},\"thumbnailUrl\":\"https:\\\/\\\/www.archeoparc.it\\\/wp-content\\\/uploads\\\/archeoparc-schnalstal-23001.jpg\",\"datePublished\":\"2023-03-03T15:51:20+00:00\",\"dateModified\":\"2025-05-08T08:50:59+00:00\",\"description\":\"Informazioni per gli alpinisti interessati alle escursioni \u00d6tzi Glacier Tour nell'estate 2023 nella Val Senales\",\"inLanguage\":\"it-IT\",\"potentialAction\":[{\"@type\":\"ReadAction\",\"target\":[\"https:\\\/\\\/www.archeoparc.it\\\/it\\\/2023\\\/oetzi-glacier-tour-in-estate-2023\\\/\"]}]},{\"@type\":\"ImageObject\",\"inLanguage\":\"it-IT\",\"@id\":\"https:\\\/\\\/www.archeoparc.it\\\/it\\\/2023\\\/oetzi-glacier-tour-in-estate-2023\\\/#primaryimage\",\"url\":\"https:\\\/\\\/www.archeoparc.it\\\/wp-content\\\/uploads\\\/archeoparc-schnalstal-23001.jpg\",\"contentUrl\":\"https:\\\/\\\/www.archeoparc.it\\\/wp-content\\\/uploads\\\/archeoparc-schnalstal-23001.jpg\",\"width\":1600,\"height\":1067,\"caption\":\"Schutzhuette-Schoene-Aussicht-Huette\"},{\"@type\":\"WebSite\",\"@id\":\"https:\\\/\\\/www.archeoparc.it\\\/#website\",\"url\":\"https:\\\/\\\/www.archeoparc.it\\\/\",\"name\":\"archeoParc Schnalstal\",\"description\":\"Arch\u00e4ologisches Freilichtmuseum\",\"publisher\":{\"@id\":\"https:\\\/\\\/www.archeoparc.it\\\/#organization\"},\"potentialAction\":[{\"@type\":\"SearchAction\",\"target\":{\"@type\":\"EntryPoint\",\"urlTemplate\":\"https:\\\/\\\/www.archeoparc.it\\\/?s={search_term_string}\"},\"query-input\":{\"@type\":\"PropertyValueSpecification\",\"valueRequired\":true,\"valueName\":\"search_term_string\"}}],\"inLanguage\":\"it-IT\"},{\"@type\":\"Organization\",\"@id\":\"https:\\\/\\\/www.archeoparc.it\\\/#organization\",\"name\":\"archeoparc Schnalstal\",\"url\":\"https:\\\/\\\/www.archeoparc.it\\\/\",\"logo\":{\"@type\":\"ImageObject\",\"inLanguage\":\"it-IT\",\"@id\":\"https:\\\/\\\/www.archeoparc.it\\\/#\\\/schema\\\/logo\\\/image\\\/\",\"url\":\"https:\\\/\\\/www.archeoparc.it\\\/wp-content\\\/uploads\\\/cropped-archeoparc_logo_sw.png\",\"contentUrl\":\"https:\\\/\\\/www.archeoparc.it\\\/wp-content\\\/uploads\\\/cropped-archeoparc_logo_sw.png\",\"width\":654,\"height\":211,\"caption\":\"archeoparc Schnalstal\"},\"image\":{\"@id\":\"https:\\\/\\\/www.archeoparc.it\\\/#\\\/schema\\\/logo\\\/image\\\/\"}},{\"@type\":\"Person\",\"@id\":\"https:\\\/\\\/www.archeoparc.it\\\/#\\\/schema\\\/person\\\/b3065be180d841249307ecd9726611cf\",\"name\":\"Johanna\",\"image\":{\"@type\":\"ImageObject\",\"inLanguage\":\"it-IT\",\"@id\":\"https:\\\/\\\/secure.gravatar.com\\\/avatar\\\/d2fea4fe845dc1970d9b7702e5120165a019feaf750a97d4e682e0db17aff987?s=96&d=mm&r=g\",\"url\":\"https:\\\/\\\/secure.gravatar.com\\\/avatar\\\/d2fea4fe845dc1970d9b7702e5120165a019feaf750a97d4e682e0db17aff987?s=96&d=mm&r=g\",\"contentUrl\":\"https:\\\/\\\/secure.gravatar.com\\\/avatar\\\/d2fea4fe845dc1970d9b7702e5120165a019feaf750a97d4e682e0db17aff987?s=96&d=mm&r=g\",\"caption\":\"Johanna\"}}]}<\/script>\n<!-- \/ Yoast SEO plugin. -->","yoast_head_json":{"title":"\u00d6tzi Glacier Tour in tarda Primavera, Estate e Autunno | archeoParc Schnalstal","description":"Informazioni per gli alpinisti interessati alle escursioni \u00d6tzi Glacier Tour nell'estate 2023 nella Val Senales","robots":{"index":"index","follow":"follow","max-snippet":"max-snippet:-1","max-image-preview":"max-image-preview:large","max-video-preview":"max-video-preview:-1"},"canonical":"https:\/\/www.archeoparc.it\/it\/2023\/oetzi-glacier-tour-in-estate-2023\/","twitter_misc":{"Scritto da":"Johanna","Tempo di lettura stimato":"2 minuti"},"schema":{"@context":"https:\/\/schema.org","@graph":[{"@type":"Article","@id":"https:\/\/www.archeoparc.it\/it\/2023\/oetzi-glacier-tour-in-estate-2023\/#article","isPartOf":{"@id":"https:\/\/www.archeoparc.it\/it\/2023\/oetzi-glacier-tour-in-estate-2023\/"},"author":{"name":"Johanna","@id":"https:\/\/www.archeoparc.it\/#\/schema\/person\/b3065be180d841249307ecd9726611cf"},"headline":"\u00d6tzi Glacier Tour in tarda Primavera, Estate e Autunno","datePublished":"2023-03-03T15:51:20+00:00","dateModified":"2025-05-08T08:50:59+00:00","mainEntityOfPage":{"@id":"https:\/\/www.archeoparc.it\/it\/2023\/oetzi-glacier-tour-in-estate-2023\/"},"wordCount":286,"publisher":{"@id":"https:\/\/www.archeoparc.it\/#organization"},"image":{"@id":"https:\/\/www.archeoparc.it\/it\/2023\/oetzi-glacier-tour-in-estate-2023\/#primaryimage"},"thumbnailUrl":"https:\/\/www.archeoparc.it\/wp-content\/uploads\/archeoparc-schnalstal-23001.jpg","articleSection":["Coming soon"],"inLanguage":"it-IT"},{"@type":"WebPage","@id":"https:\/\/www.archeoparc.it\/it\/2023\/oetzi-glacier-tour-in-estate-2023\/","url":"https:\/\/www.archeoparc.it\/it\/2023\/oetzi-glacier-tour-in-estate-2023\/","name":"\u00d6tzi Glacier Tour in tarda Primavera, Estate e Autunno | archeoParc Schnalstal","isPartOf":{"@id":"https:\/\/www.archeoparc.it\/#website"},"primaryImageOfPage":{"@id":"https:\/\/www.archeoparc.it\/it\/2023\/oetzi-glacier-tour-in-estate-2023\/#primaryimage"},"image":{"@id":"https:\/\/www.archeoparc.it\/it\/2023\/oetzi-glacier-tour-in-estate-2023\/#primaryimage"},"thumbnailUrl":"https:\/\/www.archeoparc.it\/wp-content\/uploads\/archeoparc-schnalstal-23001.jpg","datePublished":"2023-03-03T15:51:20+00:00","dateModified":"2025-05-08T08:50:59+00:00","description":"Informazioni per gli alpinisti interessati alle escursioni \u00d6tzi Glacier Tour nell'estate 2023 nella Val Senales","inLanguage":"it-IT","potentialAction":[{"@type":"ReadAction","target":["https:\/\/www.archeoparc.it\/it\/2023\/oetzi-glacier-tour-in-estate-2023\/"]}]},{"@type":"ImageObject","inLanguage":"it-IT","@id":"https:\/\/www.archeoparc.it\/it\/2023\/oetzi-glacier-tour-in-estate-2023\/#primaryimage","url":"https:\/\/www.archeoparc.it\/wp-content\/uploads\/archeoparc-schnalstal-23001.jpg","contentUrl":"https:\/\/www.archeoparc.it\/wp-content\/uploads\/archeoparc-schnalstal-23001.jpg","width":1600,"height":1067,"caption":"Schutzhuette-Schoene-Aussicht-Huette"},{"@type":"WebSite","@id":"https:\/\/www.archeoparc.it\/#website","url":"https:\/\/www.archeoparc.it\/","name":"archeoParc Schnalstal","description":"Arch\u00e4ologisches Freilichtmuseum","publisher":{"@id":"https:\/\/www.archeoparc.it\/#organization"},"potentialAction":[{"@type":"SearchAction","target":{"@type":"EntryPoint","urlTemplate":"https:\/\/www.archeoparc.it\/?s={search_term_string}"},"query-input":{"@type":"PropertyValueSpecification","valueRequired":true,"valueName":"search_term_string"}}],"inLanguage":"it-IT"},{"@type":"Organization","@id":"https:\/\/www.archeoparc.it\/#organization","name":"archeoparc Schnalstal","url":"https:\/\/www.archeoparc.it\/","logo":{"@type":"ImageObject","inLanguage":"it-IT","@id":"https:\/\/www.archeoparc.it\/#\/schema\/logo\/image\/","url":"https:\/\/www.archeoparc.it\/wp-content\/uploads\/cropped-archeoparc_logo_sw.png","contentUrl":"https:\/\/www.archeoparc.it\/wp-content\/uploads\/cropped-archeoparc_logo_sw.png","width":654,"height":211,"caption":"archeoparc Schnalstal"},"image":{"@id":"https:\/\/www.archeoparc.it\/#\/schema\/logo\/image\/"}},{"@type":"Person","@id":"https:\/\/www.archeoparc.it\/#\/schema\/person\/b3065be180d841249307ecd9726611cf","name":"Johanna","image":{"@type":"ImageObject","inLanguage":"it-IT","@id":"https:\/\/secure.gravatar.com\/avatar\/d2fea4fe845dc1970d9b7702e5120165a019feaf750a97d4e682e0db17aff987?s=96&d=mm&r=g","url":"https:\/\/secure.gravatar.com\/avatar\/d2fea4fe845dc1970d9b7702e5120165a019feaf750a97d4e682e0db17aff987?s=96&d=mm&r=g","contentUrl":"https:\/\/secure.gravatar.com\/avatar\/d2fea4fe845dc1970d9b7702e5120165a019feaf750a97d4e682e0db17aff987?s=96&d=mm&r=g","caption":"Johanna"}}]}},"_links":{"self":[{"href":"https:\/\/www.archeoparc.it\/it\/wp-json\/wp\/v2\/posts\/37363","targetHints":{"allow":["GET"]}}],"collection":[{"href":"https:\/\/www.archeoparc.it\/it\/wp-json\/wp\/v2\/posts"}],"about":[{"href":"https:\/\/www.archeoparc.it\/it\/wp-json\/wp\/v2\/types\/post"}],"author":[{"embeddable":true,"href":"https:\/\/www.archeoparc.it\/it\/wp-json\/wp\/v2\/users\/2"}],"replies":[{"embeddable":true,"href":"https:\/\/www.archeoparc.it\/it\/wp-json\/wp\/v2\/comments?post=37363"}],"version-history":[{"count":7,"href":"https:\/\/www.archeoparc.it\/it\/wp-json\/wp\/v2\/posts\/37363\/revisions"}],"predecessor-version":[{"id":53434,"href":"https:\/\/www.archeoparc.it\/it\/wp-json\/wp\/v2\/posts\/37363\/revisions\/53434"}],"wp:featuredmedia":[{"embeddable":true,"href":"https:\/\/www.archeoparc.it\/it\/wp-json\/wp\/v2\/media\/37376"}],"wp:attachment":[{"href":"https:\/\/www.archeoparc.it\/it\/wp-json\/wp\/v2\/media?parent=37363"}],"wp:term":[{"taxonomy":"category","embeddable":true,"href":"https:\/\/www.archeoparc.it\/it\/wp-json\/wp\/v2\/categories?post=37363"},{"taxonomy":"post_tag","embeddable":true,"href":"https:\/\/www.archeoparc.it\/it\/wp-json\/wp\/v2\/tags?post=37363"}],"curies":[{"name":"wp","href":"https:\/\/api.w.org\/{rel}","templated":true}]}}