{"id":4387,"date":"2009-06-22T16:27:27","date_gmt":"2009-06-22T14:27:27","guid":{"rendered":"http:\/\/archeo.pixelcreatures.at\/it\/ausstellung_bast_eroeffnet\/"},"modified":"2016-03-15T17:13:22","modified_gmt":"2016-03-15T16:13:22","slug":"ausstellung_bast_eroeffnet","status":"publish","type":"post","link":"https:\/\/www.archeoparc.it\/it\/2009\/ausstellung_bast_eroeffnet\/","title":{"rendered":"ausstellung_bast_er\u00f6ffnet_it"},"content":{"rendered":"<h2>Inaugurata la mostra tematica del 2009<\/h2>\n<p>La mostra &#8220;Raffie, ortiche e giuncacee&#8221; \u00e8 stata realizzata in collaborazione tra Museum f\u00fcr Arch\u00e4ologie und \u00d6kologie Dithmarschen, Albersdorf (D) ed il qualificato archeotecnico e sperimentatore di tecnologie preistoriche, Anne Reichert, Ettlingen (D). Nel 2007 la mostra \u00e8 stata allestita al suddetto museo.<\/p>\n<figure id=\"attachment_4381\" aria-describedby=\"caption-attachment-4381\" style=\"width: 676px\" class=\"wp-caption alignnone\"><img loading=\"lazy\" decoding=\"async\" class=\"size-large wp-image-4381\" src=\"https:\/\/www.archeoparc.it\/wp-content\/uploads\/archeoparc-schnalstal-16109-1024x758.jpg\" alt=\"Er\u00f6ffnung der Ausstellung Bast Binsen Brennessel mit Kulturassessor Otto Rainer, B\u00fcrgermeister Robert Variola, Arch\u00e4otechnikerin Anne Reichert, Museumsleiterin Johanna Niederkofler und Vereinspr\u00e4sident Alexander Rainer &lt;br\/&gt;Inaugurazione della mostra sulle fibre vegetali usati nell\u0092et\u00e0 della pietra &lt;br\/&gt;Opening ceremony of the exhibition on working organic fibres in prehistory\" width=\"676\" height=\"500\" srcset=\"https:\/\/www.archeoparc.it\/wp-content\/uploads\/archeoparc-schnalstal-16109-1024x758.jpg 1024w, https:\/\/www.archeoparc.it\/wp-content\/uploads\/archeoparc-schnalstal-16109-300x222.jpg 300w, https:\/\/www.archeoparc.it\/wp-content\/uploads\/archeoparc-schnalstal-16109-676x500.jpg 676w, https:\/\/www.archeoparc.it\/wp-content\/uploads\/archeoparc-schnalstal-16109.jpg 1200w\" sizes=\"auto, (max-width: 676px) 100vw, 676px\" \/><figcaption id=\"caption-attachment-4381\" class=\"wp-caption-text\">archeoParc Schnalstal, photo: Benjamin Santer<\/figcaption><\/figure>\n<figure id=\"attachment_4383\" aria-describedby=\"caption-attachment-4383\" style=\"width: 676px\" class=\"wp-caption alignnone\"><img loading=\"lazy\" decoding=\"async\" class=\"size-large wp-image-4383\" src=\"https:\/\/www.archeoparc.it\/wp-content\/uploads\/archeoparc-schnalstal-16111-1024x758.jpg\" alt=\"Er\u00f6ffnung der Ausstellung Bast Binsen Brennessel von Anne Reichert im archeoParc &lt;br\/&gt;Inaugurazione della mostra sulle fibre vegetali usati nell\u0092et\u00e0 della pietra &lt;br\/&gt;Opening ceremony of the exhibition on working organic fibres in prehistory\" width=\"676\" height=\"500\" srcset=\"https:\/\/www.archeoparc.it\/wp-content\/uploads\/archeoparc-schnalstal-16111-1024x758.jpg 1024w, https:\/\/www.archeoparc.it\/wp-content\/uploads\/archeoparc-schnalstal-16111-300x222.jpg 300w, https:\/\/www.archeoparc.it\/wp-content\/uploads\/archeoparc-schnalstal-16111-676x500.jpg 676w, https:\/\/www.archeoparc.it\/wp-content\/uploads\/archeoparc-schnalstal-16111.jpg 1200w\" sizes=\"auto, (max-width: 676px) 100vw, 676px\" \/><figcaption id=\"caption-attachment-4383\" class=\"wp-caption-text\">archeoParc Schnalstal, photo: Benjamin Santer<\/figcaption><\/figure>\n<figure id=\"attachment_4382\" aria-describedby=\"caption-attachment-4382\" style=\"width: 676px\" class=\"wp-caption alignnone\"><img loading=\"lazy\" decoding=\"async\" class=\"size-large wp-image-4382\" src=\"https:\/\/www.archeoparc.it\/wp-content\/uploads\/archeoparc-schnalstal-16110-1024x758.jpg\" alt=\"Er\u00f6ffnung der Ausstellung Bast Binsen Brennessel von Anne Reichert im archeoParc &lt;br\/&gt;Inaugurazione della mostra sulle fibre vegetali usati nell\u0092et\u00e0 della pietra &lt;br\/&gt;Opening ceremony of the exhibition on working organic fibres in prehistory\" width=\"676\" height=\"500\" srcset=\"https:\/\/www.archeoparc.it\/wp-content\/uploads\/archeoparc-schnalstal-16110-1024x758.jpg 1024w, https:\/\/www.archeoparc.it\/wp-content\/uploads\/archeoparc-schnalstal-16110-300x222.jpg 300w, https:\/\/www.archeoparc.it\/wp-content\/uploads\/archeoparc-schnalstal-16110-676x500.jpg 676w, https:\/\/www.archeoparc.it\/wp-content\/uploads\/archeoparc-schnalstal-16110.jpg 1200w\" sizes=\"auto, (max-width: 676px) 100vw, 676px\" \/><figcaption id=\"caption-attachment-4382\" class=\"wp-caption-text\">archeoParc Schnalstal, photo: Benjamin Santer<\/figcaption><\/figure>\n<figure id=\"attachment_4372\" aria-describedby=\"caption-attachment-4372\" style=\"width: 676px\" class=\"wp-caption alignnone\"><img loading=\"lazy\" decoding=\"async\" class=\"size-large wp-image-4372\" src=\"https:\/\/www.archeoparc.it\/wp-content\/uploads\/archeoparc-schnalstal-16116-1024x758.jpg\" alt=\"Er\u00f6ffnung der Ausstellung Bast Binsen Brennessel von Anne Reichert im archeoParc &lt;br\/&gt;Inaugurazione della mostra sulle fibre vegetali usati nell\u0092et\u00e0 della pietra &lt;br\/&gt;Opening ceremony of the exhibition on working organic fibres in prehistory\" width=\"676\" height=\"500\" srcset=\"https:\/\/www.archeoparc.it\/wp-content\/uploads\/archeoparc-schnalstal-16116-1024x758.jpg 1024w, https:\/\/www.archeoparc.it\/wp-content\/uploads\/archeoparc-schnalstal-16116-300x222.jpg 300w, https:\/\/www.archeoparc.it\/wp-content\/uploads\/archeoparc-schnalstal-16116-676x500.jpg 676w, https:\/\/www.archeoparc.it\/wp-content\/uploads\/archeoparc-schnalstal-16116.jpg 1200w\" sizes=\"auto, (max-width: 676px) 100vw, 676px\" \/><figcaption id=\"caption-attachment-4372\" class=\"wp-caption-text\">archeoParc Schnalstal, photo: Benjamin Santer<\/figcaption><\/figure>\n<figure id=\"attachment_4371\" aria-describedby=\"caption-attachment-4371\" style=\"width: 676px\" class=\"wp-caption alignnone\"><img loading=\"lazy\" decoding=\"async\" class=\"size-large wp-image-4371\" src=\"https:\/\/www.archeoparc.it\/wp-content\/uploads\/archeoparc-schnalstal-16115-1024x758.jpg\" alt=\"Er\u00f6ffnung der Ausstellung Bast Binsen Brennessel von Anne Reichert im archeoParc &lt;br\/&gt;Inaugurazione della mostra sulle fibre vegetali usati nell\u0092et\u00e0 della pietra &lt;br\/&gt;Opening ceremony of the exhibition on working organic fibres in prehistory\" width=\"676\" height=\"500\" srcset=\"https:\/\/www.archeoparc.it\/wp-content\/uploads\/archeoparc-schnalstal-16115-1024x758.jpg 1024w, https:\/\/www.archeoparc.it\/wp-content\/uploads\/archeoparc-schnalstal-16115-300x222.jpg 300w, https:\/\/www.archeoparc.it\/wp-content\/uploads\/archeoparc-schnalstal-16115-676x500.jpg 676w, https:\/\/www.archeoparc.it\/wp-content\/uploads\/archeoparc-schnalstal-16115.jpg 1200w\" sizes=\"auto, (max-width: 676px) 100vw, 676px\" \/><figcaption id=\"caption-attachment-4371\" class=\"wp-caption-text\">archeoParc Schnalstal, photo: Benjamin Santer<\/figcaption><\/figure>\n<figure id=\"attachment_4370\" aria-describedby=\"caption-attachment-4370\" style=\"width: 676px\" class=\"wp-caption alignnone\"><img loading=\"lazy\" decoding=\"async\" class=\"size-large wp-image-4370\" src=\"https:\/\/www.archeoparc.it\/wp-content\/uploads\/archeoparc-schnalstal-16114-1024x758.jpg\" alt=\"Er\u00f6ffnung der Ausstellung Bast Binsen Brennessel von Anne Reichert im archeoParc &lt;br\/&gt;Inaugurazione della mostra sulle fibre vegetali usati nell\u0092et\u00e0 della pietra &lt;br\/&gt;Opening ceremony of the exhibition on working organic fibres in prehistory\" width=\"676\" height=\"500\" srcset=\"https:\/\/www.archeoparc.it\/wp-content\/uploads\/archeoparc-schnalstal-16114-1024x758.jpg 1024w, https:\/\/www.archeoparc.it\/wp-content\/uploads\/archeoparc-schnalstal-16114-300x222.jpg 300w, https:\/\/www.archeoparc.it\/wp-content\/uploads\/archeoparc-schnalstal-16114-676x500.jpg 676w, https:\/\/www.archeoparc.it\/wp-content\/uploads\/archeoparc-schnalstal-16114.jpg 1200w\" sizes=\"auto, (max-width: 676px) 100vw, 676px\" \/><figcaption id=\"caption-attachment-4370\" class=\"wp-caption-text\">archeoParc Schnalstal, photo: Benjamin Santer<\/figcaption><\/figure>\n<figure id=\"attachment_4369\" aria-describedby=\"caption-attachment-4369\" style=\"width: 676px\" class=\"wp-caption alignnone\"><img loading=\"lazy\" decoding=\"async\" class=\"size-large wp-image-4369\" src=\"https:\/\/www.archeoparc.it\/wp-content\/uploads\/archeoparc-schnalstal-16113-1024x758.jpg\" alt=\"Er\u00f6ffnung der Ausstellung Bast Binsen Brennessel von Anne Reichert im archeoParc &lt;br\/&gt;Inaugurazione della mostra sulle fibre vegetali usati nell\u0092et\u00e0 della pietra &lt;br\/&gt;Opening ceremony of the exhibition on working organic fibres in prehistory\" width=\"676\" height=\"500\" srcset=\"https:\/\/www.archeoparc.it\/wp-content\/uploads\/archeoparc-schnalstal-16113-1024x758.jpg 1024w, https:\/\/www.archeoparc.it\/wp-content\/uploads\/archeoparc-schnalstal-16113-300x222.jpg 300w, https:\/\/www.archeoparc.it\/wp-content\/uploads\/archeoparc-schnalstal-16113-676x500.jpg 676w, https:\/\/www.archeoparc.it\/wp-content\/uploads\/archeoparc-schnalstal-16113.jpg 1200w\" sizes=\"auto, (max-width: 676px) 100vw, 676px\" \/><figcaption id=\"caption-attachment-4369\" class=\"wp-caption-text\">archeoParc Schnalstal, photo: Benjamin Santer<\/figcaption><\/figure>\n<figure id=\"attachment_4368\" aria-describedby=\"caption-attachment-4368\" style=\"width: 676px\" class=\"wp-caption alignnone\"><img loading=\"lazy\" decoding=\"async\" class=\"size-large wp-image-4368\" src=\"https:\/\/www.archeoparc.it\/wp-content\/uploads\/archeoparc-schnalstal-16112-1024x758.jpg\" alt=\"Er\u00f6ffnung der Ausstellung Bast Binsen Brennessel von Anne Reichert im archeoParc &lt;br\/&gt;Inaugurazione della mostra sulle fibre vegetali usati nell\u0092et\u00e0 della pietra &lt;br\/&gt;Opening ceremony of the exhibition on working organic fibres in prehistory\" width=\"676\" height=\"500\" srcset=\"https:\/\/www.archeoparc.it\/wp-content\/uploads\/archeoparc-schnalstal-16112-1024x758.jpg 1024w, https:\/\/www.archeoparc.it\/wp-content\/uploads\/archeoparc-schnalstal-16112-300x222.jpg 300w, https:\/\/www.archeoparc.it\/wp-content\/uploads\/archeoparc-schnalstal-16112-676x500.jpg 676w, https:\/\/www.archeoparc.it\/wp-content\/uploads\/archeoparc-schnalstal-16112.jpg 1200w\" sizes=\"auto, (max-width: 676px) 100vw, 676px\" \/><figcaption id=\"caption-attachment-4368\" class=\"wp-caption-text\">archeoParc Schnalstal, photo: Benjamin Santer<\/figcaption><\/figure>\n<p>La mostra:<\/p>\n<div data-carousel-extra='{\"blog_id\":1,\"permalink\":\"https:\\\/\\\/www.archeoparc.it\\\/it\\\/2009\\\/ausstellung_bast_eroeffnet\\\/\"}' class=\"tiled-gallery type-square\" data-original-width=\"500\"><div class=\"tiled-gallery-item\"><a border=\"0\" href=\"https:\/\/www.archeoparc.it\/it\/2009\/ausstellung_bast_eroeffnet\/ausstellung-bast-binsen-brennessel-von-anne-reichert-im-archeoparcmostra-sul-uso-del-libro-delle-ortiche-e-giuncacee-presso-l%c2%91archeoparcexhibition-on-working-organic-fibres-like-as-bast-in-preh-9\/\"><img decoding=\"async\" data-attachment-id=\"14096\" data-orig-file=\"https:\/\/www.archeoparc.it\/wp-content\/uploads\/archeoparc-schnalstal-16117.jpg\" data-orig-size=\"1200,1623\" data-comments-opened=\"0\" data-image-meta=\"{&quot;aperture&quot;:&quot;2.8&quot;,&quot;credit&quot;:&quot;www.archeoparc.it&quot;,&quot;camera&quot;:&quot;Konica Digital Camera KD-400Z&quot;,&quot;caption&quot;:&quot;&quot;,&quot;created_timestamp&quot;:&quot;1254416421&quot;,&quot;copyright&quot;:&quot;archeoParc Schnalstal, photo: Johanna Niederkofler&quot;,&quot;focal_length&quot;:&quot;8&quot;,&quot;iso&quot;:&quot;100&quot;,&quot;shutter_speed&quot;:&quot;0.0168&quot;,&quot;title&quot;:&quot;Ausstellung Bast Binsen Brennessel von Anne Reichert im archeoParc&lt;br \\\/&gt;Mostra sul uso del libro, delle ortiche e giuncacee presso l\\u0091archeoParc&lt;br \\\/&gt;Exhibition on working organic fibres like as bast in prehistoric times&quot;,&quot;orientation&quot;:&quot;0&quot;}\" data-image-title=\"Ausstellung Bast Binsen Brennessel von Anne Reichert im archeoParc&lt;br \/&gt;Mostra sul uso del libro, delle ortiche e giuncacee presso l\u0091archeoParc&lt;br \/&gt;Exhibition on working organic fibres like as bast in prehistoric times\" data-image-description=\"&lt;p&gt;www.archeoparc.it&lt;\/p&gt;\n\" data-medium-file=\"https:\/\/www.archeoparc.it\/wp-content\/uploads\/archeoparc-schnalstal-16117-222x300.jpg\" data-large-file=\"https:\/\/www.archeoparc.it\/wp-content\/uploads\/archeoparc-schnalstal-16117-757x1024.jpg\" style=\"margin: 2px\" src=\"https:\/\/www.archeoparc.it\/wp-content\/uploads\/archeoparc-schnalstal-16117-245x245.jpg\" width=245 height=245 title=\"Ausstellung Bast Binsen Brennessel von Anne Reichert im archeoParc&lt;br \/&gt;Mostra sul uso del libro, delle ortiche e giuncacee presso l\u0091archeoParc&lt;br \/&gt;Exhibition on working organic fibres like as bast in prehistoric times\" \/><\/a><div class=\"tiled-gallery-caption\">archeoParc Schnalstal, photo: Johanna Niederkofler<\/div><\/div><div class=\"tiled-gallery-item\"><a border=\"0\" href=\"https:\/\/www.archeoparc.it\/it\/2009\/ausstellung_bast_eroeffnet\/ausstellung-bast-binsen-brennessel-von-anne-reichert-im-archeoparcmostra-sul-uso-del-libro-delle-ortiche-e-giuncacee-presso-l%c2%91archeoparcexhibition-on-working-organic-fibres-like-as-bast-in-preh-9\/\"><img decoding=\"async\" data-attachment-id=\"14110\" data-orig-file=\"https:\/\/www.archeoparc.it\/wp-content\/uploads\/archeoparc-schnalstal-16108-e1458057620598.jpg\" data-orig-size=\"888,1200\" data-comments-opened=\"0\" data-image-meta=\"{&quot;aperture&quot;:&quot;2.8&quot;,&quot;credit&quot;:&quot;www.archeoparc.it&quot;,&quot;camera&quot;:&quot;Konica Digital Camera KD-400Z&quot;,&quot;caption&quot;:&quot;&quot;,&quot;created_timestamp&quot;:&quot;1009843517&quot;,&quot;copyright&quot;:&quot;archeoParc Schnalstal, photo: Benjamin Santer&quot;,&quot;focal_length&quot;:&quot;8&quot;,&quot;iso&quot;:&quot;100&quot;,&quot;shutter_speed&quot;:&quot;0.0168&quot;,&quot;title&quot;:&quot;Ausstellung Bast Binsen Brennessel von Anne Reichert im archeoParc&lt;br \\\/&gt;Mostra sul uso del libro, delle ortiche e giuncacee presso l\\u0091archeoParc&lt;br \\\/&gt;Exhibition on working organic fibres like as bast in prehistoric times&quot;,&quot;orientation&quot;:&quot;1&quot;}\" data-image-title=\"Ausstellung Bast Binsen Brennessel von Anne Reichert im archeoParc&lt;br \/&gt;Mostra sul uso del libro, delle ortiche e giuncacee presso l\u0091archeoParc&lt;br \/&gt;Exhibition on working organic fibres like as bast in prehistoric times\" data-image-description=\"&lt;p&gt;www.archeoparc.it&lt;\/p&gt;\n\" data-medium-file=\"https:\/\/www.archeoparc.it\/wp-content\/uploads\/archeoparc-schnalstal-16108-e1458057620598-222x300.jpg\" data-large-file=\"https:\/\/www.archeoparc.it\/wp-content\/uploads\/archeoparc-schnalstal-16108-e1458057620598-758x1024.jpg\" style=\"margin: 2px\" src=\"https:\/\/www.archeoparc.it\/wp-content\/uploads\/archeoparc-schnalstal-16108-e1458057620598-245x245.jpg\" width=245 height=245 title=\"Ausstellung Bast Binsen Brennessel von Anne Reichert im archeoParc&lt;br \/&gt;Mostra sul uso del libro, delle ortiche e giuncacee presso l\u0091archeoParc&lt;br \/&gt;Exhibition on working organic fibres like as bast in prehistoric times\" \/><\/a><div class=\"tiled-gallery-caption\">archeoParc Schnalstal, photo: Benjamin Santer<\/div><\/div><div class=\"tiled-gallery-item\"><a border=\"0\" href=\"https:\/\/www.archeoparc.it\/it\/2009\/ausstellung_bast_eroeffnet\/ausstellung-bast-binsen-brennessel-von-anne-reichert-im-archeoparcmostra-sul-uso-del-libro-delle-ortiche-e-giuncacee-presso-l%c2%91archeoparcexhibition-on-working-organic-fibres-like-as-bast-in-preh-9\/\"><img decoding=\"async\" data-attachment-id=\"14108\" data-orig-file=\"https:\/\/www.archeoparc.it\/wp-content\/uploads\/archeoparc-schnalstal-16123.jpg\" data-orig-size=\"1200,900\" data-comments-opened=\"0\" data-image-meta=\"{&quot;aperture&quot;:&quot;3.4&quot;,&quot;credit&quot;:&quot;www.archeoparc.it&quot;,&quot;camera&quot;:&quot;EX-V7&quot;,&quot;caption&quot;:&quot;&quot;,&quot;created_timestamp&quot;:&quot;1257348498&quot;,&quot;copyright&quot;:&quot;archeoParc Schnalstal, photo: Johanna Niederkofler&quot;,&quot;focal_length&quot;:&quot;6.3&quot;,&quot;iso&quot;:&quot;200&quot;,&quot;shutter_speed&quot;:&quot;0.166666666667&quot;,&quot;title&quot;:&quot;Ausstellung Bast Binsen Brennessel von Anne Reichert im archeoParc&lt;br \\\/&gt;Mostra sul uso del libro, delle ortiche e giuncacee presso l\\u0091archeoParc&lt;br \\\/&gt;Exhibition on working organic fibres like as bast in prehistoric times&quot;,&quot;orientation&quot;:&quot;1&quot;}\" data-image-title=\"Ausstellung Bast Binsen Brennessel von Anne Reichert im archeoParc&lt;br \/&gt;Mostra sul uso del libro, delle ortiche e giuncacee presso l\u0091archeoParc&lt;br \/&gt;Exhibition on working organic fibres like as bast in prehistoric times\" data-image-description=\"&lt;p&gt;www.archeoparc.it&lt;\/p&gt;\n\" data-medium-file=\"https:\/\/www.archeoparc.it\/wp-content\/uploads\/archeoparc-schnalstal-16123-300x225.jpg\" data-large-file=\"https:\/\/www.archeoparc.it\/wp-content\/uploads\/archeoparc-schnalstal-16123-1024x768.jpg\" style=\"margin: 2px\" src=\"https:\/\/www.archeoparc.it\/wp-content\/uploads\/archeoparc-schnalstal-16123-162x162.jpg\" width=162 height=162 title=\"Ausstellung Bast Binsen Brennessel von Anne Reichert im archeoParc&lt;br \/&gt;Mostra sul uso del libro, delle ortiche e giuncacee presso l\u0091archeoParc&lt;br \/&gt;Exhibition on working organic fibres like as bast in prehistoric times\" \/><\/a><div class=\"tiled-gallery-caption\">archeoParc Schnalstal, photo: Johanna Niederkofler<\/div><\/div><div class=\"tiled-gallery-item\"><a border=\"0\" href=\"https:\/\/www.archeoparc.it\/it\/2009\/ausstellung_bast_eroeffnet\/ausstellung-bast-binsen-brennessel-von-anne-reichert-im-archeoparcmostra-sul-uso-del-libro-delle-ortiche-e-giuncacee-presso-l%c2%91archeoparcexhibition-on-working-organic-fibres-like-as-bast-in-preh-9\/\"><img decoding=\"async\" data-attachment-id=\"14106\" data-orig-file=\"https:\/\/www.archeoparc.it\/wp-content\/uploads\/archeoparc-schnalstal-16122.jpg\" data-orig-size=\"1200,900\" data-comments-opened=\"0\" data-image-meta=\"{&quot;aperture&quot;:&quot;3.4&quot;,&quot;credit&quot;:&quot;www.archeoparc.it&quot;,&quot;camera&quot;:&quot;EX-V7&quot;,&quot;caption&quot;:&quot;&quot;,&quot;created_timestamp&quot;:&quot;1257348490&quot;,&quot;copyright&quot;:&quot;archeoParc Schnalstal, photo: Johanna Niederkofler&quot;,&quot;focal_length&quot;:&quot;6.3&quot;,&quot;iso&quot;:&quot;200&quot;,&quot;shutter_speed&quot;:&quot;0.166666666667&quot;,&quot;title&quot;:&quot;Ausstellung Bast Binsen Brennessel von Anne Reichert im archeoParc&lt;br \\\/&gt;Mostra sul uso del libro, delle ortiche e giuncacee presso l\\u0091archeoParc&lt;br \\\/&gt;Exhibition on working organic fibres like as bast in prehistoric times&quot;,&quot;orientation&quot;:&quot;1&quot;}\" data-image-title=\"Ausstellung Bast Binsen Brennessel von Anne Reichert im archeoParc&lt;br \/&gt;Mostra sul uso del libro, delle ortiche e giuncacee presso l\u0091archeoParc&lt;br \/&gt;Exhibition on working organic fibres like as bast in prehistoric times\" data-image-description=\"&lt;p&gt;www.archeoparc.it&lt;\/p&gt;\n\" data-medium-file=\"https:\/\/www.archeoparc.it\/wp-content\/uploads\/archeoparc-schnalstal-16122-300x225.jpg\" data-large-file=\"https:\/\/www.archeoparc.it\/wp-content\/uploads\/archeoparc-schnalstal-16122-1024x768.jpg\" style=\"margin: 2px\" src=\"https:\/\/www.archeoparc.it\/wp-content\/uploads\/archeoparc-schnalstal-16122-162x162.jpg\" width=162 height=162 title=\"Ausstellung Bast Binsen Brennessel von Anne Reichert im archeoParc&lt;br \/&gt;Mostra sul uso del libro, delle ortiche e giuncacee presso l\u0091archeoParc&lt;br \/&gt;Exhibition on working organic fibres like as bast in prehistoric times\" \/><\/a><div class=\"tiled-gallery-caption\">archeoParc Schnalstal, photo: Johanna Niederkofler<\/div><\/div><div class=\"tiled-gallery-item\"><a border=\"0\" href=\"https:\/\/www.archeoparc.it\/it\/2009\/ausstellung_bast_eroeffnet\/ausstellung-bast-binsen-brennessel-von-anne-reichert-im-archeoparcmostra-sul-uso-del-libro-delle-ortiche-e-giuncacee-presso-l%c2%91archeoparcexhibition-on-working-organic-fibres-like-as-bast-in-preh-9\/\"><img decoding=\"async\" data-attachment-id=\"14104\" data-orig-file=\"https:\/\/www.archeoparc.it\/wp-content\/uploads\/archeoparc-schnalstal-16121.jpg\" data-orig-size=\"1200,900\" data-comments-opened=\"0\" data-image-meta=\"{&quot;aperture&quot;:&quot;3.4&quot;,&quot;credit&quot;:&quot;www.archeoparc.it&quot;,&quot;camera&quot;:&quot;EX-V7&quot;,&quot;caption&quot;:&quot;&quot;,&quot;created_timestamp&quot;:&quot;1257348457&quot;,&quot;copyright&quot;:&quot;archeoParc Schnalstal, photo: Johanna Niederkofler&quot;,&quot;focal_length&quot;:&quot;6.3&quot;,&quot;iso&quot;:&quot;200&quot;,&quot;shutter_speed&quot;:&quot;0.0769230769231&quot;,&quot;title&quot;:&quot;Ausstellung Bast Binsen Brennessel von Anne Reichert im archeoParc&lt;br \\\/&gt;Mostra sul uso del libro, delle ortiche e giuncacee presso l\\u0091archeoParc&lt;br \\\/&gt;Exhibition on working organic fibres like as bast in prehistoric times&quot;,&quot;orientation&quot;:&quot;1&quot;}\" data-image-title=\"Ausstellung Bast Binsen Brennessel von Anne Reichert im archeoParc&lt;br \/&gt;Mostra sul uso del libro, delle ortiche e giuncacee presso l\u0091archeoParc&lt;br \/&gt;Exhibition on working organic fibres like as bast in prehistoric times\" data-image-description=\"&lt;p&gt;www.archeoparc.it&lt;\/p&gt;\n\" data-medium-file=\"https:\/\/www.archeoparc.it\/wp-content\/uploads\/archeoparc-schnalstal-16121-300x225.jpg\" data-large-file=\"https:\/\/www.archeoparc.it\/wp-content\/uploads\/archeoparc-schnalstal-16121-1024x768.jpg\" style=\"margin: 2px\" src=\"https:\/\/www.archeoparc.it\/wp-content\/uploads\/archeoparc-schnalstal-16121-162x162.jpg\" width=162 height=162 title=\"Ausstellung Bast Binsen Brennessel von Anne Reichert im archeoParc&lt;br \/&gt;Mostra sul uso del libro, delle ortiche e giuncacee presso l\u0091archeoParc&lt;br \/&gt;Exhibition on working organic fibres like as bast in prehistoric times\" \/><\/a><div class=\"tiled-gallery-caption\">archeoParc Schnalstal, photo: Johanna Niederkofler<\/div><\/div><div class=\"tiled-gallery-item\"><a border=\"0\" href=\"https:\/\/www.archeoparc.it\/it\/2009\/ausstellung_bast_eroeffnet\/ausstellung-bast-binsen-brennessel-von-anne-reichert-im-archeoparcmostra-sul-uso-del-libro-delle-ortiche-e-giuncacee-presso-l%c2%91archeoparcexhibition-on-working-organic-fibres-like-as-bast-in-preh-9\/\"><img decoding=\"async\" data-attachment-id=\"14102\" data-orig-file=\"https:\/\/www.archeoparc.it\/wp-content\/uploads\/archeoparc-schnalstal-16120.jpg\" data-orig-size=\"1200,900\" data-comments-opened=\"0\" data-image-meta=\"{&quot;aperture&quot;:&quot;3.4&quot;,&quot;credit&quot;:&quot;www.archeoparc.it&quot;,&quot;camera&quot;:&quot;EX-V7&quot;,&quot;caption&quot;:&quot;&quot;,&quot;created_timestamp&quot;:&quot;1257348442&quot;,&quot;copyright&quot;:&quot;archeoParc Schnalstal, photo: Johanna Niederkofler&quot;,&quot;focal_length&quot;:&quot;6.3&quot;,&quot;iso&quot;:&quot;200&quot;,&quot;shutter_speed&quot;:&quot;0.1&quot;,&quot;title&quot;:&quot;Ausstellung Bast Binsen Brennessel von Anne Reichert im archeoParc&lt;br \\\/&gt;Mostra sul uso del libro, delle ortiche e giuncacee presso l\\u0091archeoParc&lt;br \\\/&gt;Exhibition on working organic fibres like as bast in prehistoric times&quot;,&quot;orientation&quot;:&quot;1&quot;}\" data-image-title=\"Ausstellung Bast Binsen Brennessel von Anne Reichert im archeoParc&lt;br \/&gt;Mostra sul uso del libro, delle ortiche e giuncacee presso l\u0091archeoParc&lt;br \/&gt;Exhibition on working organic fibres like as bast in prehistoric times\" data-image-description=\"&lt;p&gt;www.archeoparc.it&lt;\/p&gt;\n\" data-medium-file=\"https:\/\/www.archeoparc.it\/wp-content\/uploads\/archeoparc-schnalstal-16120-300x225.jpg\" data-large-file=\"https:\/\/www.archeoparc.it\/wp-content\/uploads\/archeoparc-schnalstal-16120-1024x768.jpg\" style=\"margin: 2px\" src=\"https:\/\/www.archeoparc.it\/wp-content\/uploads\/archeoparc-schnalstal-16120-162x162.jpg\" width=162 height=162 title=\"Ausstellung Bast Binsen Brennessel von Anne Reichert im archeoParc&lt;br \/&gt;Mostra sul uso del libro, delle ortiche e giuncacee presso l\u0091archeoParc&lt;br \/&gt;Exhibition on working organic fibres like as bast in prehistoric times\" \/><\/a><div class=\"tiled-gallery-caption\">archeoParc Schnalstal, photo: Johanna Niederkofler<\/div><\/div><div class=\"tiled-gallery-item\"><a border=\"0\" href=\"https:\/\/www.archeoparc.it\/it\/2009\/ausstellung_bast_eroeffnet\/ausstellung-bast-binsen-brennessel-von-anne-reichert-im-archeoparcmostra-sul-uso-del-libro-delle-ortiche-e-giuncacee-presso-l%c2%91archeoparcexhibition-on-working-organic-fibres-like-as-bast-in-preh-9\/\"><img decoding=\"async\" data-attachment-id=\"14100\" data-orig-file=\"https:\/\/www.archeoparc.it\/wp-content\/uploads\/archeoparc-schnalstal-16119.jpg\" data-orig-size=\"1200,1623\" data-comments-opened=\"0\" data-image-meta=\"{&quot;aperture&quot;:&quot;2.8&quot;,&quot;credit&quot;:&quot;www.archeoparc.it&quot;,&quot;camera&quot;:&quot;Konica Digital Camera KD-400Z&quot;,&quot;caption&quot;:&quot;&quot;,&quot;created_timestamp&quot;:&quot;1254416492&quot;,&quot;copyright&quot;:&quot;archeoParc Schnalstal, photo: Johanna Niederkofler&quot;,&quot;focal_length&quot;:&quot;8&quot;,&quot;iso&quot;:&quot;100&quot;,&quot;shutter_speed&quot;:&quot;0.0168&quot;,&quot;title&quot;:&quot;Ausstellung Bast Binsen Brennessel von Anne Reichert im archeoParc&lt;br \\\/&gt;Mostra sul uso del libro, delle ortiche e giuncacee presso l\\u0091archeoParc&lt;br \\\/&gt;Exhibition on working organic fibres like as bast in prehistoric times&quot;,&quot;orientation&quot;:&quot;0&quot;}\" data-image-title=\"Ausstellung Bast Binsen Brennessel von Anne Reichert im archeoParc&lt;br \/&gt;Mostra sul uso del libro, delle ortiche e giuncacee presso l\u0091archeoParc&lt;br \/&gt;Exhibition on working organic fibres like as bast in prehistoric times\" data-image-description=\"&lt;p&gt;www.archeoparc.it&lt;\/p&gt;\n\" data-medium-file=\"https:\/\/www.archeoparc.it\/wp-content\/uploads\/archeoparc-schnalstal-16119-222x300.jpg\" data-large-file=\"https:\/\/www.archeoparc.it\/wp-content\/uploads\/archeoparc-schnalstal-16119-757x1024.jpg\" style=\"margin: 2px\" src=\"https:\/\/www.archeoparc.it\/wp-content\/uploads\/archeoparc-schnalstal-16119-162x162.jpg\" width=162 height=162 title=\"Ausstellung Bast Binsen Brennessel von Anne Reichert im archeoParc&lt;br \/&gt;Mostra sul uso del libro, delle ortiche e giuncacee presso l\u0091archeoParc&lt;br \/&gt;Exhibition on working organic fibres like as bast in prehistoric times\" \/><\/a><div class=\"tiled-gallery-caption\">archeoParc Schnalstal, photo: Johanna Niederkofler<\/div><\/div><div class=\"tiled-gallery-item\"><a border=\"0\" href=\"https:\/\/www.archeoparc.it\/it\/2009\/ausstellung_bast_eroeffnet\/ausstellung-bast-binsen-brennessel-von-anne-reichert-im-archeoparcmostra-sul-uso-del-libro-delle-ortiche-e-giuncacee-presso-l%c2%91archeoparcexhibition-on-working-organic-fibres-like-as-bast-in-preh-9\/\"><img decoding=\"async\" data-attachment-id=\"14098\" data-orig-file=\"https:\/\/www.archeoparc.it\/wp-content\/uploads\/archeoparc-schnalstal-16118.jpg\" data-orig-size=\"1200,888\" data-comments-opened=\"0\" data-image-meta=\"{&quot;aperture&quot;:&quot;2.8&quot;,&quot;credit&quot;:&quot;www.archeoparc.it&quot;,&quot;camera&quot;:&quot;Konica Digital Camera KD-400Z&quot;,&quot;caption&quot;:&quot;&quot;,&quot;created_timestamp&quot;:&quot;1254416479&quot;,&quot;copyright&quot;:&quot;archeoParc Schnalstal, photo: Johanna Niederkofler&quot;,&quot;focal_length&quot;:&quot;8&quot;,&quot;iso&quot;:&quot;100&quot;,&quot;shutter_speed&quot;:&quot;0.0168&quot;,&quot;title&quot;:&quot;Ausstellung Bast Binsen Brennessel von Anne Reichert im archeoParc&lt;br \\\/&gt;Mostra sul uso del libro, delle ortiche e giuncacee presso l\\u0091archeoParc&lt;br \\\/&gt;Exhibition on working organic fibres like as bast in prehistoric times&quot;,&quot;orientation&quot;:&quot;1&quot;}\" data-image-title=\"Ausstellung Bast Binsen Brennessel von Anne Reichert im archeoParc&lt;br \/&gt;Mostra sul uso del libro, delle ortiche e giuncacee presso l\u0091archeoParc&lt;br \/&gt;Exhibition on working organic fibres like as bast in prehistoric times\" data-image-description=\"&lt;p&gt;www.archeoparc.it&lt;\/p&gt;\n\" data-medium-file=\"https:\/\/www.archeoparc.it\/wp-content\/uploads\/archeoparc-schnalstal-16118-300x222.jpg\" data-large-file=\"https:\/\/www.archeoparc.it\/wp-content\/uploads\/archeoparc-schnalstal-16118-1024x758.jpg\" style=\"margin: 2px\" src=\"https:\/\/www.archeoparc.it\/wp-content\/uploads\/archeoparc-schnalstal-16118-162x162.jpg\" width=162 height=162 title=\"Ausstellung Bast Binsen Brennessel von Anne Reichert im archeoParc&lt;br \/&gt;Mostra sul uso del libro, delle ortiche e giuncacee presso l\u0091archeoParc&lt;br \/&gt;Exhibition on working organic fibres like as bast in prehistoric times\" \/><\/a><div class=\"tiled-gallery-caption\">archeoParc Schnalstal, photo: Johanna Niederkofler<\/div><\/div><\/div>\n","protected":false},"excerpt":{"rendered":"<p>Inaugurata la mostra tematica del 2009 La mostra &#8220;Raffie, ortiche e giuncacee&#8221; \u00e8 stata realizzata in collaborazione tra Museum f\u00fcr Arch\u00e4ologie und \u00d6kologie Dithmarschen, Albersdorf (D) ed il qualificato archeotecnico [&hellip;]<\/p>\n","protected":false},"author":2,"featured_media":0,"comment_status":"closed","ping_status":"closed","sticky":false,"template":"","format":"standard","meta":{"_acf_changed":false,"_tec_requires_first_save":true,"_EventAllDay":false,"_EventTimezone":"","_EventStartDate":"","_EventEndDate":"","_EventStartDateUTC":"","_EventEndDateUTC":"","_EventShowMap":false,"_EventShowMapLink":false,"_EventURL":"","_EventCost":"","_EventCostDescription":"","_EventCurrencySymbol":"","_EventCurrencyCode":"","_EventCurrencyPosition":"","_EventDateTimeSeparator":"","_EventTimeRangeSeparator":"","_EventOrganizerID":[],"_EventVenueID":[],"_OrganizerEmail":"","_OrganizerPhone":"","_OrganizerWebsite":"","_VenueAddress":"","_VenueCity":"","_VenueCountry":"","_VenueProvince":"","_VenueState":"","_VenueZip":"","_VenuePhone":"","_VenueURL":"","_VenueStateProvince":"","_VenueLat":"","_VenueLng":"","_VenueShowMap":false,"_VenueShowMapLink":false,"_tribe_blocks_recurrence_rules":"","_tribe_blocks_recurrence_description":"","_tribe_blocks_recurrence_exclusions":"","footnotes":""},"categories":[157],"tags":[],"class_list":["post-4387","post","type-post","status-publish","format-standard","hentry","category-review-it"],"acf":[],"yoast_head":"<!-- This site is optimized with the Yoast SEO plugin v27.5 - https:\/\/yoast.com\/product\/yoast-seo-wordpress\/ -->\n<title>ausstellung_bast_er\u00f6ffnet_it | archeoParc Schnalstal<\/title>\n<meta name=\"robots\" content=\"index, follow, max-snippet:-1, max-image-preview:large, max-video-preview:-1\" \/>\n<link rel=\"canonical\" href=\"https:\/\/www.archeoparc.it\/it\/2009\/ausstellung_bast_eroeffnet\/\" \/>\n<meta name=\"twitter:label1\" content=\"Scritto da\" \/>\n\t<meta name=\"twitter:data1\" content=\"Johanna\" \/>\n\t<meta name=\"twitter:label2\" content=\"Tempo di lettura stimato\" \/>\n\t<meta name=\"twitter:data2\" content=\"1 minuto\" \/>\n<script type=\"application\/ld+json\" class=\"yoast-schema-graph\">{\"@context\":\"https:\\\/\\\/schema.org\",\"@graph\":[{\"@type\":\"Article\",\"@id\":\"https:\\\/\\\/www.archeoparc.it\\\/it\\\/2009\\\/ausstellung_bast_eroeffnet\\\/#article\",\"isPartOf\":{\"@id\":\"https:\\\/\\\/www.archeoparc.it\\\/it\\\/2009\\\/ausstellung_bast_eroeffnet\\\/\"},\"author\":{\"name\":\"Johanna\",\"@id\":\"https:\\\/\\\/www.archeoparc.it\\\/#\\\/schema\\\/person\\\/b3065be180d841249307ecd9726611cf\"},\"headline\":\"ausstellung_bast_er\u00f6ffnet_it\",\"datePublished\":\"2009-06-22T14:27:27+00:00\",\"dateModified\":\"2016-03-15T16:13:22+00:00\",\"mainEntityOfPage\":{\"@id\":\"https:\\\/\\\/www.archeoparc.it\\\/it\\\/2009\\\/ausstellung_bast_eroeffnet\\\/\"},\"wordCount\":155,\"publisher\":{\"@id\":\"https:\\\/\\\/www.archeoparc.it\\\/#organization\"},\"image\":{\"@id\":\"https:\\\/\\\/www.archeoparc.it\\\/it\\\/2009\\\/ausstellung_bast_eroeffnet\\\/#primaryimage\"},\"thumbnailUrl\":\"https:\\\/\\\/www.archeoparc.it\\\/wp-content\\\/uploads\\\/archeoparc-schnalstal-16109-1024x758.jpg\",\"articleSection\":[\"Review\"],\"inLanguage\":\"it-IT\"},{\"@type\":\"WebPage\",\"@id\":\"https:\\\/\\\/www.archeoparc.it\\\/it\\\/2009\\\/ausstellung_bast_eroeffnet\\\/\",\"url\":\"https:\\\/\\\/www.archeoparc.it\\\/it\\\/2009\\\/ausstellung_bast_eroeffnet\\\/\",\"name\":\"ausstellung_bast_er\u00f6ffnet_it | archeoParc Schnalstal\",\"isPartOf\":{\"@id\":\"https:\\\/\\\/www.archeoparc.it\\\/#website\"},\"primaryImageOfPage\":{\"@id\":\"https:\\\/\\\/www.archeoparc.it\\\/it\\\/2009\\\/ausstellung_bast_eroeffnet\\\/#primaryimage\"},\"image\":{\"@id\":\"https:\\\/\\\/www.archeoparc.it\\\/it\\\/2009\\\/ausstellung_bast_eroeffnet\\\/#primaryimage\"},\"thumbnailUrl\":\"https:\\\/\\\/www.archeoparc.it\\\/wp-content\\\/uploads\\\/archeoparc-schnalstal-16109-1024x758.jpg\",\"datePublished\":\"2009-06-22T14:27:27+00:00\",\"dateModified\":\"2016-03-15T16:13:22+00:00\",\"inLanguage\":\"it-IT\",\"potentialAction\":[{\"@type\":\"ReadAction\",\"target\":[\"https:\\\/\\\/www.archeoparc.it\\\/it\\\/2009\\\/ausstellung_bast_eroeffnet\\\/\"]}]},{\"@type\":\"ImageObject\",\"inLanguage\":\"it-IT\",\"@id\":\"https:\\\/\\\/www.archeoparc.it\\\/it\\\/2009\\\/ausstellung_bast_eroeffnet\\\/#primaryimage\",\"url\":\"https:\\\/\\\/www.archeoparc.it\\\/wp-content\\\/uploads\\\/archeoparc-schnalstal-16109-1024x758.jpg\",\"contentUrl\":\"https:\\\/\\\/www.archeoparc.it\\\/wp-content\\\/uploads\\\/archeoparc-schnalstal-16109-1024x758.jpg\"},{\"@type\":\"WebSite\",\"@id\":\"https:\\\/\\\/www.archeoparc.it\\\/#website\",\"url\":\"https:\\\/\\\/www.archeoparc.it\\\/\",\"name\":\"archeoParc Schnalstal\",\"description\":\"Arch\u00e4ologisches Freilichtmuseum\",\"publisher\":{\"@id\":\"https:\\\/\\\/www.archeoparc.it\\\/#organization\"},\"potentialAction\":[{\"@type\":\"SearchAction\",\"target\":{\"@type\":\"EntryPoint\",\"urlTemplate\":\"https:\\\/\\\/www.archeoparc.it\\\/?s={search_term_string}\"},\"query-input\":{\"@type\":\"PropertyValueSpecification\",\"valueRequired\":true,\"valueName\":\"search_term_string\"}}],\"inLanguage\":\"it-IT\"},{\"@type\":\"Organization\",\"@id\":\"https:\\\/\\\/www.archeoparc.it\\\/#organization\",\"name\":\"archeoparc Schnalstal\",\"url\":\"https:\\\/\\\/www.archeoparc.it\\\/\",\"logo\":{\"@type\":\"ImageObject\",\"inLanguage\":\"it-IT\",\"@id\":\"https:\\\/\\\/www.archeoparc.it\\\/#\\\/schema\\\/logo\\\/image\\\/\",\"url\":\"https:\\\/\\\/www.archeoparc.it\\\/wp-content\\\/uploads\\\/cropped-archeoparc_logo_sw.png\",\"contentUrl\":\"https:\\\/\\\/www.archeoparc.it\\\/wp-content\\\/uploads\\\/cropped-archeoparc_logo_sw.png\",\"width\":654,\"height\":211,\"caption\":\"archeoparc Schnalstal\"},\"image\":{\"@id\":\"https:\\\/\\\/www.archeoparc.it\\\/#\\\/schema\\\/logo\\\/image\\\/\"}},{\"@type\":\"Person\",\"@id\":\"https:\\\/\\\/www.archeoparc.it\\\/#\\\/schema\\\/person\\\/b3065be180d841249307ecd9726611cf\",\"name\":\"Johanna\",\"image\":{\"@type\":\"ImageObject\",\"inLanguage\":\"it-IT\",\"@id\":\"https:\\\/\\\/secure.gravatar.com\\\/avatar\\\/d2fea4fe845dc1970d9b7702e5120165a019feaf750a97d4e682e0db17aff987?s=96&d=mm&r=g\",\"url\":\"https:\\\/\\\/secure.gravatar.com\\\/avatar\\\/d2fea4fe845dc1970d9b7702e5120165a019feaf750a97d4e682e0db17aff987?s=96&d=mm&r=g\",\"contentUrl\":\"https:\\\/\\\/secure.gravatar.com\\\/avatar\\\/d2fea4fe845dc1970d9b7702e5120165a019feaf750a97d4e682e0db17aff987?s=96&d=mm&r=g\",\"caption\":\"Johanna\"}}]}<\/script>\n<!-- \/ Yoast SEO plugin. -->","yoast_head_json":{"title":"ausstellung_bast_er\u00f6ffnet_it | archeoParc Schnalstal","robots":{"index":"index","follow":"follow","max-snippet":"max-snippet:-1","max-image-preview":"max-image-preview:large","max-video-preview":"max-video-preview:-1"},"canonical":"https:\/\/www.archeoparc.it\/it\/2009\/ausstellung_bast_eroeffnet\/","twitter_misc":{"Scritto da":"Johanna","Tempo di lettura stimato":"1 minuto"},"schema":{"@context":"https:\/\/schema.org","@graph":[{"@type":"Article","@id":"https:\/\/www.archeoparc.it\/it\/2009\/ausstellung_bast_eroeffnet\/#article","isPartOf":{"@id":"https:\/\/www.archeoparc.it\/it\/2009\/ausstellung_bast_eroeffnet\/"},"author":{"name":"Johanna","@id":"https:\/\/www.archeoparc.it\/#\/schema\/person\/b3065be180d841249307ecd9726611cf"},"headline":"ausstellung_bast_er\u00f6ffnet_it","datePublished":"2009-06-22T14:27:27+00:00","dateModified":"2016-03-15T16:13:22+00:00","mainEntityOfPage":{"@id":"https:\/\/www.archeoparc.it\/it\/2009\/ausstellung_bast_eroeffnet\/"},"wordCount":155,"publisher":{"@id":"https:\/\/www.archeoparc.it\/#organization"},"image":{"@id":"https:\/\/www.archeoparc.it\/it\/2009\/ausstellung_bast_eroeffnet\/#primaryimage"},"thumbnailUrl":"https:\/\/www.archeoparc.it\/wp-content\/uploads\/archeoparc-schnalstal-16109-1024x758.jpg","articleSection":["Review"],"inLanguage":"it-IT"},{"@type":"WebPage","@id":"https:\/\/www.archeoparc.it\/it\/2009\/ausstellung_bast_eroeffnet\/","url":"https:\/\/www.archeoparc.it\/it\/2009\/ausstellung_bast_eroeffnet\/","name":"ausstellung_bast_er\u00f6ffnet_it | archeoParc Schnalstal","isPartOf":{"@id":"https:\/\/www.archeoparc.it\/#website"},"primaryImageOfPage":{"@id":"https:\/\/www.archeoparc.it\/it\/2009\/ausstellung_bast_eroeffnet\/#primaryimage"},"image":{"@id":"https:\/\/www.archeoparc.it\/it\/2009\/ausstellung_bast_eroeffnet\/#primaryimage"},"thumbnailUrl":"https:\/\/www.archeoparc.it\/wp-content\/uploads\/archeoparc-schnalstal-16109-1024x758.jpg","datePublished":"2009-06-22T14:27:27+00:00","dateModified":"2016-03-15T16:13:22+00:00","inLanguage":"it-IT","potentialAction":[{"@type":"ReadAction","target":["https:\/\/www.archeoparc.it\/it\/2009\/ausstellung_bast_eroeffnet\/"]}]},{"@type":"ImageObject","inLanguage":"it-IT","@id":"https:\/\/www.archeoparc.it\/it\/2009\/ausstellung_bast_eroeffnet\/#primaryimage","url":"https:\/\/www.archeoparc.it\/wp-content\/uploads\/archeoparc-schnalstal-16109-1024x758.jpg","contentUrl":"https:\/\/www.archeoparc.it\/wp-content\/uploads\/archeoparc-schnalstal-16109-1024x758.jpg"},{"@type":"WebSite","@id":"https:\/\/www.archeoparc.it\/#website","url":"https:\/\/www.archeoparc.it\/","name":"archeoParc Schnalstal","description":"Arch\u00e4ologisches Freilichtmuseum","publisher":{"@id":"https:\/\/www.archeoparc.it\/#organization"},"potentialAction":[{"@type":"SearchAction","target":{"@type":"EntryPoint","urlTemplate":"https:\/\/www.archeoparc.it\/?s={search_term_string}"},"query-input":{"@type":"PropertyValueSpecification","valueRequired":true,"valueName":"search_term_string"}}],"inLanguage":"it-IT"},{"@type":"Organization","@id":"https:\/\/www.archeoparc.it\/#organization","name":"archeoparc Schnalstal","url":"https:\/\/www.archeoparc.it\/","logo":{"@type":"ImageObject","inLanguage":"it-IT","@id":"https:\/\/www.archeoparc.it\/#\/schema\/logo\/image\/","url":"https:\/\/www.archeoparc.it\/wp-content\/uploads\/cropped-archeoparc_logo_sw.png","contentUrl":"https:\/\/www.archeoparc.it\/wp-content\/uploads\/cropped-archeoparc_logo_sw.png","width":654,"height":211,"caption":"archeoparc Schnalstal"},"image":{"@id":"https:\/\/www.archeoparc.it\/#\/schema\/logo\/image\/"}},{"@type":"Person","@id":"https:\/\/www.archeoparc.it\/#\/schema\/person\/b3065be180d841249307ecd9726611cf","name":"Johanna","image":{"@type":"ImageObject","inLanguage":"it-IT","@id":"https:\/\/secure.gravatar.com\/avatar\/d2fea4fe845dc1970d9b7702e5120165a019feaf750a97d4e682e0db17aff987?s=96&d=mm&r=g","url":"https:\/\/secure.gravatar.com\/avatar\/d2fea4fe845dc1970d9b7702e5120165a019feaf750a97d4e682e0db17aff987?s=96&d=mm&r=g","contentUrl":"https:\/\/secure.gravatar.com\/avatar\/d2fea4fe845dc1970d9b7702e5120165a019feaf750a97d4e682e0db17aff987?s=96&d=mm&r=g","caption":"Johanna"}}]}},"_links":{"self":[{"href":"https:\/\/www.archeoparc.it\/it\/wp-json\/wp\/v2\/posts\/4387","targetHints":{"allow":["GET"]}}],"collection":[{"href":"https:\/\/www.archeoparc.it\/it\/wp-json\/wp\/v2\/posts"}],"about":[{"href":"https:\/\/www.archeoparc.it\/it\/wp-json\/wp\/v2\/types\/post"}],"author":[{"embeddable":true,"href":"https:\/\/www.archeoparc.it\/it\/wp-json\/wp\/v2\/users\/2"}],"replies":[{"embeddable":true,"href":"https:\/\/www.archeoparc.it\/it\/wp-json\/wp\/v2\/comments?post=4387"}],"version-history":[{"count":0,"href":"https:\/\/www.archeoparc.it\/it\/wp-json\/wp\/v2\/posts\/4387\/revisions"}],"wp:attachment":[{"href":"https:\/\/www.archeoparc.it\/it\/wp-json\/wp\/v2\/media?parent=4387"}],"wp:term":[{"taxonomy":"category","embeddable":true,"href":"https:\/\/www.archeoparc.it\/it\/wp-json\/wp\/v2\/categories?post=4387"},{"taxonomy":"post_tag","embeddable":true,"href":"https:\/\/www.archeoparc.it\/it\/wp-json\/wp\/v2\/tags?post=4387"}],"curies":[{"name":"wp","href":"https:\/\/api.w.org\/{rel}","templated":true}]}}