{"id":4500,"date":"2015-06-19T19:55:54","date_gmt":"2015-06-19T17:55:54","guid":{"rendered":"http:\/\/archeo.pixelcreatures.at\/it\/?p=4500"},"modified":"2016-03-15T20:22:08","modified_gmt":"2016-03-15T19:22:08","slug":"interview_marchesini_niederkofler_it","status":"publish","type":"post","link":"https:\/\/www.archeoparc.it\/it\/2015\/interview_marchesini_niederkofler_it\/","title":{"rendered":"interview_marchesini_niederkofler_it"},"content":{"rendered":"<h2>Un intervista con le curatrici della mostra &#8220;Ma \u00d6tzi, che lingua parlava?&#8221;<\/h2>\n<p>Domenica sar\u00e0 inaugurata la mostra temporanea di quest&#8217;anno. Simone Bacher ha incontrato le curatrici Simona Marchesini e Johanna Niederkofler per un intervista:<\/p>\n<p><strong>Di cosa parla la mostra?<\/strong><\/p>\n<p><strong>Johanna Niederkofler:<\/strong> La mostra cerca di spiegare la storia della lingua dalle origini fino alle lingue contemporanee. Abbiamo scelto di focalizzare in particolare le lingue e le scritture locali. Presentiamo anche dei precursori della scrittura e ci chiediamo come anche ai giorni nostri alcune societ\u00e0 possano vivere ed esprimersi senza scrittura.<\/p>\n<p><strong>Simona Marchesini:<\/strong> Ci siamo concentrati particolarmente su dei fenomeni tipici della regione \u2013 come il plurilinguismo\/multilinguismo- e ovviamente sui tempi di \u00d6tzi. Siamo partiti dalla situazione linguistica del primo millennio avanti Cristo, che, grazie a documenti scritti, conosciamo meglio delle epoche precedenti, per formulare delle ipotesi sui tempi pi\u00f9 antichi.<\/p>\n<p><strong>Johanna Niederkofler:<\/strong> Ogni lingua segue una sua logica. La mostra racconta anche di questa pluralit\u00e0 di strategie comunicative. Vorremmo stimolare i visitatori\/le visitatrici a confrontare le lingue e le variet\u00e0 di lingue che parlano, scoprendo le loro similitudini e differenze.<\/p>\n<p><strong>Come \u00e8 nata l\u2019idea della mostra?<\/strong><\/p>\n<p><strong>Simona Marchesini:<\/strong> Lo scorso autunno ci siamo incontrate a un convegno in Austria e abbiamo chiacchierato a lungo. Cos\u00ec \u00e8 nata l\u2019idea.<\/p>\n<p><strong>Johanna Niederkofler:<\/strong> Spesso io ed il mio team siamo chiamati dai visitatori a confrontarci sulla domanda se \u00d6tzi parlasse e quale fosse la sua lingua. Con la dott.ssa Marchesini ho conosciuto la persona adatta per affrontare questa domanda e crearci intorno una mostra. Sia lei, sia l\u2019istituto che presiede, Alteritas &#8211; Interazione tra i popoli, si occupano da anni dello scambio interculturale in societ\u00e0 moderne e storiche. Condividiamo inoltre la passione e la curiosit\u00e0 di trovare analogie e differenze nelle varie epoche storiche e di renderle accessibili a tutti.<\/p>\n<p><strong>Simona Marchesini:<\/strong> Da subito abbiamo scoperto un interesse comune nell\u2019indagare l\u2019attualit\u00e0 dei dati antichi. La dott.ssa Niederkofler si \u00e8 mostrata molto interessata alle mie tematiche linguistiche e le Sue domande sulle lingue parlate ai tempi di \u00d6tzi e in generale mi hanno motivata ad accettare la collaborazione. L\u2019archeologia e la linguistica sono due discipline molto diverse ma allo stesso tempo anche molto connesse. Guardandomi indietro devo dire che trattare delle domande fondamentali della storia dell\u2019umanit\u00e0 \u2013 come lo sono quelle legate alla lingua \u2013 e renderle accessibili a un pubblico pi\u00f9 ampio \u00e8 stata per me un esperienza molto appagante.<\/p>\n<p><strong>Cosa sappiamo oggi sulla situazione linguistica ai tempi di \u00d6tzi?<\/strong><\/p>\n<p><strong>Simona Marchesini:<\/strong> Purtroppo non abbiamo fonti scritte sulla situazione linguistica dell\u2019arco alpino nel III millennio a.C. Per\u00f2 partendo dallo scenario linguistico dell\u2019et\u00e0 del Ferro \u00e8 possibile formulare delle ipotesi. \u00c8 probabile che ai tempi di \u00d6tzi la situazione fosse simile a quella dell`et\u00e0 del Ferro e ancor prima del Bronzo, e che si parlassero nella zona in primo luogo il Retico, lingua non indo-europea, ce alcune lingue indogermaniche come ad esempio il Celtico.<\/p>\n<p><strong>A quale epoca risalgono i documenti scritti pi\u00f9 antichi della nostra regione?<\/strong><\/p>\n<p><strong>Simona Marchesini:<\/strong> I documenti pi\u00f9 antichi risalgono alla fine del VI secolo a.C.. All\u2019epoca i Reti, o meglio le loro \u2019\u00e9lites, hanno imparato l\u2019alfabeto probabilmente dagli Etruschi insediati nella pianura padana. La scrittura per loro dev\u2019essere stata un segno sfarzoso del loro potere. Tra l\u2019altro fu usata per dare risalto e per confermare doni fatti a persone e a divinit\u00e0. Queste iscrizioni di consacrazione e di donazione le conosciamo anche da altre aree culturali dell\u2019Italia antica e anche per periodi pi\u00f9 tardi, come l\u2019epoca cristiana.<\/p>\n<p><strong>A quale pubblico si rivolge la mostra?<\/strong><\/p>\n<p><strong>Johanna Niederkofler:<\/strong> La mostra \u00e8 rivolta a chiunque abbia voglia di riflettere su perch\u00e9 il mondo di oggi sia cos\u00ec com\u2019\u00e8 e su cosa abbia portato alla situazione odierna.<\/p>\n<p><strong>Simona Marchesini:<\/strong> Il target che abbiamo in mente sin dall\u2019inizio \u00e8 l\u2019insieme variopinto dei visitatori e delle visitatrici dell\u2019archeoParc.<\/p>\n<p><strong>Johanna Niederkofler:<\/strong> In particolar modo abbiamo pensato a tutte le persone che tornano da noi pi\u00f9 volte e ci fanno domande proprio su questa tematica. Non ci stiamo rivolgendo sicuramente a un pubblico di professionisti o a chi \u00e8 poco interessato a un approfondimento. Spero che la mostra riesca ad ampliare il cerchio dei visitatori e delle visitatrici che capiscono ed apprezzano l\u2019organizzazione linguistico-federativa delle nostre proposte.<\/p>\n<p><strong>Esponete diversi oggetti nella mostra sulla lingua. Cosa possiamo aspettarci?<\/strong><\/p>\n<p><strong>Simona Marchesini:<\/strong> \u00c8 dall\u2019inizio dei preparativi che discutiamo su quali oggetti si prestino per illustrare la lingua e la sua storia. Dalle epoche recenti abbiamo preso delle registrazioni sonore, dalle quelle pi\u00f9 antiche a parte qualche accenno indiretto, abbiamo invece praticamente soltanto testimonianze scritte di singole lingue.<\/p>\n<p><strong>Johanna Niederkofler:<\/strong> Alla fine abbiamo optato per degli oggetti che cercano di invogliare il visitatore a riflettere sulle diverse funzioni della lingua parlata e soprattutto scritta: dalla lista della spesa al nodo nel fazzoletto, dalla dedica religiosa su un piatto di portata ai segni di propriet\u00e0 incisi sulle orecchie degli animali o alle tacche intagliate su stecche di legno che fissano diritti e doveri.<\/p>\n<p><strong>E il visitatore pu\u00f2 fare qualcosa nella mostra?<\/strong><\/p>\n<p>Johanna Niederkofler: Certo. Come da consuetudine qui all\u2019archeoParc in ogni mostra offriamo qualcosa per tenere impegnati sia la testa sia le mani. Concretamente ci\u00f2 significa che si pu\u00f2 per esempio realizzare una tavoletta di argilla e inciderci segni di varie scritture. Noi mettiamo a disposizione materiali e attrezzi e invitiamo tutti a sfruttare le proprie capacit\u00e0 \u2013 manuali e linguistiche \u2013 per creare una traccia scritta della loro visita.<\/p>\n","protected":false},"excerpt":{"rendered":"<p>Un intervista con le curatrici della mostra &#8220;Ma \u00d6tzi, che lingua parlava?&#8221; Domenica sar\u00e0 inaugurata la mostra temporanea di quest&#8217;anno. Simone Bacher ha incontrato le curatrici Simona Marchesini e Johanna [&hellip;]<\/p>\n","protected":false},"author":2,"featured_media":0,"comment_status":"closed","ping_status":"closed","sticky":false,"template":"","format":"standard","meta":{"_acf_changed":false,"_tec_requires_first_save":true,"_EventAllDay":false,"_EventTimezone":"","_EventStartDate":"","_EventEndDate":"","_EventStartDateUTC":"","_EventEndDateUTC":"","_EventShowMap":false,"_EventShowMapLink":false,"_EventURL":"","_EventCost":"","_EventCostDescription":"","_EventCurrencySymbol":"","_EventCurrencyCode":"","_EventCurrencyPosition":"","_EventDateTimeSeparator":"","_EventTimeRangeSeparator":"","_EventOrganizerID":[],"_EventVenueID":[],"_OrganizerEmail":"","_OrganizerPhone":"","_OrganizerWebsite":"","_VenueAddress":"","_VenueCity":"","_VenueCountry":"","_VenueProvince":"","_VenueState":"","_VenueZip":"","_VenuePhone":"","_VenueURL":"","_VenueStateProvince":"","_VenueLat":"","_VenueLng":"","_VenueShowMap":false,"_VenueShowMapLink":false,"_tribe_blocks_recurrence_rules":"","_tribe_blocks_recurrence_description":"","_tribe_blocks_recurrence_exclusions":"","footnotes":""},"categories":[166],"tags":[],"class_list":["post-4500","post","type-post","status-publish","format-standard","hentry","category-background-it"],"acf":[],"yoast_head":"<!-- This site is optimized with the Yoast SEO plugin v27.5 - https:\/\/yoast.com\/product\/yoast-seo-wordpress\/ -->\n<title>interview_marchesini_niederkofler_it | archeoParc Schnalstal<\/title>\n<meta name=\"robots\" content=\"index, follow, max-snippet:-1, max-image-preview:large, max-video-preview:-1\" \/>\n<link rel=\"canonical\" href=\"https:\/\/www.archeoparc.it\/it\/2015\/interview_marchesini_niederkofler_it\/\" \/>\n<meta name=\"twitter:label1\" content=\"Scritto da\" \/>\n\t<meta name=\"twitter:data1\" content=\"Johanna\" \/>\n\t<meta name=\"twitter:label2\" content=\"Tempo di lettura stimato\" \/>\n\t<meta name=\"twitter:data2\" content=\"5 minuti\" \/>\n<script type=\"application\/ld+json\" class=\"yoast-schema-graph\">{\"@context\":\"https:\\\/\\\/schema.org\",\"@graph\":[{\"@type\":\"Article\",\"@id\":\"https:\\\/\\\/www.archeoparc.it\\\/it\\\/2015\\\/interview_marchesini_niederkofler_it\\\/#article\",\"isPartOf\":{\"@id\":\"https:\\\/\\\/www.archeoparc.it\\\/it\\\/2015\\\/interview_marchesini_niederkofler_it\\\/\"},\"author\":{\"name\":\"Johanna\",\"@id\":\"https:\\\/\\\/www.archeoparc.it\\\/#\\\/schema\\\/person\\\/b3065be180d841249307ecd9726611cf\"},\"headline\":\"interview_marchesini_niederkofler_it\",\"datePublished\":\"2015-06-19T17:55:54+00:00\",\"dateModified\":\"2016-03-15T19:22:08+00:00\",\"mainEntityOfPage\":{\"@id\":\"https:\\\/\\\/www.archeoparc.it\\\/it\\\/2015\\\/interview_marchesini_niederkofler_it\\\/\"},\"wordCount\":915,\"publisher\":{\"@id\":\"https:\\\/\\\/www.archeoparc.it\\\/#organization\"},\"articleSection\":[\"Background\"],\"inLanguage\":\"it-IT\"},{\"@type\":\"WebPage\",\"@id\":\"https:\\\/\\\/www.archeoparc.it\\\/it\\\/2015\\\/interview_marchesini_niederkofler_it\\\/\",\"url\":\"https:\\\/\\\/www.archeoparc.it\\\/it\\\/2015\\\/interview_marchesini_niederkofler_it\\\/\",\"name\":\"interview_marchesini_niederkofler_it | archeoParc Schnalstal\",\"isPartOf\":{\"@id\":\"https:\\\/\\\/www.archeoparc.it\\\/#website\"},\"datePublished\":\"2015-06-19T17:55:54+00:00\",\"dateModified\":\"2016-03-15T19:22:08+00:00\",\"inLanguage\":\"it-IT\",\"potentialAction\":[{\"@type\":\"ReadAction\",\"target\":[\"https:\\\/\\\/www.archeoparc.it\\\/it\\\/2015\\\/interview_marchesini_niederkofler_it\\\/\"]}]},{\"@type\":\"WebSite\",\"@id\":\"https:\\\/\\\/www.archeoparc.it\\\/#website\",\"url\":\"https:\\\/\\\/www.archeoparc.it\\\/\",\"name\":\"archeoParc Schnalstal\",\"description\":\"Arch\u00e4ologisches Freilichtmuseum\",\"publisher\":{\"@id\":\"https:\\\/\\\/www.archeoparc.it\\\/#organization\"},\"potentialAction\":[{\"@type\":\"SearchAction\",\"target\":{\"@type\":\"EntryPoint\",\"urlTemplate\":\"https:\\\/\\\/www.archeoparc.it\\\/?s={search_term_string}\"},\"query-input\":{\"@type\":\"PropertyValueSpecification\",\"valueRequired\":true,\"valueName\":\"search_term_string\"}}],\"inLanguage\":\"it-IT\"},{\"@type\":\"Organization\",\"@id\":\"https:\\\/\\\/www.archeoparc.it\\\/#organization\",\"name\":\"archeoparc Schnalstal\",\"url\":\"https:\\\/\\\/www.archeoparc.it\\\/\",\"logo\":{\"@type\":\"ImageObject\",\"inLanguage\":\"it-IT\",\"@id\":\"https:\\\/\\\/www.archeoparc.it\\\/#\\\/schema\\\/logo\\\/image\\\/\",\"url\":\"https:\\\/\\\/www.archeoparc.it\\\/wp-content\\\/uploads\\\/cropped-archeoparc_logo_sw.png\",\"contentUrl\":\"https:\\\/\\\/www.archeoparc.it\\\/wp-content\\\/uploads\\\/cropped-archeoparc_logo_sw.png\",\"width\":654,\"height\":211,\"caption\":\"archeoparc Schnalstal\"},\"image\":{\"@id\":\"https:\\\/\\\/www.archeoparc.it\\\/#\\\/schema\\\/logo\\\/image\\\/\"}},{\"@type\":\"Person\",\"@id\":\"https:\\\/\\\/www.archeoparc.it\\\/#\\\/schema\\\/person\\\/b3065be180d841249307ecd9726611cf\",\"name\":\"Johanna\",\"image\":{\"@type\":\"ImageObject\",\"inLanguage\":\"it-IT\",\"@id\":\"https:\\\/\\\/secure.gravatar.com\\\/avatar\\\/d2fea4fe845dc1970d9b7702e5120165a019feaf750a97d4e682e0db17aff987?s=96&d=mm&r=g\",\"url\":\"https:\\\/\\\/secure.gravatar.com\\\/avatar\\\/d2fea4fe845dc1970d9b7702e5120165a019feaf750a97d4e682e0db17aff987?s=96&d=mm&r=g\",\"contentUrl\":\"https:\\\/\\\/secure.gravatar.com\\\/avatar\\\/d2fea4fe845dc1970d9b7702e5120165a019feaf750a97d4e682e0db17aff987?s=96&d=mm&r=g\",\"caption\":\"Johanna\"}}]}<\/script>\n<!-- \/ Yoast SEO plugin. -->","yoast_head_json":{"title":"interview_marchesini_niederkofler_it | archeoParc Schnalstal","robots":{"index":"index","follow":"follow","max-snippet":"max-snippet:-1","max-image-preview":"max-image-preview:large","max-video-preview":"max-video-preview:-1"},"canonical":"https:\/\/www.archeoparc.it\/it\/2015\/interview_marchesini_niederkofler_it\/","twitter_misc":{"Scritto da":"Johanna","Tempo di lettura stimato":"5 minuti"},"schema":{"@context":"https:\/\/schema.org","@graph":[{"@type":"Article","@id":"https:\/\/www.archeoparc.it\/it\/2015\/interview_marchesini_niederkofler_it\/#article","isPartOf":{"@id":"https:\/\/www.archeoparc.it\/it\/2015\/interview_marchesini_niederkofler_it\/"},"author":{"name":"Johanna","@id":"https:\/\/www.archeoparc.it\/#\/schema\/person\/b3065be180d841249307ecd9726611cf"},"headline":"interview_marchesini_niederkofler_it","datePublished":"2015-06-19T17:55:54+00:00","dateModified":"2016-03-15T19:22:08+00:00","mainEntityOfPage":{"@id":"https:\/\/www.archeoparc.it\/it\/2015\/interview_marchesini_niederkofler_it\/"},"wordCount":915,"publisher":{"@id":"https:\/\/www.archeoparc.it\/#organization"},"articleSection":["Background"],"inLanguage":"it-IT"},{"@type":"WebPage","@id":"https:\/\/www.archeoparc.it\/it\/2015\/interview_marchesini_niederkofler_it\/","url":"https:\/\/www.archeoparc.it\/it\/2015\/interview_marchesini_niederkofler_it\/","name":"interview_marchesini_niederkofler_it | archeoParc Schnalstal","isPartOf":{"@id":"https:\/\/www.archeoparc.it\/#website"},"datePublished":"2015-06-19T17:55:54+00:00","dateModified":"2016-03-15T19:22:08+00:00","inLanguage":"it-IT","potentialAction":[{"@type":"ReadAction","target":["https:\/\/www.archeoparc.it\/it\/2015\/interview_marchesini_niederkofler_it\/"]}]},{"@type":"WebSite","@id":"https:\/\/www.archeoparc.it\/#website","url":"https:\/\/www.archeoparc.it\/","name":"archeoParc Schnalstal","description":"Arch\u00e4ologisches Freilichtmuseum","publisher":{"@id":"https:\/\/www.archeoparc.it\/#organization"},"potentialAction":[{"@type":"SearchAction","target":{"@type":"EntryPoint","urlTemplate":"https:\/\/www.archeoparc.it\/?s={search_term_string}"},"query-input":{"@type":"PropertyValueSpecification","valueRequired":true,"valueName":"search_term_string"}}],"inLanguage":"it-IT"},{"@type":"Organization","@id":"https:\/\/www.archeoparc.it\/#organization","name":"archeoparc Schnalstal","url":"https:\/\/www.archeoparc.it\/","logo":{"@type":"ImageObject","inLanguage":"it-IT","@id":"https:\/\/www.archeoparc.it\/#\/schema\/logo\/image\/","url":"https:\/\/www.archeoparc.it\/wp-content\/uploads\/cropped-archeoparc_logo_sw.png","contentUrl":"https:\/\/www.archeoparc.it\/wp-content\/uploads\/cropped-archeoparc_logo_sw.png","width":654,"height":211,"caption":"archeoparc Schnalstal"},"image":{"@id":"https:\/\/www.archeoparc.it\/#\/schema\/logo\/image\/"}},{"@type":"Person","@id":"https:\/\/www.archeoparc.it\/#\/schema\/person\/b3065be180d841249307ecd9726611cf","name":"Johanna","image":{"@type":"ImageObject","inLanguage":"it-IT","@id":"https:\/\/secure.gravatar.com\/avatar\/d2fea4fe845dc1970d9b7702e5120165a019feaf750a97d4e682e0db17aff987?s=96&d=mm&r=g","url":"https:\/\/secure.gravatar.com\/avatar\/d2fea4fe845dc1970d9b7702e5120165a019feaf750a97d4e682e0db17aff987?s=96&d=mm&r=g","contentUrl":"https:\/\/secure.gravatar.com\/avatar\/d2fea4fe845dc1970d9b7702e5120165a019feaf750a97d4e682e0db17aff987?s=96&d=mm&r=g","caption":"Johanna"}}]}},"_links":{"self":[{"href":"https:\/\/www.archeoparc.it\/it\/wp-json\/wp\/v2\/posts\/4500","targetHints":{"allow":["GET"]}}],"collection":[{"href":"https:\/\/www.archeoparc.it\/it\/wp-json\/wp\/v2\/posts"}],"about":[{"href":"https:\/\/www.archeoparc.it\/it\/wp-json\/wp\/v2\/types\/post"}],"author":[{"embeddable":true,"href":"https:\/\/www.archeoparc.it\/it\/wp-json\/wp\/v2\/users\/2"}],"replies":[{"embeddable":true,"href":"https:\/\/www.archeoparc.it\/it\/wp-json\/wp\/v2\/comments?post=4500"}],"version-history":[{"count":0,"href":"https:\/\/www.archeoparc.it\/it\/wp-json\/wp\/v2\/posts\/4500\/revisions"}],"wp:attachment":[{"href":"https:\/\/www.archeoparc.it\/it\/wp-json\/wp\/v2\/media?parent=4500"}],"wp:term":[{"taxonomy":"category","embeddable":true,"href":"https:\/\/www.archeoparc.it\/it\/wp-json\/wp\/v2\/categories?post=4500"},{"taxonomy":"post_tag","embeddable":true,"href":"https:\/\/www.archeoparc.it\/it\/wp-json\/wp\/v2\/tags?post=4500"}],"curies":[{"name":"wp","href":"https:\/\/api.w.org\/{rel}","templated":true}]}}