{"id":47305,"date":"2024-09-09T08:35:00","date_gmt":"2024-09-09T06:35:00","guid":{"rendered":"https:\/\/www.archeoparc.it\/?p=47305"},"modified":"2024-09-13T11:52:16","modified_gmt":"2024-09-13T09:52:16","slug":"pecore-cultura-e-delizie-culinarie-una-settimana-di-divertimento-in-val-senales-a-settembre","status":"publish","type":"post","link":"https:\/\/www.archeoparc.it\/it\/2024\/pecore-cultura-e-delizie-culinarie-una-settimana-di-divertimento-in-val-senales-a-settembre\/","title":{"rendered":"Pecore, cultura e delizie culinarie: una settimana di divertimento in Val Senales a settembre"},"content":{"rendered":"\n<p class=\"has-medium-font-size\">Il ritorno delle pecore, che hanno trascorso l&#8217;estate sugli alti pascoli, \u00e8 da secoli una gradita occasione di festa in molti luoghi del mondo. \u00c8 cos\u00ec anche in Val Senales.<\/p>\n\n\n\n<figure class=\"wp-block-image size-large\"><img loading=\"lazy\" decoding=\"async\" width=\"1024\" height=\"684\" src=\"https:\/\/www.archeoparc.it\/wp-content\/uploads\/archeoparc-schnalstal-16031-1024x684.jpg\" alt=\"\" class=\"wp-image-14262\" srcset=\"https:\/\/www.archeoparc.it\/wp-content\/uploads\/archeoparc-schnalstal-16031.jpg 1024w, https:\/\/www.archeoparc.it\/wp-content\/uploads\/archeoparc-schnalstal-16031-300x200.jpg 300w, https:\/\/www.archeoparc.it\/wp-content\/uploads\/archeoparc-schnalstal-16031-676x452.jpg 676w\" sizes=\"auto, (max-width: 1024px) 100vw, 1024px\" \/><figcaption class=\"wp-element-caption\">private, photo: Gianni Bodini<\/figcaption><\/figure>\n\n\n\n<p>\u00c8 luned\u00ec, piove e l&#8217;archeoParc della Val Senales aspetta i primi visitatori della giornata. Apparentemente nulla lascia presagire la particolarit\u00e0 della settimana che sta per iniziare. Eppure, gli occhi pi\u00f9 attenti avranno notato che da oggi le pecore hanno ripreso a pascolare su alcuni prati della Val Senales. Sono arrivate ieri dai loro pascoli estivi sul Rofenberg, nella \u00d6tztal posteriore, passando per \u00a0il Hochjoch e il rifugio <a href=\"https:\/\/www.schoeneaussicht.it\/it\" target=\"_blank\" rel=\"noreferrer noopener\">Bella Vista<\/a> a Maso Corto. Oggi trascorrono il primo giorno d&#8217;autunno pascolando sui prati dei masi del loro contadino.<\/p>\n\n\n\n<p>I loro compagni della Val Venosta centrale sono in viaggio anche oggi e domani. La loro strada verso Lasa e Corces li porta attraverso il Taschlj\u00f6chl fino alla malga di Corces nella Valle di Schlandraun e poi a casa dopo aver trascorso la notte l\u00ec.<\/p>\n\n\n\n<p>Contemporaneamente, altri allevatori della valle si preparano a riportare le loro pecore. Nei prossimi giorni, le pecore saranno condotte ai punti di raccolta nei pascoli estivi della Niedertal, anch&#8217;essa situata nella \u00d6tztal posteriore. Sabato mattina torneranno a casa passando per il Niederjoch e il <a href=\"https:\/\/www.similaunhuette.com\/en\/\" target=\"_blank\" rel=\"noreferrer noopener\">rifugio Similaun<\/a> fino a Vernago. Da l\u00ec, alcune si dirigeranno direttamente a casa, come ieri, mentre altre proseguiranno via Taschlj\u00f6chl e la valle di Schlandraun.<\/p>\n\n\n\n<p>Le pecore con il percorso pi\u00f9 lungo coprono una distanza di 45 chilometri e un dislivello di 5.000 metri. A causa di queste impressionanti distanze, i viaggi delle pecore dalla Val Venosta centrale ai pascoli estivi della valle posteriore dell&#8217;\u00d6tztal &#8211; insieme ai viaggi del bestiame in altre regioni d&#8217;Italia e in Albania, Andorra, Francia, Grecia, Lussemburgo, Austria, Croazia, Romania e Spagna &#8211; fanno ora parte del <a href=\"https:\/\/ich.unesco.org\/en\/RL\/transhumance-the-seasonal-droving-of-livestock-01964?RL=01964#\" target=\"_blank\" rel=\"noreferrer noopener\">patrimonio culturale immateriale dell&#8217;umanit\u00e0 dell&#8217;UNESCO \u201cTransumanza, l&#8217;allevamento stagionale del bestiame\u201d.<\/a><\/p>\n\n\n\n<figure class=\"wp-block-image size-large\"><img loading=\"lazy\" decoding=\"async\" width=\"1024\" height=\"685\" src=\"https:\/\/www.archeoparc.it\/wp-content\/uploads\/archeoparc-schnalstal-16008-1024x685.jpg\" alt=\"\" class=\"wp-image-13940\" srcset=\"https:\/\/www.archeoparc.it\/wp-content\/uploads\/archeoparc-schnalstal-16008-1024x685.jpg 1024w, https:\/\/www.archeoparc.it\/wp-content\/uploads\/archeoparc-schnalstal-16008-300x200.jpg 300w, https:\/\/www.archeoparc.it\/wp-content\/uploads\/archeoparc-schnalstal-16008-676x452.jpg 676w, https:\/\/www.archeoparc.it\/wp-content\/uploads\/archeoparc-schnalstal-16008.jpg 1200w\" sizes=\"auto, (max-width: 1024px) 100vw, 1024px\" \/><figcaption class=\"wp-element-caption\">private, photo: Gianni Bodini<\/figcaption><\/figure>\n\n\n\n<p class=\"has-medium-font-size\">Festeggiare e godersi il ritorno delle pecore in Val Senales<\/p>\n\n\n\n<p>Per il ritorno delle pecore vengono organizzati eventi: feste dei pastori, conferenze, eventi culinari.<\/p>\n\n\n\n<p>Il programma di quest&#8217;anno include per la prima volta un festival di spettacoli contemporanei, il \u201cNomad Fest\u201d. Artisti provenienti da diversi Paesi europei interpreteranno i temi delle pratiche locali di transumanza: letteratura, musica, danza e teatro della compagnia teatrale TeatroNatura di Roma, Silence Teatro di Bergamo, Arianna Porcelli Safonov dall&#8217;Italia centrale, Lukas Lobis di Bressanone, Akemi Takeya e Sebastian Bauer di Vienna e il collettivo Funduk di Roma. I Funduk sono artisti in residenza in Val Senales dall&#8217;inizio del mese, anche presso il nostro archeoParc.<\/p>\n\n\n\n<p>Gli eventi si svolgeranno a partire da venerd\u00ec 13 settembre alle 18:00 a Karthaus, a Kurzras e a Vernagt o, in caso di maltempo, nella Haus der Gemeinschaft a Unser Frau. Informazioni dettagliate sul programma sono disponibili sul sito web di informazione turistica.<\/p>\n\n\n\n<p>Oltre agli eventi del \u201cNomad Fest\u201d, la settimana di divertimento si conclude con i tradizionali festeggiamenti per il ritorno delle pecore al lago artificiale di Vernagt. L&#8217;associazione degli allevatori di pecore della valle vi invita a festeggiare insieme con musica, cibo e bevande.<\/p>\n\n\n\n<p>Fino alla fine del mese, le specialit\u00e0 culinarie a base di pecore della Val Senales sono offerte durante le settimane delle specialit\u00e0, alle quali partecipano 18 agricoltori, ristoranti, osterie, rifugi e malghe della Val Senales. Insieme ad altri agricoltori, artigiani, commercianti e consumatori consapevoli, formano una rete locale coordinata dalla Cooperativa turistica della Val Senales e inserita nel progetto Presidi della Fondazione internazionale Slow Food per la diversit\u00e0 biologica.<\/p>\n\n\n\n<p>I ristoranti e una selezione dei piatti proposti sono presentati nella brochure delle Settimane delle specialit\u00e0.<\/p>\n\n\n\n<figure class=\"wp-block-image size-large\"><img loading=\"lazy\" decoding=\"async\" width=\"1024\" height=\"768\" src=\"https:\/\/www.archeoparc.it\/wp-content\/uploads\/archeoparc-schnalstal-16355-1024x768.jpg\" alt=\"\" class=\"wp-image-14515\" srcset=\"https:\/\/www.archeoparc.it\/wp-content\/uploads\/archeoparc-schnalstal-16355-1024x768.jpg 1024w, https:\/\/www.archeoparc.it\/wp-content\/uploads\/archeoparc-schnalstal-16355-300x225.jpg 300w, https:\/\/www.archeoparc.it\/wp-content\/uploads\/archeoparc-schnalstal-16355-676x507.jpg 676w, https:\/\/www.archeoparc.it\/wp-content\/uploads\/archeoparc-schnalstal-16355.jpg 1200w\" sizes=\"auto, (max-width: 1024px) 100vw, 1024px\" \/><figcaption class=\"wp-element-caption\">archeoParc Schnalstal, photo: ganeshGraphics<\/figcaption><\/figure>\n\n\n\n<p class=\"has-medium-font-size\">Eventi concomitanti alla mostra \u201cLa valle del ritrovamento di \u00d6tzi\u201d presso archeoParc<\/p>\n\n\n\n<p>Il team di archeoParc vi invita a visite guidate e brevi conferenze con aperitivi e piccole degustazioni di prodotti locali nella mostra permanente sulla storia della Val Senales al piano terra del centro visitatori di archeoParc.<\/p>\n\n\n\n<p>Gli eventi si svolgono il mercoled\u00ec alle 16:00 fino alla fine di ottobre e costano 15 euro (ingresso al percorso 1 pi\u00f9 7 euro). \u00c8 possibile iscriversi direttamente presso l&#8217;archeoParc o telefonicamente al numero +39 0473 676020 o via e-mail <a href=\"mailto:info@archeoparc.it\" target=\"_blank\" rel=\"noreferrer noopener\">info@archeoparc.it<\/a>.<\/p>\n\n\n\n<figure class=\"wp-block-image size-large\"><img loading=\"lazy\" decoding=\"async\" width=\"1024\" height=\"767\" src=\"https:\/\/www.archeoparc.it\/wp-content\/uploads\/GAN1812_B0006481_ed_med-1024x767.jpg\" alt=\"Zeitnischen in den Ausstellungen des archeoParc Schnalstal illustrieren die Geschichte des Tales, in dem \u00d6tzi gefunden wurde<br\/&gt;Disegni e fotografie illustrano la storia della valle nella quale fu trovato \u00d6tzi nelle mostre dell\u0092archeoParc Val Senales<br\/&gt;A part of the exhibition at the archaeological open-air museum archeoParc val Senales explains the history of val Senales vally using drawings and photos\" class=\"wp-image-18330\" srcset=\"https:\/\/www.archeoparc.it\/wp-content\/uploads\/GAN1812_B0006481_ed_med-1024x767.jpg 1024w, https:\/\/www.archeoparc.it\/wp-content\/uploads\/GAN1812_B0006481_ed_med-300x225.jpg 300w, https:\/\/www.archeoparc.it\/wp-content\/uploads\/GAN1812_B0006481_ed_med-676x507.jpg 676w\" sizes=\"auto, (max-width: 1024px) 100vw, 1024px\" \/><figcaption class=\"wp-element-caption\">archeoParc Schnalstal, photo: Ganesh Neumair<\/figcaption><\/figure>\n","protected":false},"excerpt":{"rendered":"<p>Il ritorno delle pecore, che hanno trascorso l&#8217;estate sugli alti pascoli, \u00e8 da secoli una gradita occasione di festa in molti luoghi del mondo. \u00c8 cos\u00ec anche in Val Senales. [&hellip;]<\/p>\n","protected":false},"author":2,"featured_media":13926,"comment_status":"closed","ping_status":"closed","sticky":false,"template":"","format":"standard","meta":{"_acf_changed":false,"_tec_requires_first_save":true,"_EventAllDay":false,"_EventTimezone":"","_EventStartDate":"","_EventEndDate":"","_EventStartDateUTC":"","_EventEndDateUTC":"","_EventShowMap":false,"_EventShowMapLink":false,"_EventURL":"","_EventCost":"","_EventCostDescription":"","_EventCurrencySymbol":"","_EventCurrencyCode":"","_EventCurrencyPosition":"","_EventDateTimeSeparator":"","_EventTimeRangeSeparator":"","_EventOrganizerID":[],"_EventVenueID":[],"_OrganizerEmail":"","_OrganizerPhone":"","_OrganizerWebsite":"","_VenueAddress":"","_VenueCity":"","_VenueCountry":"","_VenueProvince":"","_VenueState":"","_VenueZip":"","_VenuePhone":"","_VenueURL":"","_VenueStateProvince":"","_VenueLat":"","_VenueLng":"","_VenueShowMap":false,"_VenueShowMapLink":false,"_tribe_blocks_recurrence_rules":"","_tribe_blocks_recurrence_description":"","_tribe_blocks_recurrence_exclusions":"","footnotes":""},"categories":[174],"tags":[],"class_list":["post-47305","post","type-post","status-publish","format-standard","has-post-thumbnail","hentry","category-recommended-for-your-it"],"acf":[],"yoast_head":"<!-- This site is optimized with the Yoast SEO plugin v27.5 - https:\/\/yoast.com\/product\/yoast-seo-wordpress\/ -->\n<title>Pecore, cultura e delizie culinarie: una settimana di divertimento in Val Senales a settembre | archeoParc Schnalstal<\/title>\n<meta name=\"robots\" content=\"index, follow, max-snippet:-1, max-image-preview:large, max-video-preview:-1\" \/>\n<link rel=\"canonical\" href=\"https:\/\/www.archeoparc.it\/it\/2024\/pecore-cultura-e-delizie-culinarie-una-settimana-di-divertimento-in-val-senales-a-settembre\/\" \/>\n<meta name=\"twitter:label1\" content=\"Scritto da\" \/>\n\t<meta name=\"twitter:data1\" content=\"Johanna\" \/>\n\t<meta name=\"twitter:label2\" content=\"Tempo di lettura stimato\" \/>\n\t<meta name=\"twitter:data2\" content=\"6 minuti\" \/>\n<script type=\"application\/ld+json\" class=\"yoast-schema-graph\">{\"@context\":\"https:\\\/\\\/schema.org\",\"@graph\":[{\"@type\":\"Article\",\"@id\":\"https:\\\/\\\/www.archeoparc.it\\\/it\\\/2024\\\/pecore-cultura-e-delizie-culinarie-una-settimana-di-divertimento-in-val-senales-a-settembre\\\/#article\",\"isPartOf\":{\"@id\":\"https:\\\/\\\/www.archeoparc.it\\\/it\\\/2024\\\/pecore-cultura-e-delizie-culinarie-una-settimana-di-divertimento-in-val-senales-a-settembre\\\/\"},\"author\":{\"name\":\"Johanna\",\"@id\":\"https:\\\/\\\/www.archeoparc.it\\\/#\\\/schema\\\/person\\\/b3065be180d841249307ecd9726611cf\"},\"headline\":\"Pecore, cultura e delizie culinarie: una settimana di divertimento in Val Senales a settembre\",\"datePublished\":\"2024-09-09T06:35:00+00:00\",\"dateModified\":\"2024-09-13T09:52:16+00:00\",\"mainEntityOfPage\":{\"@id\":\"https:\\\/\\\/www.archeoparc.it\\\/it\\\/2024\\\/pecore-cultura-e-delizie-culinarie-una-settimana-di-divertimento-in-val-senales-a-settembre\\\/\"},\"wordCount\":709,\"publisher\":{\"@id\":\"https:\\\/\\\/www.archeoparc.it\\\/#organization\"},\"image\":{\"@id\":\"https:\\\/\\\/www.archeoparc.it\\\/it\\\/2024\\\/pecore-cultura-e-delizie-culinarie-una-settimana-di-divertimento-in-val-senales-a-settembre\\\/#primaryimage\"},\"thumbnailUrl\":\"https:\\\/\\\/www.archeoparc.it\\\/wp-content\\\/uploads\\\/archeoparc-schnalstal-16035.jpg\",\"articleSection\":[\"Recommended for you\"],\"inLanguage\":\"it-IT\"},{\"@type\":\"WebPage\",\"@id\":\"https:\\\/\\\/www.archeoparc.it\\\/it\\\/2024\\\/pecore-cultura-e-delizie-culinarie-una-settimana-di-divertimento-in-val-senales-a-settembre\\\/\",\"url\":\"https:\\\/\\\/www.archeoparc.it\\\/it\\\/2024\\\/pecore-cultura-e-delizie-culinarie-una-settimana-di-divertimento-in-val-senales-a-settembre\\\/\",\"name\":\"Pecore, cultura e delizie culinarie: una settimana di divertimento in Val Senales a settembre | archeoParc Schnalstal\",\"isPartOf\":{\"@id\":\"https:\\\/\\\/www.archeoparc.it\\\/#website\"},\"primaryImageOfPage\":{\"@id\":\"https:\\\/\\\/www.archeoparc.it\\\/it\\\/2024\\\/pecore-cultura-e-delizie-culinarie-una-settimana-di-divertimento-in-val-senales-a-settembre\\\/#primaryimage\"},\"image\":{\"@id\":\"https:\\\/\\\/www.archeoparc.it\\\/it\\\/2024\\\/pecore-cultura-e-delizie-culinarie-una-settimana-di-divertimento-in-val-senales-a-settembre\\\/#primaryimage\"},\"thumbnailUrl\":\"https:\\\/\\\/www.archeoparc.it\\\/wp-content\\\/uploads\\\/archeoparc-schnalstal-16035.jpg\",\"datePublished\":\"2024-09-09T06:35:00+00:00\",\"dateModified\":\"2024-09-13T09:52:16+00:00\",\"inLanguage\":\"it-IT\",\"potentialAction\":[{\"@type\":\"ReadAction\",\"target\":[\"https:\\\/\\\/www.archeoparc.it\\\/it\\\/2024\\\/pecore-cultura-e-delizie-culinarie-una-settimana-di-divertimento-in-val-senales-a-settembre\\\/\"]}]},{\"@type\":\"ImageObject\",\"inLanguage\":\"it-IT\",\"@id\":\"https:\\\/\\\/www.archeoparc.it\\\/it\\\/2024\\\/pecore-cultura-e-delizie-culinarie-una-settimana-di-divertimento-in-val-senales-a-settembre\\\/#primaryimage\",\"url\":\"https:\\\/\\\/www.archeoparc.it\\\/wp-content\\\/uploads\\\/archeoparc-schnalstal-16035.jpg\",\"contentUrl\":\"https:\\\/\\\/www.archeoparc.it\\\/wp-content\\\/uploads\\\/archeoparc-schnalstal-16035.jpg\",\"width\":1200,\"height\":786,\"caption\":\"private, photo: Gianni Bodini\"},{\"@type\":\"WebSite\",\"@id\":\"https:\\\/\\\/www.archeoparc.it\\\/#website\",\"url\":\"https:\\\/\\\/www.archeoparc.it\\\/\",\"name\":\"archeoParc Schnalstal\",\"description\":\"Arch\u00e4ologisches Freilichtmuseum\",\"publisher\":{\"@id\":\"https:\\\/\\\/www.archeoparc.it\\\/#organization\"},\"potentialAction\":[{\"@type\":\"SearchAction\",\"target\":{\"@type\":\"EntryPoint\",\"urlTemplate\":\"https:\\\/\\\/www.archeoparc.it\\\/?s={search_term_string}\"},\"query-input\":{\"@type\":\"PropertyValueSpecification\",\"valueRequired\":true,\"valueName\":\"search_term_string\"}}],\"inLanguage\":\"it-IT\"},{\"@type\":\"Organization\",\"@id\":\"https:\\\/\\\/www.archeoparc.it\\\/#organization\",\"name\":\"archeoparc Schnalstal\",\"url\":\"https:\\\/\\\/www.archeoparc.it\\\/\",\"logo\":{\"@type\":\"ImageObject\",\"inLanguage\":\"it-IT\",\"@id\":\"https:\\\/\\\/www.archeoparc.it\\\/#\\\/schema\\\/logo\\\/image\\\/\",\"url\":\"https:\\\/\\\/www.archeoparc.it\\\/wp-content\\\/uploads\\\/cropped-archeoparc_logo_sw.png\",\"contentUrl\":\"https:\\\/\\\/www.archeoparc.it\\\/wp-content\\\/uploads\\\/cropped-archeoparc_logo_sw.png\",\"width\":654,\"height\":211,\"caption\":\"archeoparc Schnalstal\"},\"image\":{\"@id\":\"https:\\\/\\\/www.archeoparc.it\\\/#\\\/schema\\\/logo\\\/image\\\/\"}},{\"@type\":\"Person\",\"@id\":\"https:\\\/\\\/www.archeoparc.it\\\/#\\\/schema\\\/person\\\/b3065be180d841249307ecd9726611cf\",\"name\":\"Johanna\",\"image\":{\"@type\":\"ImageObject\",\"inLanguage\":\"it-IT\",\"@id\":\"https:\\\/\\\/secure.gravatar.com\\\/avatar\\\/d2fea4fe845dc1970d9b7702e5120165a019feaf750a97d4e682e0db17aff987?s=96&d=mm&r=g\",\"url\":\"https:\\\/\\\/secure.gravatar.com\\\/avatar\\\/d2fea4fe845dc1970d9b7702e5120165a019feaf750a97d4e682e0db17aff987?s=96&d=mm&r=g\",\"contentUrl\":\"https:\\\/\\\/secure.gravatar.com\\\/avatar\\\/d2fea4fe845dc1970d9b7702e5120165a019feaf750a97d4e682e0db17aff987?s=96&d=mm&r=g\",\"caption\":\"Johanna\"}}]}<\/script>\n<!-- \/ Yoast SEO plugin. -->","yoast_head_json":{"title":"Pecore, cultura e delizie culinarie: una settimana di divertimento in Val Senales a settembre | archeoParc Schnalstal","robots":{"index":"index","follow":"follow","max-snippet":"max-snippet:-1","max-image-preview":"max-image-preview:large","max-video-preview":"max-video-preview:-1"},"canonical":"https:\/\/www.archeoparc.it\/it\/2024\/pecore-cultura-e-delizie-culinarie-una-settimana-di-divertimento-in-val-senales-a-settembre\/","twitter_misc":{"Scritto da":"Johanna","Tempo di lettura stimato":"6 minuti"},"schema":{"@context":"https:\/\/schema.org","@graph":[{"@type":"Article","@id":"https:\/\/www.archeoparc.it\/it\/2024\/pecore-cultura-e-delizie-culinarie-una-settimana-di-divertimento-in-val-senales-a-settembre\/#article","isPartOf":{"@id":"https:\/\/www.archeoparc.it\/it\/2024\/pecore-cultura-e-delizie-culinarie-una-settimana-di-divertimento-in-val-senales-a-settembre\/"},"author":{"name":"Johanna","@id":"https:\/\/www.archeoparc.it\/#\/schema\/person\/b3065be180d841249307ecd9726611cf"},"headline":"Pecore, cultura e delizie culinarie: una settimana di divertimento in Val Senales a settembre","datePublished":"2024-09-09T06:35:00+00:00","dateModified":"2024-09-13T09:52:16+00:00","mainEntityOfPage":{"@id":"https:\/\/www.archeoparc.it\/it\/2024\/pecore-cultura-e-delizie-culinarie-una-settimana-di-divertimento-in-val-senales-a-settembre\/"},"wordCount":709,"publisher":{"@id":"https:\/\/www.archeoparc.it\/#organization"},"image":{"@id":"https:\/\/www.archeoparc.it\/it\/2024\/pecore-cultura-e-delizie-culinarie-una-settimana-di-divertimento-in-val-senales-a-settembre\/#primaryimage"},"thumbnailUrl":"https:\/\/www.archeoparc.it\/wp-content\/uploads\/archeoparc-schnalstal-16035.jpg","articleSection":["Recommended for you"],"inLanguage":"it-IT"},{"@type":"WebPage","@id":"https:\/\/www.archeoparc.it\/it\/2024\/pecore-cultura-e-delizie-culinarie-una-settimana-di-divertimento-in-val-senales-a-settembre\/","url":"https:\/\/www.archeoparc.it\/it\/2024\/pecore-cultura-e-delizie-culinarie-una-settimana-di-divertimento-in-val-senales-a-settembre\/","name":"Pecore, cultura e delizie culinarie: una settimana di divertimento in Val Senales a settembre | archeoParc Schnalstal","isPartOf":{"@id":"https:\/\/www.archeoparc.it\/#website"},"primaryImageOfPage":{"@id":"https:\/\/www.archeoparc.it\/it\/2024\/pecore-cultura-e-delizie-culinarie-una-settimana-di-divertimento-in-val-senales-a-settembre\/#primaryimage"},"image":{"@id":"https:\/\/www.archeoparc.it\/it\/2024\/pecore-cultura-e-delizie-culinarie-una-settimana-di-divertimento-in-val-senales-a-settembre\/#primaryimage"},"thumbnailUrl":"https:\/\/www.archeoparc.it\/wp-content\/uploads\/archeoparc-schnalstal-16035.jpg","datePublished":"2024-09-09T06:35:00+00:00","dateModified":"2024-09-13T09:52:16+00:00","inLanguage":"it-IT","potentialAction":[{"@type":"ReadAction","target":["https:\/\/www.archeoparc.it\/it\/2024\/pecore-cultura-e-delizie-culinarie-una-settimana-di-divertimento-in-val-senales-a-settembre\/"]}]},{"@type":"ImageObject","inLanguage":"it-IT","@id":"https:\/\/www.archeoparc.it\/it\/2024\/pecore-cultura-e-delizie-culinarie-una-settimana-di-divertimento-in-val-senales-a-settembre\/#primaryimage","url":"https:\/\/www.archeoparc.it\/wp-content\/uploads\/archeoparc-schnalstal-16035.jpg","contentUrl":"https:\/\/www.archeoparc.it\/wp-content\/uploads\/archeoparc-schnalstal-16035.jpg","width":1200,"height":786,"caption":"private, photo: Gianni Bodini"},{"@type":"WebSite","@id":"https:\/\/www.archeoparc.it\/#website","url":"https:\/\/www.archeoparc.it\/","name":"archeoParc Schnalstal","description":"Arch\u00e4ologisches Freilichtmuseum","publisher":{"@id":"https:\/\/www.archeoparc.it\/#organization"},"potentialAction":[{"@type":"SearchAction","target":{"@type":"EntryPoint","urlTemplate":"https:\/\/www.archeoparc.it\/?s={search_term_string}"},"query-input":{"@type":"PropertyValueSpecification","valueRequired":true,"valueName":"search_term_string"}}],"inLanguage":"it-IT"},{"@type":"Organization","@id":"https:\/\/www.archeoparc.it\/#organization","name":"archeoparc Schnalstal","url":"https:\/\/www.archeoparc.it\/","logo":{"@type":"ImageObject","inLanguage":"it-IT","@id":"https:\/\/www.archeoparc.it\/#\/schema\/logo\/image\/","url":"https:\/\/www.archeoparc.it\/wp-content\/uploads\/cropped-archeoparc_logo_sw.png","contentUrl":"https:\/\/www.archeoparc.it\/wp-content\/uploads\/cropped-archeoparc_logo_sw.png","width":654,"height":211,"caption":"archeoparc Schnalstal"},"image":{"@id":"https:\/\/www.archeoparc.it\/#\/schema\/logo\/image\/"}},{"@type":"Person","@id":"https:\/\/www.archeoparc.it\/#\/schema\/person\/b3065be180d841249307ecd9726611cf","name":"Johanna","image":{"@type":"ImageObject","inLanguage":"it-IT","@id":"https:\/\/secure.gravatar.com\/avatar\/d2fea4fe845dc1970d9b7702e5120165a019feaf750a97d4e682e0db17aff987?s=96&d=mm&r=g","url":"https:\/\/secure.gravatar.com\/avatar\/d2fea4fe845dc1970d9b7702e5120165a019feaf750a97d4e682e0db17aff987?s=96&d=mm&r=g","contentUrl":"https:\/\/secure.gravatar.com\/avatar\/d2fea4fe845dc1970d9b7702e5120165a019feaf750a97d4e682e0db17aff987?s=96&d=mm&r=g","caption":"Johanna"}}]}},"_links":{"self":[{"href":"https:\/\/www.archeoparc.it\/it\/wp-json\/wp\/v2\/posts\/47305","targetHints":{"allow":["GET"]}}],"collection":[{"href":"https:\/\/www.archeoparc.it\/it\/wp-json\/wp\/v2\/posts"}],"about":[{"href":"https:\/\/www.archeoparc.it\/it\/wp-json\/wp\/v2\/types\/post"}],"author":[{"embeddable":true,"href":"https:\/\/www.archeoparc.it\/it\/wp-json\/wp\/v2\/users\/2"}],"replies":[{"embeddable":true,"href":"https:\/\/www.archeoparc.it\/it\/wp-json\/wp\/v2\/comments?post=47305"}],"version-history":[{"count":1,"href":"https:\/\/www.archeoparc.it\/it\/wp-json\/wp\/v2\/posts\/47305\/revisions"}],"predecessor-version":[{"id":47306,"href":"https:\/\/www.archeoparc.it\/it\/wp-json\/wp\/v2\/posts\/47305\/revisions\/47306"}],"wp:featuredmedia":[{"embeddable":true,"href":"https:\/\/www.archeoparc.it\/it\/wp-json\/wp\/v2\/media\/13926"}],"wp:attachment":[{"href":"https:\/\/www.archeoparc.it\/it\/wp-json\/wp\/v2\/media?parent=47305"}],"wp:term":[{"taxonomy":"category","embeddable":true,"href":"https:\/\/www.archeoparc.it\/it\/wp-json\/wp\/v2\/categories?post=47305"},{"taxonomy":"post_tag","embeddable":true,"href":"https:\/\/www.archeoparc.it\/it\/wp-json\/wp\/v2\/tags?post=47305"}],"curies":[{"name":"wp","href":"https:\/\/api.w.org\/{rel}","templated":true}]}}