{"id":48318,"date":"2024-09-19T14:34:46","date_gmt":"2024-09-19T12:34:46","guid":{"rendered":"https:\/\/www.archeoparc.it\/?p=48318"},"modified":"2024-10-01T17:41:02","modified_gmt":"2024-10-01T15:41:02","slug":"apertura-di-un-nuovo-museo-a-belluno","status":"publish","type":"post","link":"https:\/\/www.archeoparc.it\/it\/2024\/apertura-di-un-nuovo-museo-a-belluno\/","title":{"rendered":"Apertura di un nuovo museo a Belluno"},"content":{"rendered":"\n<p class=\"has-medium-font-size\">Nel 1988 gli archeologi hanno scoperto la sepoltura di un cacciatore del Paleolitico in Val Rosna, nella vicina provincia di Belluno, a 100 km in linea d&#8217;aria dal luogo di ritrovamento di \u00d6tzi in Val Senales. Lo scheletro parziale dell&#8217;uomo, risalente a 14.000 anni fa, ha trovato una collocazione definitiva nel Museo dell&#8217;Uomo della Val Rosna.<\/p>\n\n\n\n<p>Oggi, in occasione dell&#8217;a &#8220;giornata di \u00d6tzi&#8221;, apre a Sovramonte (BL) il Museo dell&#8217;Uomo della Val Rosna. \u00c8 dedicato allo straordinario ritrovamento umano e alla prima colonizzazione delle Alpi. Lo scheletro parziale dell&#8217;Uomo della Val Rosna \u00e8 uno dei pi\u00f9 antichi reperti umani conosciuti nelle Alpi. Ci congratuliamo con i nostri colleghi di Sovramonte e auguriamo loro ogni bene!<\/p>\n\n\n\n<p class=\"has-medium-font-size\"><strong>\u00d6tzi, Uomo dalla Val Rosna e altri famosi reperti umani<\/strong><\/p>\n\n\n\n<p>In occasione dell&#8217;apertura del Museo dell&#8217;Uomo della Val Rosna, abbiamo condotto un piccolo sondaggio tra i visitatori dell\u2018archeoParc sul tema dei reperti umani. La domanda era: \u201cQuale reperto umano ti viene in mente per primo?\u201d. Oltre a \u00d6tzi, i visitatori hanno citato con maggiore frequenza i seguenti quattro reperti umani:<\/p>\n\n\n\n<p class=\"has-medium-font-size\"><strong>La mummia egiziana Tutankhamon<\/strong><\/p>\n\n\n\n<p>Nel 1922, l&#8217;archeologo britannico Howard Carter scopr\u00ec la tomba dell&#8217;antico re egiziano Tutankhamon, vissuto 3.300 anni fa, nella Valle dei Re egiziana. Tutankhamon \u00e8 esposto nel GEM, il Grande Museo Egizio di Giza, vicino al Cairo, recentemente inaugurato. Il GEM \u00e8 il pi\u00f9 grande museo archeologico del mondo.<\/p>\n\n\n\n<p class=\"has-medium-font-size\"><strong>Lo scheletro parziale etiope della preumana Lucy<\/strong><\/p>\n\n\n\n<p>Ad Hadar, in Etiopia, il paleoantropologo statunitense Donald Johanson ha scoperto parti dello scheletro di una giovane donna vissuta circa tre milioni di anni fa. Il reperto appartiene al genere pre-umano Australopithecus. Lucy \u00e8 conservata al Museo Nazionale Etiope di Addis Abeba.<\/p>\n\n\n\n<p class=\"has-medium-font-size\"><strong>I reperti umani della Valle di Neander<\/strong><\/p>\n\n\n\n<p>Nell&#8217;estate del 1856, alcuni minatori scoprirono ossa fossili nella grotta denominata \u201eKleiner Feldhofer\u201c, nella valle di Neander, vicino a D\u00fcsseldorf (Germania). Si scopr\u00ec che le ossa appartenevano ai mesopotamici che vivevano qui quasi 40.000 anni fa. Oggi, il Museo Neanderthal presso la grotta \u201eKleiner Feldhofer\u201c racconta la storia di questo importante ritrovamento e la prima storia dell&#8217;uomo in Europa.<\/p>\n\n\n\n<p class=\"has-medium-font-size\"><strong>Il cacciatore paleolitico di Mondeval<\/strong><\/p>\n\n\n\n<p>Nel 1985, un appassionato della sua terra scopr\u00ec il sito paleolitico sulla Malga Mondeval de Sora, a 2150 metri di altitudine, sotto il massiccio del Monte Mondeval, nelle Dolomiti bellunesi. La sepoltura del cacciatore paleolitico ha quasi 8.000 anni e il reperto appartiene al popolo di Cro-Magnon, il popolo anatomicamente moderno dell&#8217;Eurasia. Lo scheletro dell&#8217;uomo \u00e8 quasi completamente conservato.<\/p>\n","protected":false},"excerpt":{"rendered":"<p>Nel 1988 gli archeologi hanno scoperto la sepoltura di un cacciatore del Paleolitico in Val Rosna, nella vicina provincia di Belluno, a 100 km in linea d&#8217;aria dal luogo di [&hellip;]<\/p>\n","protected":false},"author":2,"featured_media":47619,"comment_status":"closed","ping_status":"closed","sticky":false,"template":"","format":"standard","meta":{"_acf_changed":false,"_tec_requires_first_save":true,"_EventAllDay":false,"_EventTimezone":"","_EventStartDate":"","_EventEndDate":"","_EventStartDateUTC":"","_EventEndDateUTC":"","_EventShowMap":false,"_EventShowMapLink":false,"_EventURL":"","_EventCost":"","_EventCostDescription":"","_EventCurrencySymbol":"","_EventCurrencyCode":"","_EventCurrencyPosition":"","_EventDateTimeSeparator":"","_EventTimeRangeSeparator":"","_EventOrganizerID":[],"_EventVenueID":[],"_OrganizerEmail":"","_OrganizerPhone":"","_OrganizerWebsite":"","_VenueAddress":"","_VenueCity":"","_VenueCountry":"","_VenueProvince":"","_VenueState":"","_VenueZip":"","_VenuePhone":"","_VenueURL":"","_VenueStateProvince":"","_VenueLat":"","_VenueLng":"","_VenueShowMap":false,"_VenueShowMapLink":false,"_tribe_blocks_recurrence_rules":"","_tribe_blocks_recurrence_description":"","_tribe_blocks_recurrence_exclusions":"","footnotes":""},"categories":[167],"tags":[],"class_list":["post-48318","post","type-post","status-publish","format-standard","has-post-thumbnail","hentry","category-staff-posts-it"],"acf":[],"yoast_head":"<!-- This site is optimized with the Yoast SEO plugin v27.5 - https:\/\/yoast.com\/product\/yoast-seo-wordpress\/ -->\n<title>Apertura di un nuovo museo a Belluno | archeoParc Schnalstal<\/title>\n<meta name=\"robots\" content=\"index, follow, max-snippet:-1, max-image-preview:large, max-video-preview:-1\" \/>\n<link rel=\"canonical\" href=\"https:\/\/www.archeoparc.it\/it\/2024\/apertura-di-un-nuovo-museo-a-belluno\/\" \/>\n<meta name=\"twitter:label1\" content=\"Scritto da\" \/>\n\t<meta name=\"twitter:data1\" content=\"Johanna\" \/>\n\t<meta name=\"twitter:label2\" content=\"Tempo di lettura stimato\" \/>\n\t<meta name=\"twitter:data2\" content=\"3 minuti\" \/>\n<script type=\"application\/ld+json\" class=\"yoast-schema-graph\">{\"@context\":\"https:\\\/\\\/schema.org\",\"@graph\":[{\"@type\":\"Article\",\"@id\":\"https:\\\/\\\/www.archeoparc.it\\\/it\\\/2024\\\/apertura-di-un-nuovo-museo-a-belluno\\\/#article\",\"isPartOf\":{\"@id\":\"https:\\\/\\\/www.archeoparc.it\\\/it\\\/2024\\\/apertura-di-un-nuovo-museo-a-belluno\\\/\"},\"author\":{\"name\":\"Johanna\",\"@id\":\"https:\\\/\\\/www.archeoparc.it\\\/#\\\/schema\\\/person\\\/b3065be180d841249307ecd9726611cf\"},\"headline\":\"Apertura di un nuovo museo a Belluno\",\"datePublished\":\"2024-09-19T12:34:46+00:00\",\"dateModified\":\"2024-10-01T15:41:02+00:00\",\"mainEntityOfPage\":{\"@id\":\"https:\\\/\\\/www.archeoparc.it\\\/it\\\/2024\\\/apertura-di-un-nuovo-museo-a-belluno\\\/\"},\"wordCount\":413,\"publisher\":{\"@id\":\"https:\\\/\\\/www.archeoparc.it\\\/#organization\"},\"image\":{\"@id\":\"https:\\\/\\\/www.archeoparc.it\\\/it\\\/2024\\\/apertura-di-un-nuovo-museo-a-belluno\\\/#primaryimage\"},\"thumbnailUrl\":\"https:\\\/\\\/www.archeoparc.it\\\/wp-content\\\/uploads\\\/MUVAR-invito-inaugurazione.jpg\",\"articleSection\":[\"Staff posts\"],\"inLanguage\":\"it-IT\"},{\"@type\":\"WebPage\",\"@id\":\"https:\\\/\\\/www.archeoparc.it\\\/it\\\/2024\\\/apertura-di-un-nuovo-museo-a-belluno\\\/\",\"url\":\"https:\\\/\\\/www.archeoparc.it\\\/it\\\/2024\\\/apertura-di-un-nuovo-museo-a-belluno\\\/\",\"name\":\"Apertura di un nuovo museo a Belluno | archeoParc Schnalstal\",\"isPartOf\":{\"@id\":\"https:\\\/\\\/www.archeoparc.it\\\/#website\"},\"primaryImageOfPage\":{\"@id\":\"https:\\\/\\\/www.archeoparc.it\\\/it\\\/2024\\\/apertura-di-un-nuovo-museo-a-belluno\\\/#primaryimage\"},\"image\":{\"@id\":\"https:\\\/\\\/www.archeoparc.it\\\/it\\\/2024\\\/apertura-di-un-nuovo-museo-a-belluno\\\/#primaryimage\"},\"thumbnailUrl\":\"https:\\\/\\\/www.archeoparc.it\\\/wp-content\\\/uploads\\\/MUVAR-invito-inaugurazione.jpg\",\"datePublished\":\"2024-09-19T12:34:46+00:00\",\"dateModified\":\"2024-10-01T15:41:02+00:00\",\"inLanguage\":\"it-IT\",\"potentialAction\":[{\"@type\":\"ReadAction\",\"target\":[\"https:\\\/\\\/www.archeoparc.it\\\/it\\\/2024\\\/apertura-di-un-nuovo-museo-a-belluno\\\/\"]}]},{\"@type\":\"ImageObject\",\"inLanguage\":\"it-IT\",\"@id\":\"https:\\\/\\\/www.archeoparc.it\\\/it\\\/2024\\\/apertura-di-un-nuovo-museo-a-belluno\\\/#primaryimage\",\"url\":\"https:\\\/\\\/www.archeoparc.it\\\/wp-content\\\/uploads\\\/MUVAR-invito-inaugurazione.jpg\",\"contentUrl\":\"https:\\\/\\\/www.archeoparc.it\\\/wp-content\\\/uploads\\\/MUVAR-invito-inaugurazione.jpg\",\"width\":1123,\"height\":1587},{\"@type\":\"WebSite\",\"@id\":\"https:\\\/\\\/www.archeoparc.it\\\/#website\",\"url\":\"https:\\\/\\\/www.archeoparc.it\\\/\",\"name\":\"archeoParc Schnalstal\",\"description\":\"Arch\u00e4ologisches Freilichtmuseum\",\"publisher\":{\"@id\":\"https:\\\/\\\/www.archeoparc.it\\\/#organization\"},\"potentialAction\":[{\"@type\":\"SearchAction\",\"target\":{\"@type\":\"EntryPoint\",\"urlTemplate\":\"https:\\\/\\\/www.archeoparc.it\\\/?s={search_term_string}\"},\"query-input\":{\"@type\":\"PropertyValueSpecification\",\"valueRequired\":true,\"valueName\":\"search_term_string\"}}],\"inLanguage\":\"it-IT\"},{\"@type\":\"Organization\",\"@id\":\"https:\\\/\\\/www.archeoparc.it\\\/#organization\",\"name\":\"archeoparc Schnalstal\",\"url\":\"https:\\\/\\\/www.archeoparc.it\\\/\",\"logo\":{\"@type\":\"ImageObject\",\"inLanguage\":\"it-IT\",\"@id\":\"https:\\\/\\\/www.archeoparc.it\\\/#\\\/schema\\\/logo\\\/image\\\/\",\"url\":\"https:\\\/\\\/www.archeoparc.it\\\/wp-content\\\/uploads\\\/cropped-archeoparc_logo_sw.png\",\"contentUrl\":\"https:\\\/\\\/www.archeoparc.it\\\/wp-content\\\/uploads\\\/cropped-archeoparc_logo_sw.png\",\"width\":654,\"height\":211,\"caption\":\"archeoparc Schnalstal\"},\"image\":{\"@id\":\"https:\\\/\\\/www.archeoparc.it\\\/#\\\/schema\\\/logo\\\/image\\\/\"}},{\"@type\":\"Person\",\"@id\":\"https:\\\/\\\/www.archeoparc.it\\\/#\\\/schema\\\/person\\\/b3065be180d841249307ecd9726611cf\",\"name\":\"Johanna\",\"image\":{\"@type\":\"ImageObject\",\"inLanguage\":\"it-IT\",\"@id\":\"https:\\\/\\\/secure.gravatar.com\\\/avatar\\\/d2fea4fe845dc1970d9b7702e5120165a019feaf750a97d4e682e0db17aff987?s=96&d=mm&r=g\",\"url\":\"https:\\\/\\\/secure.gravatar.com\\\/avatar\\\/d2fea4fe845dc1970d9b7702e5120165a019feaf750a97d4e682e0db17aff987?s=96&d=mm&r=g\",\"contentUrl\":\"https:\\\/\\\/secure.gravatar.com\\\/avatar\\\/d2fea4fe845dc1970d9b7702e5120165a019feaf750a97d4e682e0db17aff987?s=96&d=mm&r=g\",\"caption\":\"Johanna\"}}]}<\/script>\n<!-- \/ Yoast SEO plugin. -->","yoast_head_json":{"title":"Apertura di un nuovo museo a Belluno | archeoParc Schnalstal","robots":{"index":"index","follow":"follow","max-snippet":"max-snippet:-1","max-image-preview":"max-image-preview:large","max-video-preview":"max-video-preview:-1"},"canonical":"https:\/\/www.archeoparc.it\/it\/2024\/apertura-di-un-nuovo-museo-a-belluno\/","twitter_misc":{"Scritto da":"Johanna","Tempo di lettura stimato":"3 minuti"},"schema":{"@context":"https:\/\/schema.org","@graph":[{"@type":"Article","@id":"https:\/\/www.archeoparc.it\/it\/2024\/apertura-di-un-nuovo-museo-a-belluno\/#article","isPartOf":{"@id":"https:\/\/www.archeoparc.it\/it\/2024\/apertura-di-un-nuovo-museo-a-belluno\/"},"author":{"name":"Johanna","@id":"https:\/\/www.archeoparc.it\/#\/schema\/person\/b3065be180d841249307ecd9726611cf"},"headline":"Apertura di un nuovo museo a Belluno","datePublished":"2024-09-19T12:34:46+00:00","dateModified":"2024-10-01T15:41:02+00:00","mainEntityOfPage":{"@id":"https:\/\/www.archeoparc.it\/it\/2024\/apertura-di-un-nuovo-museo-a-belluno\/"},"wordCount":413,"publisher":{"@id":"https:\/\/www.archeoparc.it\/#organization"},"image":{"@id":"https:\/\/www.archeoparc.it\/it\/2024\/apertura-di-un-nuovo-museo-a-belluno\/#primaryimage"},"thumbnailUrl":"https:\/\/www.archeoparc.it\/wp-content\/uploads\/MUVAR-invito-inaugurazione.jpg","articleSection":["Staff posts"],"inLanguage":"it-IT"},{"@type":"WebPage","@id":"https:\/\/www.archeoparc.it\/it\/2024\/apertura-di-un-nuovo-museo-a-belluno\/","url":"https:\/\/www.archeoparc.it\/it\/2024\/apertura-di-un-nuovo-museo-a-belluno\/","name":"Apertura di un nuovo museo a Belluno | archeoParc Schnalstal","isPartOf":{"@id":"https:\/\/www.archeoparc.it\/#website"},"primaryImageOfPage":{"@id":"https:\/\/www.archeoparc.it\/it\/2024\/apertura-di-un-nuovo-museo-a-belluno\/#primaryimage"},"image":{"@id":"https:\/\/www.archeoparc.it\/it\/2024\/apertura-di-un-nuovo-museo-a-belluno\/#primaryimage"},"thumbnailUrl":"https:\/\/www.archeoparc.it\/wp-content\/uploads\/MUVAR-invito-inaugurazione.jpg","datePublished":"2024-09-19T12:34:46+00:00","dateModified":"2024-10-01T15:41:02+00:00","inLanguage":"it-IT","potentialAction":[{"@type":"ReadAction","target":["https:\/\/www.archeoparc.it\/it\/2024\/apertura-di-un-nuovo-museo-a-belluno\/"]}]},{"@type":"ImageObject","inLanguage":"it-IT","@id":"https:\/\/www.archeoparc.it\/it\/2024\/apertura-di-un-nuovo-museo-a-belluno\/#primaryimage","url":"https:\/\/www.archeoparc.it\/wp-content\/uploads\/MUVAR-invito-inaugurazione.jpg","contentUrl":"https:\/\/www.archeoparc.it\/wp-content\/uploads\/MUVAR-invito-inaugurazione.jpg","width":1123,"height":1587},{"@type":"WebSite","@id":"https:\/\/www.archeoparc.it\/#website","url":"https:\/\/www.archeoparc.it\/","name":"archeoParc Schnalstal","description":"Arch\u00e4ologisches Freilichtmuseum","publisher":{"@id":"https:\/\/www.archeoparc.it\/#organization"},"potentialAction":[{"@type":"SearchAction","target":{"@type":"EntryPoint","urlTemplate":"https:\/\/www.archeoparc.it\/?s={search_term_string}"},"query-input":{"@type":"PropertyValueSpecification","valueRequired":true,"valueName":"search_term_string"}}],"inLanguage":"it-IT"},{"@type":"Organization","@id":"https:\/\/www.archeoparc.it\/#organization","name":"archeoparc Schnalstal","url":"https:\/\/www.archeoparc.it\/","logo":{"@type":"ImageObject","inLanguage":"it-IT","@id":"https:\/\/www.archeoparc.it\/#\/schema\/logo\/image\/","url":"https:\/\/www.archeoparc.it\/wp-content\/uploads\/cropped-archeoparc_logo_sw.png","contentUrl":"https:\/\/www.archeoparc.it\/wp-content\/uploads\/cropped-archeoparc_logo_sw.png","width":654,"height":211,"caption":"archeoparc Schnalstal"},"image":{"@id":"https:\/\/www.archeoparc.it\/#\/schema\/logo\/image\/"}},{"@type":"Person","@id":"https:\/\/www.archeoparc.it\/#\/schema\/person\/b3065be180d841249307ecd9726611cf","name":"Johanna","image":{"@type":"ImageObject","inLanguage":"it-IT","@id":"https:\/\/secure.gravatar.com\/avatar\/d2fea4fe845dc1970d9b7702e5120165a019feaf750a97d4e682e0db17aff987?s=96&d=mm&r=g","url":"https:\/\/secure.gravatar.com\/avatar\/d2fea4fe845dc1970d9b7702e5120165a019feaf750a97d4e682e0db17aff987?s=96&d=mm&r=g","contentUrl":"https:\/\/secure.gravatar.com\/avatar\/d2fea4fe845dc1970d9b7702e5120165a019feaf750a97d4e682e0db17aff987?s=96&d=mm&r=g","caption":"Johanna"}}]}},"_links":{"self":[{"href":"https:\/\/www.archeoparc.it\/it\/wp-json\/wp\/v2\/posts\/48318","targetHints":{"allow":["GET"]}}],"collection":[{"href":"https:\/\/www.archeoparc.it\/it\/wp-json\/wp\/v2\/posts"}],"about":[{"href":"https:\/\/www.archeoparc.it\/it\/wp-json\/wp\/v2\/types\/post"}],"author":[{"embeddable":true,"href":"https:\/\/www.archeoparc.it\/it\/wp-json\/wp\/v2\/users\/2"}],"replies":[{"embeddable":true,"href":"https:\/\/www.archeoparc.it\/it\/wp-json\/wp\/v2\/comments?post=48318"}],"version-history":[{"count":1,"href":"https:\/\/www.archeoparc.it\/it\/wp-json\/wp\/v2\/posts\/48318\/revisions"}],"predecessor-version":[{"id":48319,"href":"https:\/\/www.archeoparc.it\/it\/wp-json\/wp\/v2\/posts\/48318\/revisions\/48319"}],"wp:featuredmedia":[{"embeddable":true,"href":"https:\/\/www.archeoparc.it\/it\/wp-json\/wp\/v2\/media\/47619"}],"wp:attachment":[{"href":"https:\/\/www.archeoparc.it\/it\/wp-json\/wp\/v2\/media?parent=48318"}],"wp:term":[{"taxonomy":"category","embeddable":true,"href":"https:\/\/www.archeoparc.it\/it\/wp-json\/wp\/v2\/categories?post=48318"},{"taxonomy":"post_tag","embeddable":true,"href":"https:\/\/www.archeoparc.it\/it\/wp-json\/wp\/v2\/tags?post=48318"}],"curies":[{"name":"wp","href":"https:\/\/api.w.org\/{rel}","templated":true}]}}