{"id":51121,"date":"2024-12-18T19:02:34","date_gmt":"2024-12-18T18:02:34","guid":{"rendered":"https:\/\/www.archeoparc.it\/2024\/besuch-winter-2024-2025\/"},"modified":"2025-11-03T15:35:40","modified_gmt":"2025-11-03T14:35:40","slug":"visita-pausa-invernale-2024-2025","status":"publish","type":"post","link":"https:\/\/www.archeoparc.it\/it\/2024\/visita-pausa-invernale-2024-2025\/","title":{"rendered":"Visita l\u2018archeoParc in inverno"},"content":{"rendered":"\n<h2 class=\"wp-block-heading has-large-font-size\">In questi giorni l&#8217;area esterna dell&#8217;archeoParc si presenta ricoperta da un candido strato di neve. Per gli amanti dell\u2019outdoor \u2013 non esiste il brutto tempo, solo vestiti sbagliati \u2013 la nostra collega <a href=\"https:\/\/www.archeoparc.it\/it\/chi-siamo\/staff\/\">Sara Weithaler<\/a> ha rovistato tra le <a href=\"https:\/\/www.archeoparc.it\/it\/gruppi\/\">nostre offerte prenotabili<\/a> e ha compilato dei consigli per visitare l\u2019archeoParc durante la pausa invernale. Perch\u00e9 non combinare una giornata di sci con una visita all&#8217;archeoParc?<\/h2>\n\n\n\n<p>Anche se durante la pausa invernale non ci sono giorni di apertura, \u00e8 comunque possibile visitare l\u2019archeoParc. Tutto ci\u00f2 di cui avete bisogno: <strong>abbigliamento outdoor e una prenotazione d\u2019appuntamento.<\/strong><\/p>\n\n\n\n<div style=\"height:10px\" aria-hidden=\"true\" class=\"wp-block-spacer\"><\/div>\n\n\n\n<h2 class=\"wp-block-heading\">Sapevi che \u00e8 possibile visitare l\u2019archeoParc come gruppo private anche in inverno?<\/h2>\n\n\n\n<p>Vacanze sulla neve nella <a href=\"https:\/\/www.merano-suedtirol.it\/it\/val-senales.html\" target=\"_blank\" rel=\"noreferrer noopener\">Val Senales<\/a>. Viaggio in pullman a <a href=\"https:\/\/www.merano-suedtirol.it\/it\/merano.html\" target=\"_blank\" rel=\"noreferrer noopener\">Merano<\/a>. Progetto scolastico. Evento aziendale. Tanto sono varie le occasioni per visitare l&#8217;archeoParc in inverno, quanto sono varie le offerte che si possono prenotare durante la pausa invernale.<\/p>\n\n\n\n<div style=\"height:10px\" aria-hidden=\"true\" class=\"wp-block-spacer\"><\/div>\n\n\n\n<h2 class=\"wp-block-heading\">Offerte archeoParc in inverno per famiglie, adulti, classi scolastiche e GRIN<\/h2>\n\n\n\n<p>Le <strong>offerte invernali<\/strong> spaziano dalle classiche visite al museo e ai mini-laboratori, a un aperitivo con vin brul\u00e8 attorno al fuoco all\u2019interno di una casa neolitca. Come tutte le visite guidate e gli eventi, i nostri mediatori culturali offre i programmi invernali in <strong>lingua italiana, tedesca e inglese<\/strong>. I costi variano a seconda del numero di partecipanti. A partire da<strong> 180 euro<\/strong>.<br><br>Le <strong>seguenti programmi<\/strong> sono adatti per una visita durante la stagione fredda:<br><br>&gt; <a href=\"https:\/\/www.archeoparc.it\/it\/gruppi\/adulti\/#piccolo-assaggio-di-preistoria\">Piccolo assaggio di preistoria (40 min)<\/a><br><mark style=\"background-color:rgba(0, 0, 0, 0)\" class=\"has-inline-color has-black-color\">&gt; <a href=\"https:\/\/www.archeoparc.it\/it\/gruppi\/adulti\/#oetzi-buchs-und-loden\">\u00d6tzi, Buchs und Loden<\/a> (60 min, breve visita al paese, visita combinata al Museo e al santuario)<br>&gt; <a href=\"https:\/\/www.archeoparc.it\/it\/gruppi\/adulti\/#ospiti-da-otzi\">Ospiti da \u00d6tzi<\/a> (45 min, punch brul\u00e8)<br>&gt; <a href=\"https:\/\/www.archeoparc.it\/it\/gruppi\/famiglie\/#intorno-al-fuoco\">Intorno al fuoco <\/a>(90 min, programma per famiglie)<\/mark><br><br>Per i programmi \u201ePiccolo assaggio di preistoria\u201c e \u201e<mark style=\"background-color:rgba(0, 0, 0, 0)\" class=\"has-inline-color has-black-color\">\u00d6tzi, il tasso e il feltro<\/mark>\u201c la mattina \u00e8 il momento migliore per visitare. \u201eMiele e magia\u201c e \u201eAttorno al fuoco\u201c invece sono programmi ideali per il pomeriggio e la sera, cos\u00ec da poter essere <strong>facilmente combinati con una giornata di sci<\/strong> nell&#8217;<a href=\"https:\/\/www.valsenales.com\/it\/alpin-arena-senales-alto-adige\">Alpin Arena Schnals<\/a>.<br><br>Una panoramica di tutte le offerte prenotabili per famiglie, adulti, classi scolastiche e gruppi di vacanze si trova qui sul sito, nella sezione Gruppi. Le prenotazioni possono essere effettuate direttamente all&#8217;archeoParc <strong>chiamando <\/strong>il numero <strong>+39 0473 676020<\/strong> o inviando una <strong>e-mail<\/strong> a <strong><a href=\"mailto:info@archeoparc.it\">info@archeoparc.it<\/a>.<\/strong><\/p>\n\n\n\n<p><a class=\"archeo_button\" href=\"mailto:info@archeoparc.it?subject=Richiesta di prenotazione: Visita guidata&amp;body=Caro team dell\u2018archeoParc, %0A%0Asiamo interessati alle vostre visite guidate invernali. Vorremmo trovare una data adatta e discutere il modo migliore per organizzare la nostra visita.%0AGrazie mille.%0A%0A%0AIl mio nome: %0A%0ANumero di telefono e orario migliore per raggiungermi: %0A%0A%0A(facoltativo) %0ADi cosa dovremmo parlare: %0AQuanto \u00e8 grande il gruppo? %0ACome \u00e8 composto il gruppo (bambini\/adulti ecc.)? %0AC\u2019\u00e8 gi\u00e0 una data o un orario d\u2019inizio preferito?%0AQuanto tempo volete trascorrere all\u2019archeoParc?%0A\u2026%0A%0A%0A\"><strong>R I C H I E D I  O R A<\/strong><\/a><\/p>\n\n\n\n<div style=\"height:30px\" aria-hidden=\"true\" class=\"wp-block-spacer\"><\/div>\n\n\n\n<h2 class=\"wp-block-heading\">\u00d6tzi Glacier Tour sci alpinista<\/h2>\n\n\n\n<p>Per tutti gli appassionati di sci d&#8217;alpinismo proponiamo invece un&#8217;altra opzione: nella stagione fredda offriamo l\u2019 <a href=\"https:\/\/www.archeoparc.it\/it\/oetzi-glacier-tour\/#sci\">\u00d6tzi Glacier Tour<\/a> nella versione ,sci\u2019. Ogni marted\u00ec si attraversa il ghiacciaio del Giogo Alto per raggiungere il luogo di ritrovamento dell\u2019Uomo venuto dal Ghiaccio sul <a href=\"https:\/\/www.archeoparc.it\/it\/archeologia-val-senales\/sito-ritrovamento-oetzi\/\">Giogo di Tisa<\/a>, a 3.210 metri di altitudine. Il coordinatore delle nostre guide alpine, <a href=\"https:\/\/www.archeoparc.it\/it\/chi-siamo\/staff\/\">Robert Ciatti<\/a>, e noi aspettiamo con gioia i giorni del tour!<\/p>\n\n\n\n<p><strong><a class=\"archeo_button\" href=\" https:\/\/www.archeoparc.it\/it\/oetzi-glacier-tour\/iscrizione\/\"> R I C H I E D I   O R A<\/a><\/strong><\/p>\n\n\n\n<div style=\"height:30px\" aria-hidden=\"true\" class=\"wp-block-spacer\"><\/div>\n\n\n\n<h2 class=\"wp-block-heading\">Last, but not least: Da Pasqua a Ognissanti, l&#8217;archeoParc \u00e8 di nuovo aperto tutti i giorni<\/h2>\n\n\n\n<p>A chi \u00e8 arrivato qui ma \u00e8 gi\u00e0 in attesa della stagione pi\u00f9 calda, consiglio di dare un&#8217;occhiata: Dietro le quinte stiamo naturalmente preparando il nostro <strong>programma per la primavera e l&#8217;estate<\/strong>. Per non perdervi nessuna novit\u00e0, date un&#8217;occhiata al nostro <a href=\"https:\/\/www.instagram.com\/archeoparc_schnalstal\/\" target=\"_blank\" rel=\"noreferrer noopener\"><strong>profilo Instagram <\/strong><\/a>o alla nostra <a href=\"https:\/\/www.facebook.com\/archeoparcschnalstal\" target=\"_blank\" rel=\"noreferrer noopener\"><strong>pagina Facebook<\/strong><\/a>.<br><br><strong>Questo pu\u00f2 essere svelato<\/strong>: Una visita all&#8217;archeoParc merita di essere fatta in qualsiasi periodo dell&#8217;anno. Sia nelle fresche giornate invernali che nelle calde giornate estive, quando il centro visitatori e l&#8217;area all&#8217;aperto con tutte le sei stazioni d&#8217;avventura sono aperti<br><br>Ci incontreremo per un punch brul\u00e8 attorno al fuoco o pi\u00f9 avanti al molo della piroga per una gita in canoa stile neolitico?<strong> Non vediamo l\u2018ora!<\/strong><\/p>\n","protected":false},"excerpt":{"rendered":"<p>In questi giorni l&#8217;area esterna dell&#8217;archeoParc si presenta ricoperta da un candido strato di neve. Per gli amanti dell\u2019outdoor \u2013 non esiste il brutto tempo, solo vestiti sbagliati \u2013 la [&hellip;]<\/p>\n","protected":false},"author":2,"featured_media":50695,"comment_status":"closed","ping_status":"closed","sticky":false,"template":"","format":"standard","meta":{"_acf_changed":false,"_tec_requires_first_save":true,"_EventAllDay":false,"_EventTimezone":"","_EventStartDate":"","_EventEndDate":"","_EventStartDateUTC":"","_EventEndDateUTC":"","_EventShowMap":false,"_EventShowMapLink":false,"_EventURL":"","_EventCost":"","_EventCostDescription":"","_EventCurrencySymbol":"","_EventCurrencyCode":"","_EventCurrencyPosition":"","_EventDateTimeSeparator":"","_EventTimeRangeSeparator":"","_EventOrganizerID":[],"_EventVenueID":[],"_OrganizerEmail":"","_OrganizerPhone":"","_OrganizerWebsite":"","_VenueAddress":"","_VenueCity":"","_VenueCountry":"","_VenueProvince":"","_VenueState":"","_VenueZip":"","_VenuePhone":"","_VenueURL":"","_VenueStateProvince":"","_VenueLat":"","_VenueLng":"","_VenueShowMap":false,"_VenueShowMapLink":false,"_tribe_blocks_recurrence_rules":"","_tribe_blocks_recurrence_description":"","_tribe_blocks_recurrence_exclusions":"","footnotes":""},"categories":[855],"tags":[],"class_list":["post-51121","post","type-post","status-publish","format-standard","has-post-thumbnail","hentry","category-ask-the-archeoparc-team-it-2"],"acf":[],"yoast_head":"<!-- This site is optimized with the Yoast SEO plugin v27.5 - https:\/\/yoast.com\/product\/yoast-seo-wordpress\/ -->\n<title>Visita l\u2018archeoParc in inverno | archeoParc Schnalstal<\/title>\n<meta name=\"description\" content=\"Prenota visite private per adulti o famiglie durante la pausa invernale dell&#039;archeoParc e visita il museo neolitico.\" \/>\n<meta name=\"robots\" content=\"index, follow, max-snippet:-1, max-image-preview:large, max-video-preview:-1\" \/>\n<link rel=\"canonical\" href=\"https:\/\/www.archeoparc.it\/it\/2024\/visita-pausa-invernale-2024-2025\/\" \/>\n<meta name=\"twitter:label1\" content=\"Scritto da\" \/>\n\t<meta name=\"twitter:data1\" content=\"Johanna\" \/>\n\t<meta name=\"twitter:label2\" content=\"Tempo di lettura stimato\" \/>\n\t<meta name=\"twitter:data2\" content=\"4 minuti\" \/>\n<script type=\"application\/ld+json\" class=\"yoast-schema-graph\">{\"@context\":\"https:\\\/\\\/schema.org\",\"@graph\":[{\"@type\":\"Article\",\"@id\":\"https:\\\/\\\/www.archeoparc.it\\\/it\\\/2024\\\/visita-pausa-invernale-2024-2025\\\/#article\",\"isPartOf\":{\"@id\":\"https:\\\/\\\/www.archeoparc.it\\\/it\\\/2024\\\/visita-pausa-invernale-2024-2025\\\/\"},\"author\":{\"name\":\"Johanna\",\"@id\":\"https:\\\/\\\/www.archeoparc.it\\\/#\\\/schema\\\/person\\\/b3065be180d841249307ecd9726611cf\"},\"headline\":\"Visita l\u2018archeoParc in inverno\",\"datePublished\":\"2024-12-18T18:02:34+00:00\",\"dateModified\":\"2025-11-03T14:35:40+00:00\",\"mainEntityOfPage\":{\"@id\":\"https:\\\/\\\/www.archeoparc.it\\\/it\\\/2024\\\/visita-pausa-invernale-2024-2025\\\/\"},\"wordCount\":605,\"publisher\":{\"@id\":\"https:\\\/\\\/www.archeoparc.it\\\/#organization\"},\"image\":{\"@id\":\"https:\\\/\\\/www.archeoparc.it\\\/it\\\/2024\\\/visita-pausa-invernale-2024-2025\\\/#primaryimage\"},\"thumbnailUrl\":\"https:\\\/\\\/www.archeoparc.it\\\/wp-content\\\/uploads\\\/archeoparc-schnalstal-24073.jpg\",\"articleSection\":[\"Ask the archeoParc-Team\"],\"inLanguage\":\"it-IT\"},{\"@type\":\"WebPage\",\"@id\":\"https:\\\/\\\/www.archeoparc.it\\\/it\\\/2024\\\/visita-pausa-invernale-2024-2025\\\/\",\"url\":\"https:\\\/\\\/www.archeoparc.it\\\/it\\\/2024\\\/visita-pausa-invernale-2024-2025\\\/\",\"name\":\"Visita l\u2018archeoParc in inverno | archeoParc Schnalstal\",\"isPartOf\":{\"@id\":\"https:\\\/\\\/www.archeoparc.it\\\/#website\"},\"primaryImageOfPage\":{\"@id\":\"https:\\\/\\\/www.archeoparc.it\\\/it\\\/2024\\\/visita-pausa-invernale-2024-2025\\\/#primaryimage\"},\"image\":{\"@id\":\"https:\\\/\\\/www.archeoparc.it\\\/it\\\/2024\\\/visita-pausa-invernale-2024-2025\\\/#primaryimage\"},\"thumbnailUrl\":\"https:\\\/\\\/www.archeoparc.it\\\/wp-content\\\/uploads\\\/archeoparc-schnalstal-24073.jpg\",\"datePublished\":\"2024-12-18T18:02:34+00:00\",\"dateModified\":\"2025-11-03T14:35:40+00:00\",\"description\":\"Prenota visite private per adulti o famiglie durante la pausa invernale dell'archeoParc e visita il museo neolitico.\",\"inLanguage\":\"it-IT\",\"potentialAction\":[{\"@type\":\"ReadAction\",\"target\":[\"https:\\\/\\\/www.archeoparc.it\\\/it\\\/2024\\\/visita-pausa-invernale-2024-2025\\\/\"]}]},{\"@type\":\"ImageObject\",\"inLanguage\":\"it-IT\",\"@id\":\"https:\\\/\\\/www.archeoparc.it\\\/it\\\/2024\\\/visita-pausa-invernale-2024-2025\\\/#primaryimage\",\"url\":\"https:\\\/\\\/www.archeoparc.it\\\/wp-content\\\/uploads\\\/archeoparc-schnalstal-24073.jpg\",\"contentUrl\":\"https:\\\/\\\/www.archeoparc.it\\\/wp-content\\\/uploads\\\/archeoparc-schnalstal-24073.jpg\",\"width\":1500,\"height\":1125,\"caption\":\"archeoParc Schnalstal, photo: Ganesh Neumair\"},{\"@type\":\"WebSite\",\"@id\":\"https:\\\/\\\/www.archeoparc.it\\\/#website\",\"url\":\"https:\\\/\\\/www.archeoparc.it\\\/\",\"name\":\"archeoParc Schnalstal\",\"description\":\"Arch\u00e4ologisches Freilichtmuseum\",\"publisher\":{\"@id\":\"https:\\\/\\\/www.archeoparc.it\\\/#organization\"},\"potentialAction\":[{\"@type\":\"SearchAction\",\"target\":{\"@type\":\"EntryPoint\",\"urlTemplate\":\"https:\\\/\\\/www.archeoparc.it\\\/?s={search_term_string}\"},\"query-input\":{\"@type\":\"PropertyValueSpecification\",\"valueRequired\":true,\"valueName\":\"search_term_string\"}}],\"inLanguage\":\"it-IT\"},{\"@type\":\"Organization\",\"@id\":\"https:\\\/\\\/www.archeoparc.it\\\/#organization\",\"name\":\"archeoparc Schnalstal\",\"url\":\"https:\\\/\\\/www.archeoparc.it\\\/\",\"logo\":{\"@type\":\"ImageObject\",\"inLanguage\":\"it-IT\",\"@id\":\"https:\\\/\\\/www.archeoparc.it\\\/#\\\/schema\\\/logo\\\/image\\\/\",\"url\":\"https:\\\/\\\/www.archeoparc.it\\\/wp-content\\\/uploads\\\/cropped-archeoparc_logo_sw.png\",\"contentUrl\":\"https:\\\/\\\/www.archeoparc.it\\\/wp-content\\\/uploads\\\/cropped-archeoparc_logo_sw.png\",\"width\":654,\"height\":211,\"caption\":\"archeoparc Schnalstal\"},\"image\":{\"@id\":\"https:\\\/\\\/www.archeoparc.it\\\/#\\\/schema\\\/logo\\\/image\\\/\"}},{\"@type\":\"Person\",\"@id\":\"https:\\\/\\\/www.archeoparc.it\\\/#\\\/schema\\\/person\\\/b3065be180d841249307ecd9726611cf\",\"name\":\"Johanna\",\"image\":{\"@type\":\"ImageObject\",\"inLanguage\":\"it-IT\",\"@id\":\"https:\\\/\\\/secure.gravatar.com\\\/avatar\\\/d2fea4fe845dc1970d9b7702e5120165a019feaf750a97d4e682e0db17aff987?s=96&d=mm&r=g\",\"url\":\"https:\\\/\\\/secure.gravatar.com\\\/avatar\\\/d2fea4fe845dc1970d9b7702e5120165a019feaf750a97d4e682e0db17aff987?s=96&d=mm&r=g\",\"contentUrl\":\"https:\\\/\\\/secure.gravatar.com\\\/avatar\\\/d2fea4fe845dc1970d9b7702e5120165a019feaf750a97d4e682e0db17aff987?s=96&d=mm&r=g\",\"caption\":\"Johanna\"}}]}<\/script>\n<!-- \/ Yoast SEO plugin. -->","yoast_head_json":{"title":"Visita l\u2018archeoParc in inverno | archeoParc Schnalstal","description":"Prenota visite private per adulti o famiglie durante la pausa invernale dell'archeoParc e visita il museo neolitico.","robots":{"index":"index","follow":"follow","max-snippet":"max-snippet:-1","max-image-preview":"max-image-preview:large","max-video-preview":"max-video-preview:-1"},"canonical":"https:\/\/www.archeoparc.it\/it\/2024\/visita-pausa-invernale-2024-2025\/","twitter_misc":{"Scritto da":"Johanna","Tempo di lettura stimato":"4 minuti"},"schema":{"@context":"https:\/\/schema.org","@graph":[{"@type":"Article","@id":"https:\/\/www.archeoparc.it\/it\/2024\/visita-pausa-invernale-2024-2025\/#article","isPartOf":{"@id":"https:\/\/www.archeoparc.it\/it\/2024\/visita-pausa-invernale-2024-2025\/"},"author":{"name":"Johanna","@id":"https:\/\/www.archeoparc.it\/#\/schema\/person\/b3065be180d841249307ecd9726611cf"},"headline":"Visita l\u2018archeoParc in inverno","datePublished":"2024-12-18T18:02:34+00:00","dateModified":"2025-11-03T14:35:40+00:00","mainEntityOfPage":{"@id":"https:\/\/www.archeoparc.it\/it\/2024\/visita-pausa-invernale-2024-2025\/"},"wordCount":605,"publisher":{"@id":"https:\/\/www.archeoparc.it\/#organization"},"image":{"@id":"https:\/\/www.archeoparc.it\/it\/2024\/visita-pausa-invernale-2024-2025\/#primaryimage"},"thumbnailUrl":"https:\/\/www.archeoparc.it\/wp-content\/uploads\/archeoparc-schnalstal-24073.jpg","articleSection":["Ask the archeoParc-Team"],"inLanguage":"it-IT"},{"@type":"WebPage","@id":"https:\/\/www.archeoparc.it\/it\/2024\/visita-pausa-invernale-2024-2025\/","url":"https:\/\/www.archeoparc.it\/it\/2024\/visita-pausa-invernale-2024-2025\/","name":"Visita l\u2018archeoParc in inverno | archeoParc Schnalstal","isPartOf":{"@id":"https:\/\/www.archeoparc.it\/#website"},"primaryImageOfPage":{"@id":"https:\/\/www.archeoparc.it\/it\/2024\/visita-pausa-invernale-2024-2025\/#primaryimage"},"image":{"@id":"https:\/\/www.archeoparc.it\/it\/2024\/visita-pausa-invernale-2024-2025\/#primaryimage"},"thumbnailUrl":"https:\/\/www.archeoparc.it\/wp-content\/uploads\/archeoparc-schnalstal-24073.jpg","datePublished":"2024-12-18T18:02:34+00:00","dateModified":"2025-11-03T14:35:40+00:00","description":"Prenota visite private per adulti o famiglie durante la pausa invernale dell'archeoParc e visita il museo neolitico.","inLanguage":"it-IT","potentialAction":[{"@type":"ReadAction","target":["https:\/\/www.archeoparc.it\/it\/2024\/visita-pausa-invernale-2024-2025\/"]}]},{"@type":"ImageObject","inLanguage":"it-IT","@id":"https:\/\/www.archeoparc.it\/it\/2024\/visita-pausa-invernale-2024-2025\/#primaryimage","url":"https:\/\/www.archeoparc.it\/wp-content\/uploads\/archeoparc-schnalstal-24073.jpg","contentUrl":"https:\/\/www.archeoparc.it\/wp-content\/uploads\/archeoparc-schnalstal-24073.jpg","width":1500,"height":1125,"caption":"archeoParc Schnalstal, photo: Ganesh Neumair"},{"@type":"WebSite","@id":"https:\/\/www.archeoparc.it\/#website","url":"https:\/\/www.archeoparc.it\/","name":"archeoParc Schnalstal","description":"Arch\u00e4ologisches Freilichtmuseum","publisher":{"@id":"https:\/\/www.archeoparc.it\/#organization"},"potentialAction":[{"@type":"SearchAction","target":{"@type":"EntryPoint","urlTemplate":"https:\/\/www.archeoparc.it\/?s={search_term_string}"},"query-input":{"@type":"PropertyValueSpecification","valueRequired":true,"valueName":"search_term_string"}}],"inLanguage":"it-IT"},{"@type":"Organization","@id":"https:\/\/www.archeoparc.it\/#organization","name":"archeoparc Schnalstal","url":"https:\/\/www.archeoparc.it\/","logo":{"@type":"ImageObject","inLanguage":"it-IT","@id":"https:\/\/www.archeoparc.it\/#\/schema\/logo\/image\/","url":"https:\/\/www.archeoparc.it\/wp-content\/uploads\/cropped-archeoparc_logo_sw.png","contentUrl":"https:\/\/www.archeoparc.it\/wp-content\/uploads\/cropped-archeoparc_logo_sw.png","width":654,"height":211,"caption":"archeoparc Schnalstal"},"image":{"@id":"https:\/\/www.archeoparc.it\/#\/schema\/logo\/image\/"}},{"@type":"Person","@id":"https:\/\/www.archeoparc.it\/#\/schema\/person\/b3065be180d841249307ecd9726611cf","name":"Johanna","image":{"@type":"ImageObject","inLanguage":"it-IT","@id":"https:\/\/secure.gravatar.com\/avatar\/d2fea4fe845dc1970d9b7702e5120165a019feaf750a97d4e682e0db17aff987?s=96&d=mm&r=g","url":"https:\/\/secure.gravatar.com\/avatar\/d2fea4fe845dc1970d9b7702e5120165a019feaf750a97d4e682e0db17aff987?s=96&d=mm&r=g","contentUrl":"https:\/\/secure.gravatar.com\/avatar\/d2fea4fe845dc1970d9b7702e5120165a019feaf750a97d4e682e0db17aff987?s=96&d=mm&r=g","caption":"Johanna"}}]}},"_links":{"self":[{"href":"https:\/\/www.archeoparc.it\/it\/wp-json\/wp\/v2\/posts\/51121","targetHints":{"allow":["GET"]}}],"collection":[{"href":"https:\/\/www.archeoparc.it\/it\/wp-json\/wp\/v2\/posts"}],"about":[{"href":"https:\/\/www.archeoparc.it\/it\/wp-json\/wp\/v2\/types\/post"}],"author":[{"embeddable":true,"href":"https:\/\/www.archeoparc.it\/it\/wp-json\/wp\/v2\/users\/2"}],"replies":[{"embeddable":true,"href":"https:\/\/www.archeoparc.it\/it\/wp-json\/wp\/v2\/comments?post=51121"}],"version-history":[{"count":15,"href":"https:\/\/www.archeoparc.it\/it\/wp-json\/wp\/v2\/posts\/51121\/revisions"}],"predecessor-version":[{"id":62504,"href":"https:\/\/www.archeoparc.it\/it\/wp-json\/wp\/v2\/posts\/51121\/revisions\/62504"}],"wp:featuredmedia":[{"embeddable":true,"href":"https:\/\/www.archeoparc.it\/it\/wp-json\/wp\/v2\/media\/50695"}],"wp:attachment":[{"href":"https:\/\/www.archeoparc.it\/it\/wp-json\/wp\/v2\/media?parent=51121"}],"wp:term":[{"taxonomy":"category","embeddable":true,"href":"https:\/\/www.archeoparc.it\/it\/wp-json\/wp\/v2\/categories?post=51121"},{"taxonomy":"post_tag","embeddable":true,"href":"https:\/\/www.archeoparc.it\/it\/wp-json\/wp\/v2\/tags?post=51121"}],"curies":[{"name":"wp","href":"https:\/\/api.w.org\/{rel}","templated":true}]}}