{"id":52403,"date":"2025-03-21T07:00:00","date_gmt":"2025-03-21T06:00:00","guid":{"rendered":"https:\/\/www.archeoparc.it\/?p=52403"},"modified":"2025-03-28T11:55:56","modified_gmt":"2025-03-28T10:55:56","slug":"mostra-glaciers-and-me","status":"publish","type":"post","link":"https:\/\/www.archeoparc.it\/it\/2025\/mostra-glaciers-and-me\/","title":{"rendered":"Mostra &#8220;Glaciers and Me&#8221;"},"content":{"rendered":"\n<p class=\"has-large-font-size\">Oggi \u00e8 la Giornata dei Ghiacciai: un buon motivo per dare un&#8217;occhiata dietro le quinte dell&#8217;archeoParc: Insieme al glaciologo Georg Kaser e alle artiste Jessie Pitt e Daniela Brugger, l&#8217;archeoParc sta preparando una mostra in occasione dell&#8217;<a href=\"https:\/\/www.un-glaciers.org\/en\" target=\"_blank\" rel=\"noreferrer noopener\">Anno internazionale per la conservazione dei ghiacciai<\/a>. L&#8217;inaugurazione di \u201cGlaciers and Me\u201d si terr\u00e0 il 12 aprile alle ore 18.00.<\/p>\n\n\n\n<figure class=\"wp-block-gallery has-nested-images columns-default is-cropped wp-block-gallery-2 is-layout-flex wp-block-gallery-is-layout-flex\">\n<figure class=\"wp-block-image size-large\"><img loading=\"lazy\" decoding=\"async\" width=\"824\" height=\"1200\" data-id=\"52395\" src=\"https:\/\/www.archeoparc.it\/wp-content\/uploads\/archeoparc-schnalstal-25017-824x1200.jpg\" alt=\"\" class=\"wp-image-52395\" srcset=\"https:\/\/www.archeoparc.it\/wp-content\/uploads\/archeoparc-schnalstal-25017-824x1200.jpg 824w, https:\/\/www.archeoparc.it\/wp-content\/uploads\/archeoparc-schnalstal-25017-206x300.jpg 206w, https:\/\/www.archeoparc.it\/wp-content\/uploads\/archeoparc-schnalstal-25017-1054x1536.jpg 1054w, https:\/\/www.archeoparc.it\/wp-content\/uploads\/archeoparc-schnalstal-25017-1405x2048.jpg 1405w\" sizes=\"auto, (max-width: 824px) 100vw, 824px\" \/><\/figure>\n\n\n\n<figure class=\"wp-block-image size-large\"><img loading=\"lazy\" decoding=\"async\" width=\"1200\" height=\"800\" data-id=\"52380\" src=\"https:\/\/www.archeoparc.it\/wp-content\/uploads\/archeoparc-schnalstal-25012-1200x800.jpg\" alt=\"\" class=\"wp-image-52380\" srcset=\"https:\/\/www.archeoparc.it\/wp-content\/uploads\/archeoparc-schnalstal-25012-1200x800.jpg 1200w, https:\/\/www.archeoparc.it\/wp-content\/uploads\/archeoparc-schnalstal-25012-300x200.jpg 300w, https:\/\/www.archeoparc.it\/wp-content\/uploads\/archeoparc-schnalstal-25012-1536x1024.jpg 1536w, https:\/\/www.archeoparc.it\/wp-content\/uploads\/archeoparc-schnalstal-25012-2048x1365.jpg 2048w\" sizes=\"auto, (max-width: 1200px) 100vw, 1200px\" \/><\/figure>\n<\/figure>\n\n\n\n<p>Jessie Pitt, Daniela Brugger e Georg Kaser sono di casa in montagna. Jessie Pitt, originaria di Melbourne, vive a L\u00e4ngenfeld nella \u00d6tztal (A); Daniela Brugger e Georg Kaser abitano nel vicino villaggio di Certosa. La pittrice, la fotografa e il glaciologo condividono la passione per la neve e il ghiaccio. La mostra all&#8217;archeoParc \u00e8 stata realizzata in occasione dell&#8217;Anno dei Ghiacciai, proclamato dalle Nazioni Unite per quest&#8217;anno, e presenta gli approcci dei tre al tema, invitando i visitatori a contemplare, soffermarsi e riflettere.<\/p>\n\n\n\n<p class=\"has-x-large-font-size\">Glaciers and Jessie Pitt<\/p>\n\n\n\n<p>Per <a href=\"https:\/\/www.jessiepitt.com\/\" target=\"_blank\" rel=\"noreferrer noopener\">Jessie Pitt<\/a> i ghiacciai, le montagne e la natura in generale sono fonte di ispirazione per la sua arte. Dopo aver studiato arte a Melbourne, l&#8217;artista freelance e guida sciistica ha trascorso anni in viaggio tra l&#8217;Australia e l&#8217;Austria prima di stabilirsi in montagna.<\/p>\n\n\n\n<p>Molte delle sue opere sono incentrate sul tema della connessione, \u201cla connessione tra il s\u00e9 e le montagne, e sempre pi\u00f9 la connessione tra la terra e l&#8217;umanit\u00e0. Tutto \u00e8 connesso. La terra e tutto ci\u00f2 che vive qui\u201d, dice Jessie Pitt.<\/p>\n\n\n\n<p>Nella serie di immagini \u201cGlacier\u201d, Jessie Pitt osserva e documenta i ghiacciai della \u00d6tztal. Dipinge i suoi paesaggi glaciali con una miscela di inchiostro, grafite, acrilico e carboncino su tela. Le immagini ritraggono momenti che appartengono gi\u00e0 al passato al momento del completamento di ogni dipinto. Le opere di Jessie Pitt nella mostra archeoParc \u201cGlaciers and Me\u201d appartengono a questa serie.<\/p>\n\n\n\n<figure class=\"wp-block-gallery has-nested-images columns-default is-cropped wp-block-gallery-3 is-layout-flex wp-block-gallery-is-layout-flex\">\n<figure class=\"wp-block-image size-large\"><img loading=\"lazy\" decoding=\"async\" width=\"888\" height=\"1200\" data-id=\"52401\" src=\"https:\/\/www.archeoparc.it\/wp-content\/uploads\/archeoparc-schnalstal-25019-888x1200.jpg\" alt=\"\" class=\"wp-image-52401\" srcset=\"https:\/\/www.archeoparc.it\/wp-content\/uploads\/archeoparc-schnalstal-25019-888x1200.jpg 888w, https:\/\/www.archeoparc.it\/wp-content\/uploads\/archeoparc-schnalstal-25019-222x300.jpg 222w, https:\/\/www.archeoparc.it\/wp-content\/uploads\/archeoparc-schnalstal-25019-1137x1536.jpg 1137w, https:\/\/www.archeoparc.it\/wp-content\/uploads\/archeoparc-schnalstal-25019-1515x2048.jpg 1515w\" sizes=\"auto, (max-width: 888px) 100vw, 888px\" \/><\/figure>\n\n\n\n<figure class=\"wp-block-image size-large\"><img loading=\"lazy\" decoding=\"async\" width=\"842\" height=\"1200\" data-id=\"52398\" src=\"https:\/\/www.archeoparc.it\/wp-content\/uploads\/archeoparc-schnalstal-25018-842x1200.jpg\" alt=\"\" class=\"wp-image-52398\" srcset=\"https:\/\/www.archeoparc.it\/wp-content\/uploads\/archeoparc-schnalstal-25018-842x1200.jpg 842w, https:\/\/www.archeoparc.it\/wp-content\/uploads\/archeoparc-schnalstal-25018-210x300.jpg 210w, https:\/\/www.archeoparc.it\/wp-content\/uploads\/archeoparc-schnalstal-25018-1077x1536.jpg 1077w, https:\/\/www.archeoparc.it\/wp-content\/uploads\/archeoparc-schnalstal-25018-1436x2048.jpg 1436w\" sizes=\"auto, (max-width: 842px) 100vw, 842px\" \/><\/figure>\n\n\n\n<figure class=\"wp-block-image size-large\"><img loading=\"lazy\" decoding=\"async\" width=\"841\" height=\"1200\" data-id=\"52392\" src=\"https:\/\/www.archeoparc.it\/wp-content\/uploads\/archeoparc-schnalstal-25016-841x1200.jpg\" alt=\"\" class=\"wp-image-52392\" srcset=\"https:\/\/www.archeoparc.it\/wp-content\/uploads\/archeoparc-schnalstal-25016-841x1200.jpg 841w, https:\/\/www.archeoparc.it\/wp-content\/uploads\/archeoparc-schnalstal-25016-210x300.jpg 210w, https:\/\/www.archeoparc.it\/wp-content\/uploads\/archeoparc-schnalstal-25016-1076x1536.jpg 1076w, https:\/\/www.archeoparc.it\/wp-content\/uploads\/archeoparc-schnalstal-25016-1435x2048.jpg 1435w\" sizes=\"auto, (max-width: 841px) 100vw, 841px\" \/><\/figure>\n<\/figure>\n\n\n\n<h2 class=\"wp-block-heading\">Glaciers and Daniela Brugger<\/h2>\n\n\n\n<p><a href=\"https:\/\/daniela-brugger.it\/\" target=\"_blank\" rel=\"noreferrer noopener\">Daniela Brugger<\/a> \u00e8 da tempo affascinata dalla bellezza delle forme e delle strutture dei ghiacciai. La fotografa vive e lavora nel villaggio di Certosa, dove \u00e8 anche attiva nell&#8217;<a href=\"https:\/\/kulturverein-schnals.it\/it\" target=\"_blank\" rel=\"noreferrer noopener\">associazione culturale Senales<\/a> e organizza la mostra d&#8217;arte biennale \u201c<a href=\"https:\/\/kulturverein-schnals.it\/it\/arte-nella-certosa\" target=\"_blank\" rel=\"noreferrer noopener\">Arte nella Certosa<\/a>\u201d.<\/p>\n\n\n\n<p>Con l&#8217;estetica che i ghiacciai mostrano nella loro scomparsa, la fotografa vuole suggerire il collegamento tra la scomparsa dei ghiacciai come drastica prova del cambiamento climatico e l&#8217;attivit\u00e0 umana in generale come causa di questo fenomeno. La mostra all&#8217;archeoParc presenter\u00e0 immagini tratte dalle serie \u201cGlacier Threads\u201d e \u201cGlaciers are melting 0.32m\u201d. \u201cI ghiacciai morenti assomigliano ai volti solcati di persone molto anziane. \u00c8 impegnativo ritrarli nella loro dignit\u00e0\u201d. cos\u00ec Daniela Brugger ha descritto il compito dietro la macchina da presa in un<a href=\"http:\/\/: https:\/\/www.tageszeitung.it\/2022\/03\/02\/wut-und-hilflosigkeit\/\" target=\"_blank\" rel=\"noreferrer noopener\">&#8216;intervista al quotidiano S\u00fcdtiroler Tageszeitung.<\/a><\/p>\n\n\n\n<p>\u201cGlacier Threads\u201d o \u2018Gletschernetze\u2019 comprende opere a tecnica mista. Daniela Brugger cuce il filo sulle fotografie dei ghiacciai nelle montagne della sua infanzia. Utilizza il filo da cucire per segnare la loro estensione passata. La serie \u201c0.32\u201d fa riferimento a un dato della ricerca sui ghiacciai e sul clima: se tutti i ghiacciai al di fuori delle calotte glaciali della Groenlandia e dell&#8217;Antartide si sciogliessero, il livello globale del mare aumenterebbe di 0,32 metri. Con un&#8217;opera della serie \u201co.32\u201d, \u00e8 una delle vincitrici dell&#8217;<a href=\"https:\/\/europeanphotoawards.com\/winner-interview-profile.php?id=67\" target=\"_blank\" rel=\"noreferrer noopener\">European Photograpy Award 2024.<\/a><\/p>\n\n\n\n<figure class=\"wp-block-gallery has-nested-images columns-default is-cropped wp-block-gallery-4 is-layout-flex wp-block-gallery-is-layout-flex\">\n<figure class=\"wp-block-image size-large\"><img loading=\"lazy\" decoding=\"async\" width=\"1200\" height=\"900\" data-id=\"52389\" src=\"https:\/\/www.archeoparc.it\/wp-content\/uploads\/archeoparc-schnalstal-25015-1200x900.jpg\" alt=\"\" class=\"wp-image-52389\" srcset=\"https:\/\/www.archeoparc.it\/wp-content\/uploads\/archeoparc-schnalstal-25015-1200x900.jpg 1200w, https:\/\/www.archeoparc.it\/wp-content\/uploads\/archeoparc-schnalstal-25015-300x225.jpg 300w, https:\/\/www.archeoparc.it\/wp-content\/uploads\/archeoparc-schnalstal-25015-1536x1152.jpg 1536w, https:\/\/www.archeoparc.it\/wp-content\/uploads\/archeoparc-schnalstal-25015-2048x1536.jpg 2048w\" sizes=\"auto, (max-width: 1200px) 100vw, 1200px\" \/><\/figure>\n\n\n\n<figure class=\"wp-block-image size-large\"><img loading=\"lazy\" decoding=\"async\" width=\"1200\" height=\"800\" data-id=\"52386\" src=\"https:\/\/www.archeoparc.it\/wp-content\/uploads\/archeoparc-schnalstal-25014-1200x800.jpg\" alt=\"\" class=\"wp-image-52386\" srcset=\"https:\/\/www.archeoparc.it\/wp-content\/uploads\/archeoparc-schnalstal-25014-1200x800.jpg 1200w, https:\/\/www.archeoparc.it\/wp-content\/uploads\/archeoparc-schnalstal-25014-300x200.jpg 300w, https:\/\/www.archeoparc.it\/wp-content\/uploads\/archeoparc-schnalstal-25014-1536x1024.jpg 1536w, https:\/\/www.archeoparc.it\/wp-content\/uploads\/archeoparc-schnalstal-25014-2048x1365.jpg 2048w\" sizes=\"auto, (max-width: 1200px) 100vw, 1200px\" \/><\/figure>\n\n\n\n<figure class=\"wp-block-image size-large\"><img loading=\"lazy\" decoding=\"async\" width=\"1200\" height=\"800\" data-id=\"52383\" src=\"https:\/\/www.archeoparc.it\/wp-content\/uploads\/archeoparc-schnalstal-25013-1200x800.jpg\" alt=\"\" class=\"wp-image-52383\" srcset=\"https:\/\/www.archeoparc.it\/wp-content\/uploads\/archeoparc-schnalstal-25013-1200x800.jpg 1200w, https:\/\/www.archeoparc.it\/wp-content\/uploads\/archeoparc-schnalstal-25013-300x200.jpg 300w, https:\/\/www.archeoparc.it\/wp-content\/uploads\/archeoparc-schnalstal-25013-1536x1024.jpg 1536w, https:\/\/www.archeoparc.it\/wp-content\/uploads\/archeoparc-schnalstal-25013-2048x1365.jpg 2048w\" sizes=\"auto, (max-width: 1200px) 100vw, 1200px\" \/><\/figure>\n<\/figure>\n\n\n\n<p class=\"has-x-large-font-size\">I ghiacciai e Georg Kaser<\/p>\n\n\n\n<p><a href=\"http:\/\/Georg Kaser (Glaziologe)\" target=\"_blank\" rel=\"noreferrer noopener\">Georg Kaser<\/a> \u00e8 stato ed \u00e8 tuttora professionalmente impegnato nella ricerca sui ghiacciai e sul clima. Ha svolto ricerche e insegnato all&#8217;<a href=\"https:\/\/www.uibk.ac.at\/en\/acinn\/people\/georg-kaser\/\" target=\"_blank\" rel=\"noreferrer noopener\">Universit\u00e0 di Innsbruck<\/a> ed \u00e8 ora membro emerito dell&#8217;Accademia austriaca delle scienze di Vienna.<\/p>\n\n\n\n<p>Per \u201cGlaciers and Me\u201d, Georg Kaser ha racchiuso i dati attuali in frasi brevi e comprensibili, che si inseriscono e completano le opere artistiche di Jessie Pitt e Daniela Brugger.<\/p>\n\n\n\n<p class=\"has-x-large-font-size\"><br>Il vernissage di \u201cGlaciers and Me\u201d il 12 aprile all&#8217;archeoParc<\/p>\n\n\n\n<p>L&#8217;inaugurazione della mostra si terr\u00e0 il 12 aprile alle ore 18.00 presso il centro visitatori dell&#8217;archeoParc. Saranno presenti le artiste Jessie Pitt e Daniela Brugger, il glaciologo Georg Kaser e i rappresentanti del Comune di Senales e dell&#8217;associazione museale. L&#8217;inaugurazione della mostra sar\u00e0 accompagnata da un aperitivo e dalla musica di Sybille Kofler e Hubert Weiss, parte della band di quattro elementi <a href=\"https:\/\/www.facebook.com\/p\/4-SIGN-100041790594994\/?locale=de_DE\" target=\"_blank\" rel=\"noreferrer noopener\">4sign<\/a>. L&#8217;evento \u00e8 aperto al pubblico.<\/p>\n\n\n\n<p>In seguito, la mostra potr\u00e0 essere visitata tutti i giorni durante gli orari di apertura del museo, dalle ore 10.00 alle 17.00.<\/p>\n\n\n\n<p class=\"has-x-large-font-size\">Cosa vi viene in mente quando pensate ai ghiacciai?<\/p>\n\n\n\n<p>Scriveteci pure a <a href=\"info@archeoparc.it\">info@archeoparc.it.<\/a> Saremo lieti di ricevere le vostre riflessioni! Per inciso, anche il team curatoriale pone questa domanda ai visitatori della mostra.<\/p>\n","protected":false},"excerpt":{"rendered":"<p>Oggi \u00e8 la Giornata dei Ghiacciai: un buon motivo per dare un&#8217;occhiata dietro le quinte dell&#8217;archeoParc: Insieme al glaciologo Georg Kaser e alle artiste Jessie Pitt e Daniela Brugger, l&#8217;archeoParc [&hellip;]<\/p>\n","protected":false},"author":2,"featured_media":52401,"comment_status":"closed","ping_status":"closed","sticky":false,"template":"","format":"standard","meta":{"_acf_changed":false,"_tec_requires_first_save":true,"_EventAllDay":false,"_EventTimezone":"","_EventStartDate":"","_EventEndDate":"","_EventStartDateUTC":"","_EventEndDateUTC":"","_EventShowMap":false,"_EventShowMapLink":false,"_EventURL":"","_EventCost":"","_EventCostDescription":"","_EventCurrencySymbol":"","_EventCurrencyCode":"","_EventCurrencyPosition":"","_EventDateTimeSeparator":"","_EventTimeRangeSeparator":"","_EventOrganizerID":[],"_EventVenueID":[],"_OrganizerEmail":"","_OrganizerPhone":"","_OrganizerWebsite":"","_VenueAddress":"","_VenueCity":"","_VenueCountry":"","_VenueProvince":"","_VenueState":"","_VenueZip":"","_VenuePhone":"","_VenueURL":"","_VenueStateProvince":"","_VenueLat":"","_VenueLng":"","_VenueShowMap":false,"_VenueShowMapLink":false,"_tribe_blocks_recurrence_rules":"","_tribe_blocks_recurrence_description":"","_tribe_blocks_recurrence_exclusions":"","footnotes":""},"categories":[155],"tags":[],"class_list":["post-52403","post","type-post","status-publish","format-standard","has-post-thumbnail","hentry","category-coming-soon-it"],"acf":[],"yoast_head":"<!-- This site is optimized with the Yoast SEO plugin v27.5 - https:\/\/yoast.com\/product\/yoast-seo-wordpress\/ -->\n<title>Mostra &quot;Glaciers and Me&quot; | archeoParc Schnalstal<\/title>\n<meta name=\"robots\" content=\"index, follow, max-snippet:-1, max-image-preview:large, max-video-preview:-1\" \/>\n<link rel=\"canonical\" href=\"https:\/\/www.archeoparc.it\/it\/2025\/mostra-glaciers-and-me\/\" \/>\n<meta name=\"twitter:label1\" content=\"Scritto da\" \/>\n\t<meta name=\"twitter:data1\" content=\"Johanna\" \/>\n\t<meta name=\"twitter:label2\" content=\"Tempo di lettura stimato\" \/>\n\t<meta name=\"twitter:data2\" content=\"6 minuti\" \/>\n<script type=\"application\/ld+json\" class=\"yoast-schema-graph\">{\"@context\":\"https:\\\/\\\/schema.org\",\"@graph\":[{\"@type\":\"Article\",\"@id\":\"https:\\\/\\\/www.archeoparc.it\\\/it\\\/2025\\\/mostra-glaciers-and-me\\\/#article\",\"isPartOf\":{\"@id\":\"https:\\\/\\\/www.archeoparc.it\\\/it\\\/2025\\\/mostra-glaciers-and-me\\\/\"},\"author\":{\"name\":\"Johanna\",\"@id\":\"https:\\\/\\\/www.archeoparc.it\\\/#\\\/schema\\\/person\\\/b3065be180d841249307ecd9726611cf\"},\"headline\":\"Mostra &#8220;Glaciers and Me&#8221;\",\"datePublished\":\"2025-03-21T06:00:00+00:00\",\"dateModified\":\"2025-03-28T10:55:56+00:00\",\"mainEntityOfPage\":{\"@id\":\"https:\\\/\\\/www.archeoparc.it\\\/it\\\/2025\\\/mostra-glaciers-and-me\\\/\"},\"wordCount\":727,\"publisher\":{\"@id\":\"https:\\\/\\\/www.archeoparc.it\\\/#organization\"},\"image\":{\"@id\":\"https:\\\/\\\/www.archeoparc.it\\\/it\\\/2025\\\/mostra-glaciers-and-me\\\/#primaryimage\"},\"thumbnailUrl\":\"https:\\\/\\\/www.archeoparc.it\\\/wp-content\\\/uploads\\\/archeoparc-schnalstal-25019.jpg\",\"articleSection\":[\"Coming soon\"],\"inLanguage\":\"it-IT\"},{\"@type\":\"WebPage\",\"@id\":\"https:\\\/\\\/www.archeoparc.it\\\/it\\\/2025\\\/mostra-glaciers-and-me\\\/\",\"url\":\"https:\\\/\\\/www.archeoparc.it\\\/it\\\/2025\\\/mostra-glaciers-and-me\\\/\",\"name\":\"Mostra \\\"Glaciers and Me\\\" | archeoParc Schnalstal\",\"isPartOf\":{\"@id\":\"https:\\\/\\\/www.archeoparc.it\\\/#website\"},\"primaryImageOfPage\":{\"@id\":\"https:\\\/\\\/www.archeoparc.it\\\/it\\\/2025\\\/mostra-glaciers-and-me\\\/#primaryimage\"},\"image\":{\"@id\":\"https:\\\/\\\/www.archeoparc.it\\\/it\\\/2025\\\/mostra-glaciers-and-me\\\/#primaryimage\"},\"thumbnailUrl\":\"https:\\\/\\\/www.archeoparc.it\\\/wp-content\\\/uploads\\\/archeoparc-schnalstal-25019.jpg\",\"datePublished\":\"2025-03-21T06:00:00+00:00\",\"dateModified\":\"2025-03-28T10:55:56+00:00\",\"inLanguage\":\"it-IT\",\"potentialAction\":[{\"@type\":\"ReadAction\",\"target\":[\"https:\\\/\\\/www.archeoparc.it\\\/it\\\/2025\\\/mostra-glaciers-and-me\\\/\"]}]},{\"@type\":\"ImageObject\",\"inLanguage\":\"it-IT\",\"@id\":\"https:\\\/\\\/www.archeoparc.it\\\/it\\\/2025\\\/mostra-glaciers-and-me\\\/#primaryimage\",\"url\":\"https:\\\/\\\/www.archeoparc.it\\\/wp-content\\\/uploads\\\/archeoparc-schnalstal-25019.jpg\",\"contentUrl\":\"https:\\\/\\\/www.archeoparc.it\\\/wp-content\\\/uploads\\\/archeoparc-schnalstal-25019.jpg\",\"width\":2783,\"height\":3761},{\"@type\":\"WebSite\",\"@id\":\"https:\\\/\\\/www.archeoparc.it\\\/#website\",\"url\":\"https:\\\/\\\/www.archeoparc.it\\\/\",\"name\":\"archeoParc Schnalstal\",\"description\":\"Arch\u00e4ologisches Freilichtmuseum\",\"publisher\":{\"@id\":\"https:\\\/\\\/www.archeoparc.it\\\/#organization\"},\"potentialAction\":[{\"@type\":\"SearchAction\",\"target\":{\"@type\":\"EntryPoint\",\"urlTemplate\":\"https:\\\/\\\/www.archeoparc.it\\\/?s={search_term_string}\"},\"query-input\":{\"@type\":\"PropertyValueSpecification\",\"valueRequired\":true,\"valueName\":\"search_term_string\"}}],\"inLanguage\":\"it-IT\"},{\"@type\":\"Organization\",\"@id\":\"https:\\\/\\\/www.archeoparc.it\\\/#organization\",\"name\":\"archeoparc Schnalstal\",\"url\":\"https:\\\/\\\/www.archeoparc.it\\\/\",\"logo\":{\"@type\":\"ImageObject\",\"inLanguage\":\"it-IT\",\"@id\":\"https:\\\/\\\/www.archeoparc.it\\\/#\\\/schema\\\/logo\\\/image\\\/\",\"url\":\"https:\\\/\\\/www.archeoparc.it\\\/wp-content\\\/uploads\\\/cropped-archeoparc_logo_sw.png\",\"contentUrl\":\"https:\\\/\\\/www.archeoparc.it\\\/wp-content\\\/uploads\\\/cropped-archeoparc_logo_sw.png\",\"width\":654,\"height\":211,\"caption\":\"archeoparc Schnalstal\"},\"image\":{\"@id\":\"https:\\\/\\\/www.archeoparc.it\\\/#\\\/schema\\\/logo\\\/image\\\/\"}},{\"@type\":\"Person\",\"@id\":\"https:\\\/\\\/www.archeoparc.it\\\/#\\\/schema\\\/person\\\/b3065be180d841249307ecd9726611cf\",\"name\":\"Johanna\",\"image\":{\"@type\":\"ImageObject\",\"inLanguage\":\"it-IT\",\"@id\":\"https:\\\/\\\/secure.gravatar.com\\\/avatar\\\/d2fea4fe845dc1970d9b7702e5120165a019feaf750a97d4e682e0db17aff987?s=96&d=mm&r=g\",\"url\":\"https:\\\/\\\/secure.gravatar.com\\\/avatar\\\/d2fea4fe845dc1970d9b7702e5120165a019feaf750a97d4e682e0db17aff987?s=96&d=mm&r=g\",\"contentUrl\":\"https:\\\/\\\/secure.gravatar.com\\\/avatar\\\/d2fea4fe845dc1970d9b7702e5120165a019feaf750a97d4e682e0db17aff987?s=96&d=mm&r=g\",\"caption\":\"Johanna\"}}]}<\/script>\n<!-- \/ Yoast SEO plugin. -->","yoast_head_json":{"title":"Mostra \"Glaciers and Me\" | archeoParc Schnalstal","robots":{"index":"index","follow":"follow","max-snippet":"max-snippet:-1","max-image-preview":"max-image-preview:large","max-video-preview":"max-video-preview:-1"},"canonical":"https:\/\/www.archeoparc.it\/it\/2025\/mostra-glaciers-and-me\/","twitter_misc":{"Scritto da":"Johanna","Tempo di lettura stimato":"6 minuti"},"schema":{"@context":"https:\/\/schema.org","@graph":[{"@type":"Article","@id":"https:\/\/www.archeoparc.it\/it\/2025\/mostra-glaciers-and-me\/#article","isPartOf":{"@id":"https:\/\/www.archeoparc.it\/it\/2025\/mostra-glaciers-and-me\/"},"author":{"name":"Johanna","@id":"https:\/\/www.archeoparc.it\/#\/schema\/person\/b3065be180d841249307ecd9726611cf"},"headline":"Mostra &#8220;Glaciers and Me&#8221;","datePublished":"2025-03-21T06:00:00+00:00","dateModified":"2025-03-28T10:55:56+00:00","mainEntityOfPage":{"@id":"https:\/\/www.archeoparc.it\/it\/2025\/mostra-glaciers-and-me\/"},"wordCount":727,"publisher":{"@id":"https:\/\/www.archeoparc.it\/#organization"},"image":{"@id":"https:\/\/www.archeoparc.it\/it\/2025\/mostra-glaciers-and-me\/#primaryimage"},"thumbnailUrl":"https:\/\/www.archeoparc.it\/wp-content\/uploads\/archeoparc-schnalstal-25019.jpg","articleSection":["Coming soon"],"inLanguage":"it-IT"},{"@type":"WebPage","@id":"https:\/\/www.archeoparc.it\/it\/2025\/mostra-glaciers-and-me\/","url":"https:\/\/www.archeoparc.it\/it\/2025\/mostra-glaciers-and-me\/","name":"Mostra \"Glaciers and Me\" | archeoParc Schnalstal","isPartOf":{"@id":"https:\/\/www.archeoparc.it\/#website"},"primaryImageOfPage":{"@id":"https:\/\/www.archeoparc.it\/it\/2025\/mostra-glaciers-and-me\/#primaryimage"},"image":{"@id":"https:\/\/www.archeoparc.it\/it\/2025\/mostra-glaciers-and-me\/#primaryimage"},"thumbnailUrl":"https:\/\/www.archeoparc.it\/wp-content\/uploads\/archeoparc-schnalstal-25019.jpg","datePublished":"2025-03-21T06:00:00+00:00","dateModified":"2025-03-28T10:55:56+00:00","inLanguage":"it-IT","potentialAction":[{"@type":"ReadAction","target":["https:\/\/www.archeoparc.it\/it\/2025\/mostra-glaciers-and-me\/"]}]},{"@type":"ImageObject","inLanguage":"it-IT","@id":"https:\/\/www.archeoparc.it\/it\/2025\/mostra-glaciers-and-me\/#primaryimage","url":"https:\/\/www.archeoparc.it\/wp-content\/uploads\/archeoparc-schnalstal-25019.jpg","contentUrl":"https:\/\/www.archeoparc.it\/wp-content\/uploads\/archeoparc-schnalstal-25019.jpg","width":2783,"height":3761},{"@type":"WebSite","@id":"https:\/\/www.archeoparc.it\/#website","url":"https:\/\/www.archeoparc.it\/","name":"archeoParc Schnalstal","description":"Arch\u00e4ologisches Freilichtmuseum","publisher":{"@id":"https:\/\/www.archeoparc.it\/#organization"},"potentialAction":[{"@type":"SearchAction","target":{"@type":"EntryPoint","urlTemplate":"https:\/\/www.archeoparc.it\/?s={search_term_string}"},"query-input":{"@type":"PropertyValueSpecification","valueRequired":true,"valueName":"search_term_string"}}],"inLanguage":"it-IT"},{"@type":"Organization","@id":"https:\/\/www.archeoparc.it\/#organization","name":"archeoparc Schnalstal","url":"https:\/\/www.archeoparc.it\/","logo":{"@type":"ImageObject","inLanguage":"it-IT","@id":"https:\/\/www.archeoparc.it\/#\/schema\/logo\/image\/","url":"https:\/\/www.archeoparc.it\/wp-content\/uploads\/cropped-archeoparc_logo_sw.png","contentUrl":"https:\/\/www.archeoparc.it\/wp-content\/uploads\/cropped-archeoparc_logo_sw.png","width":654,"height":211,"caption":"archeoparc Schnalstal"},"image":{"@id":"https:\/\/www.archeoparc.it\/#\/schema\/logo\/image\/"}},{"@type":"Person","@id":"https:\/\/www.archeoparc.it\/#\/schema\/person\/b3065be180d841249307ecd9726611cf","name":"Johanna","image":{"@type":"ImageObject","inLanguage":"it-IT","@id":"https:\/\/secure.gravatar.com\/avatar\/d2fea4fe845dc1970d9b7702e5120165a019feaf750a97d4e682e0db17aff987?s=96&d=mm&r=g","url":"https:\/\/secure.gravatar.com\/avatar\/d2fea4fe845dc1970d9b7702e5120165a019feaf750a97d4e682e0db17aff987?s=96&d=mm&r=g","contentUrl":"https:\/\/secure.gravatar.com\/avatar\/d2fea4fe845dc1970d9b7702e5120165a019feaf750a97d4e682e0db17aff987?s=96&d=mm&r=g","caption":"Johanna"}}]}},"_links":{"self":[{"href":"https:\/\/www.archeoparc.it\/it\/wp-json\/wp\/v2\/posts\/52403","targetHints":{"allow":["GET"]}}],"collection":[{"href":"https:\/\/www.archeoparc.it\/it\/wp-json\/wp\/v2\/posts"}],"about":[{"href":"https:\/\/www.archeoparc.it\/it\/wp-json\/wp\/v2\/types\/post"}],"author":[{"embeddable":true,"href":"https:\/\/www.archeoparc.it\/it\/wp-json\/wp\/v2\/users\/2"}],"replies":[{"embeddable":true,"href":"https:\/\/www.archeoparc.it\/it\/wp-json\/wp\/v2\/comments?post=52403"}],"version-history":[{"count":3,"href":"https:\/\/www.archeoparc.it\/it\/wp-json\/wp\/v2\/posts\/52403\/revisions"}],"predecessor-version":[{"id":52409,"href":"https:\/\/www.archeoparc.it\/it\/wp-json\/wp\/v2\/posts\/52403\/revisions\/52409"}],"wp:featuredmedia":[{"embeddable":true,"href":"https:\/\/www.archeoparc.it\/it\/wp-json\/wp\/v2\/media\/52401"}],"wp:attachment":[{"href":"https:\/\/www.archeoparc.it\/it\/wp-json\/wp\/v2\/media?parent=52403"}],"wp:term":[{"taxonomy":"category","embeddable":true,"href":"https:\/\/www.archeoparc.it\/it\/wp-json\/wp\/v2\/categories?post=52403"},{"taxonomy":"post_tag","embeddable":true,"href":"https:\/\/www.archeoparc.it\/it\/wp-json\/wp\/v2\/tags?post=52403"}],"curies":[{"name":"wp","href":"https:\/\/api.w.org\/{rel}","templated":true}]}}