{"id":52514,"date":"2025-04-01T12:44:38","date_gmt":"2025-04-01T10:44:38","guid":{"rendered":"https:\/\/www.archeoparc.it\/?p=52514"},"modified":"2025-04-02T19:39:42","modified_gmt":"2025-04-02T17:39:42","slug":"25-anni-di-la-mummia-dei-ghiacci-la-giornata-internazionale-del-libro-per-bambini","status":"publish","type":"post","link":"https:\/\/www.archeoparc.it\/it\/2025\/25-anni-di-la-mummia-dei-ghiacci-la-giornata-internazionale-del-libro-per-bambini\/","title":{"rendered":"25 anni di \u201cLa mummia dei ghiacci\u201d &amp; la giornata internazionale del libro per bambini"},"content":{"rendered":"\n<p>Il <strong>2. Aprile<\/strong> si festeggia <strong>la giornata internazionale del libro per bambini<\/strong> (ICBD = International Children&#8217;s Book Day) su tutto il mondo. Non serve solo a coltivare l&#8217;interesse per la letteratura per bambini e ragazzi, ma soprattutto a sottolineare la gioia della lettura. E anche il nostro <strong>libro preferito su \u00d6tzi per bambini<\/strong> compie gli anni! Abbiamo colto l\u2019occasione e preparato un quiz per i piccoli fan di \u00d6tzi!<\/p>\n\n\n\n<p>-&gt; <a href=\"#quiz\">Al quiz<\/a> \ud83d\udd0e<\/p>\n\n\n\n<h2 class=\"wp-block-heading\">25 anni di \u201eLa mummia dei ghiacci\u201d di Gudrun Sulzenbacher \ud83c\udf89<\/h2>\n\n\n\n<p>Sei gi\u00e0 stato all\u2019archeoParc? Forse hai visto il <a href=\"https:\/\/www.archeoparc.it\/it\/visita\/da-vedere\/#bookshop\">bookshop<\/a> che si trova all&#8217;ingresso. Qui si vendono libri su \u00d6tzi, sulle montagne, sulla natura, sul tiro con l&#8217;arco e sull&#8217;archeologia. Un libro molto apprezzato \u00e8 <strong>\u201cLa mummia dei ghiacci\u201d<\/strong> di Gurdrun Sulzenbacher, pubblicato da <a href=\"https:\/\/www.folioverlag.com\/\">Folio Editore<\/a>, che ha compiuto <strong>25 anni<\/strong> quest&#8217;anno. Davvero un bel po&#8217; di tempo!<\/p>\n\n\n\n<p>Esattamente 25 anni fa, nel <strong>2000<\/strong>, si poteva acquistare il libro per la prima volta. Da allora, \u201cLa mummia del ghiacciaio\u201d \u00e8 gi\u00e0 stato rivisto e ripubblicato <strong>11 volte<\/strong>.<\/p>\n\n\n\n<blockquote class=\"wp-block-quote is-layout-flow wp-block-quote-is-layout-flow\">\n<p class=\"has-text-align-center has-medium-font-size\">Il team dell&#8217;archeoParc fa le sue congratulazioni a Gudrun Sulzenbacher e<br>Folio Editore per il grande anniversario!<\/p>\n<\/blockquote>\n\n\n\n<p>Magari anche nella tua libreraia di casa c\u2019\u00e8 questo libro? Ecco allora un <strong>piccolo quiz<\/strong> che metter\u00e0 alla prova le tue conoscenze!<\/p>\n\n\n\n<h2 class=\"wp-block-heading\">Cos\u2019\u00e8 un anniversario? \ud83d\udcc6<\/h2>\n\n\n\n<p>Ogni anno ci sono giorni dedicati a un tema specifico. Questo vuol dire che a un certo giorno tutti si concentrano con molta attenzione su un evento, una persona o un oggetto. Questo pu\u00f2 avere molte ragioni. Di solito, in questo giorno \u00e8 successo qualcosa di importante nella storia, che viene ricordato all\u2019anniversario. Oppure si festeggia il compleanno di una persona famosa. <\/p>\n\n\n\n<p>Queste giornate per\u00f2 non devono sempre riguardare la storia. Il <strong>2 aprile<\/strong> per esempio: Su tutto il mondo viene festeggiato <a href=\"https:\/\/www.ibby.org\/awards-activities\/activities\/international-childrens-book-day?fbclid=iwar254adhtbxknxgf8wwwwtlvmdov9be1c_noyxq747jr46ecr7vz_bfvj6e\">la giornata internazionale del libro per bambin<\/a>i. In questo modo si vuole dimostrare quanto sono importanti i libri. Anche da noi all\u2019archeoParc abbiamo diversi anniversari. Per esempio, la <a href=\"https:\/\/www.archeoparc.it\/it\/2023\/23-oetzitag\/\">giornata di \u00d6tzi<\/a> a settembre, dove ricordiamo il giorno in cui \u00e8 stato trovato sul ghiacciaio.<\/p>\n\n\n\n<h2 class=\"wp-block-heading\">Quanti libri aveva \u00d6tzi? \ud83d\udcd6<\/h2>\n\n\n\n<p>\u00d6tzi probabilmente <strong>non aveva libri<\/strong>. Migliaia di anni fa, sulle Alpi le persone non sapevano <strong>ne scriverne ne leggere<\/strong>. Per questo la gente non poteva scrivere i libri. \u00d6tzi e i suoi amici dovevano imparare tutto a memoria. <\/p>\n\n\n\n<p><strong>Te lo puoi immaginare?<\/strong><\/p>\n\n\n\n<h2 class=\"wp-block-heading\">Come si diventa esperti di \u00d6tzi? \u2753<\/h2>\n\n\n\n<p>Per diventare uno scienziato <strong>bisogna leggere molto<\/strong>. Non si tratta per\u00f2 di libri che si trovano in biblioteca, ma della cosiddetta <strong>letteratura di ricerca<\/strong>. Gli archeologi, ad esempio, raccontano quello che stanno ricercando e quello che hanno gi\u00e0 scoperto. Di solito i testi sono molto complicati perch\u00e9 gli esperti sanno molte cose e le descrivono in modo molto dettagliato.<\/p>\n\n\n\n<p>Di tanto in tanto, alcuni archeologi scrivono anche libri per bambini, cos\u00ec che anche i bambini possano conoscere \u00d6tzi. Hanno molte immagini e tutti i testi sono scritti in un modo che \u00e8 facile da capire.<\/p>\n\n\n\n<h2 class=\"wp-block-heading\">Il piccolo quiz di \u00d6tzi \ud83d\udd0d<\/h2>\n\n\n\n<figure class=\"wp-block-embed is-type-wp-embed is-provider-learningapps-org wp-block-embed-learningapps-org\"><div class=\"wp-block-embed__wrapper\">\n<iframe loading=\"lazy\" class=\"wp-embedded-content\" sandbox=\"allow-scripts\" security=\"restricted\" title=\"Testo &quot;Riempi-gli-spazi&quot; per il libro  &quot;La mummia dei ghiacci&quot; di Gudrun Sulzenbacher\" src=\"https:\/\/LearningApps.org\/watch?id=p6vk23f2k25#?secret=wg6TlsPAwr\" data-secret=\"wg6TlsPAwr\" frameborder=\"0\" width=\"950\" height=\"500\"><\/iframe>\n<\/div><\/figure>\n\n\n\n<div style=\"height:30px\" aria-hidden=\"true\" class=\"wp-block-spacer\"><\/div>\n\n\n\n<h2 class=\"wp-block-heading\" id=\"quiz\">Il piccolo quiz di \u00d6tzi \ud83d\udd0d<\/h2>\n\n\n\n<figure class=\"wp-block-embed is-type-wp-embed is-provider-learningapps-org wp-block-embed-learningapps-org\"><div class=\"wp-block-embed__wrapper\">\n<iframe loading=\"lazy\" class=\"wp-embedded-content\" sandbox=\"allow-scripts\" security=\"restricted\" title=\"Piccolo quiz su \u00d6tzi per il 2 aprile\" src=\"https:\/\/LearningApps.org\/watch?id=pyjnbvuca25#?secret=bcRd5aQe8U\" data-secret=\"bcRd5aQe8U\" frameborder=\"0\" width=\"950\" height=\"500\"><\/iframe>\n<\/div><\/figure>\n\n\n\n<div style=\"height:30px\" aria-hidden=\"true\" class=\"wp-block-spacer\"><\/div>\n\n\n\n<h2 class=\"wp-block-heading\">Ancora in vena di quiz?<\/h2>\n\n\n\n<p><strong>Qui potete trovare altri quiz del nostro archivio:<\/strong><\/p>\n\n\n\n<ul class=\"wp-block-list\">\n<li><a href=\"https:\/\/www.archeoparc.it\/it\/2016\/per-tutti-gli-aiutanti-boscaioli-che-hanno-aiutato-a-piantare-alberi\/\">Quanto conosci le piante legnose di \u00d6tzi?<\/a> \ud83c\udf32\ud83e\udeb5<\/li>\n\n\n\n<li><a href=\"https:\/\/www.archeoparc.it\/it\/2017\/steine-memory-kindersommer\/\">Il memory delle pietre<\/a> \u26cf\ud83e\udea8<\/li>\n\n\n\n<li><a href=\"https:\/\/www.archeoparc.it\/it\/2020\/20-spiele-brotausstellung\/\">I quiz sul pane<\/a> \ud83e\udd56<\/li>\n<\/ul>\n\n\n\n<p><\/p>\n","protected":false},"excerpt":{"rendered":"<p>Il 2. Aprile si festeggia la giornata internazionale del libro per bambini (ICBD = International Children&#8217;s Book Day) su tutto il mondo. Non serve solo a coltivare l&#8217;interesse per la [&hellip;]<\/p>\n","protected":false},"author":2,"featured_media":52460,"comment_status":"closed","ping_status":"closed","sticky":false,"template":"","format":"standard","meta":{"_acf_changed":false,"_tec_requires_first_save":true,"_EventAllDay":false,"_EventTimezone":"","_EventStartDate":"","_EventEndDate":"","_EventStartDateUTC":"","_EventEndDateUTC":"","_EventShowMap":false,"_EventShowMapLink":false,"_EventURL":"","_EventCost":"","_EventCostDescription":"","_EventCurrencySymbol":"","_EventCurrencyCode":"","_EventCurrencyPosition":"","_EventDateTimeSeparator":"","_EventTimeRangeSeparator":"","_EventOrganizerID":[],"_EventVenueID":[],"_OrganizerEmail":"","_OrganizerPhone":"","_OrganizerWebsite":"","_VenueAddress":"","_VenueCity":"","_VenueCountry":"","_VenueProvince":"","_VenueState":"","_VenueZip":"","_VenuePhone":"","_VenueURL":"","_VenueStateProvince":"","_VenueLat":"","_VenueLng":"","_VenueShowMap":false,"_VenueShowMapLink":false,"_tribe_blocks_recurrence_rules":"","_tribe_blocks_recurrence_description":"","_tribe_blocks_recurrence_exclusions":"","footnotes":""},"categories":[170],"tags":[],"class_list":["post-52514","post","type-post","status-publish","format-standard","has-post-thumbnail","hentry","category-play-it"],"acf":[],"yoast_head":"<!-- This site is optimized with the Yoast SEO plugin v27.5 - https:\/\/yoast.com\/product\/yoast-seo-wordpress\/ -->\n<title>25 anni di \u201cLa mummia dei ghiacci\u201d &amp; la giornata internazionale del libro per bambini | archeoParc Schnalstal<\/title>\n<meta name=\"description\" content=\"Festeggiamo 25 anni di &quot;La mummia dei ghiacci&quot; di Gudrun Sulzenbacher e la giornata internationale del libro per bambini con un piccolo quiz!\" \/>\n<meta name=\"robots\" content=\"index, follow, max-snippet:-1, max-image-preview:large, max-video-preview:-1\" \/>\n<link rel=\"canonical\" href=\"https:\/\/www.archeoparc.it\/it\/2025\/25-anni-di-la-mummia-dei-ghiacci-la-giornata-internazionale-del-libro-per-bambini\/\" \/>\n<meta name=\"twitter:label1\" content=\"Scritto da\" \/>\n\t<meta name=\"twitter:data1\" content=\"Johanna\" \/>\n\t<meta name=\"twitter:label2\" content=\"Tempo di lettura stimato\" \/>\n\t<meta name=\"twitter:data2\" content=\"3 minuti\" \/>\n<script type=\"application\/ld+json\" class=\"yoast-schema-graph\">{\"@context\":\"https:\\\/\\\/schema.org\",\"@graph\":[{\"@type\":\"Article\",\"@id\":\"https:\\\/\\\/www.archeoparc.it\\\/it\\\/2025\\\/25-anni-di-la-mummia-dei-ghiacci-la-giornata-internazionale-del-libro-per-bambini\\\/#article\",\"isPartOf\":{\"@id\":\"https:\\\/\\\/www.archeoparc.it\\\/it\\\/2025\\\/25-anni-di-la-mummia-dei-ghiacci-la-giornata-internazionale-del-libro-per-bambini\\\/\"},\"author\":{\"name\":\"Johanna\",\"@id\":\"https:\\\/\\\/www.archeoparc.it\\\/#\\\/schema\\\/person\\\/b3065be180d841249307ecd9726611cf\"},\"headline\":\"25 anni di \u201cLa mummia dei ghiacci\u201d &amp; la giornata internazionale del libro per bambini\",\"datePublished\":\"2025-04-01T10:44:38+00:00\",\"dateModified\":\"2025-04-02T17:39:42+00:00\",\"mainEntityOfPage\":{\"@id\":\"https:\\\/\\\/www.archeoparc.it\\\/it\\\/2025\\\/25-anni-di-la-mummia-dei-ghiacci-la-giornata-internazionale-del-libro-per-bambini\\\/\"},\"wordCount\":548,\"publisher\":{\"@id\":\"https:\\\/\\\/www.archeoparc.it\\\/#organization\"},\"image\":{\"@id\":\"https:\\\/\\\/www.archeoparc.it\\\/it\\\/2025\\\/25-anni-di-la-mummia-dei-ghiacci-la-giornata-internazionale-del-libro-per-bambini\\\/#primaryimage\"},\"thumbnailUrl\":\"https:\\\/\\\/www.archeoparc.it\\\/wp-content\\\/uploads\\\/archeoparc-schnalstal-25175.jpg\",\"articleSection\":[\"Play\"],\"inLanguage\":\"it-IT\"},{\"@type\":\"WebPage\",\"@id\":\"https:\\\/\\\/www.archeoparc.it\\\/it\\\/2025\\\/25-anni-di-la-mummia-dei-ghiacci-la-giornata-internazionale-del-libro-per-bambini\\\/\",\"url\":\"https:\\\/\\\/www.archeoparc.it\\\/it\\\/2025\\\/25-anni-di-la-mummia-dei-ghiacci-la-giornata-internazionale-del-libro-per-bambini\\\/\",\"name\":\"25 anni di \u201cLa mummia dei ghiacci\u201d &amp; la giornata internazionale del libro per bambini | archeoParc Schnalstal\",\"isPartOf\":{\"@id\":\"https:\\\/\\\/www.archeoparc.it\\\/#website\"},\"primaryImageOfPage\":{\"@id\":\"https:\\\/\\\/www.archeoparc.it\\\/it\\\/2025\\\/25-anni-di-la-mummia-dei-ghiacci-la-giornata-internazionale-del-libro-per-bambini\\\/#primaryimage\"},\"image\":{\"@id\":\"https:\\\/\\\/www.archeoparc.it\\\/it\\\/2025\\\/25-anni-di-la-mummia-dei-ghiacci-la-giornata-internazionale-del-libro-per-bambini\\\/#primaryimage\"},\"thumbnailUrl\":\"https:\\\/\\\/www.archeoparc.it\\\/wp-content\\\/uploads\\\/archeoparc-schnalstal-25175.jpg\",\"datePublished\":\"2025-04-01T10:44:38+00:00\",\"dateModified\":\"2025-04-02T17:39:42+00:00\",\"description\":\"Festeggiamo 25 anni di \\\"La mummia dei ghiacci\\\" di Gudrun Sulzenbacher e la giornata internationale del libro per bambini con un piccolo quiz!\",\"inLanguage\":\"it-IT\",\"potentialAction\":[{\"@type\":\"ReadAction\",\"target\":[\"https:\\\/\\\/www.archeoparc.it\\\/it\\\/2025\\\/25-anni-di-la-mummia-dei-ghiacci-la-giornata-internazionale-del-libro-per-bambini\\\/\"]}]},{\"@type\":\"ImageObject\",\"inLanguage\":\"it-IT\",\"@id\":\"https:\\\/\\\/www.archeoparc.it\\\/it\\\/2025\\\/25-anni-di-la-mummia-dei-ghiacci-la-giornata-internazionale-del-libro-per-bambini\\\/#primaryimage\",\"url\":\"https:\\\/\\\/www.archeoparc.it\\\/wp-content\\\/uploads\\\/archeoparc-schnalstal-25175.jpg\",\"contentUrl\":\"https:\\\/\\\/www.archeoparc.it\\\/wp-content\\\/uploads\\\/archeoparc-schnalstal-25175.jpg\",\"width\":1638,\"height\":2048},{\"@type\":\"WebSite\",\"@id\":\"https:\\\/\\\/www.archeoparc.it\\\/#website\",\"url\":\"https:\\\/\\\/www.archeoparc.it\\\/\",\"name\":\"archeoParc Schnalstal\",\"description\":\"Arch\u00e4ologisches Freilichtmuseum\",\"publisher\":{\"@id\":\"https:\\\/\\\/www.archeoparc.it\\\/#organization\"},\"potentialAction\":[{\"@type\":\"SearchAction\",\"target\":{\"@type\":\"EntryPoint\",\"urlTemplate\":\"https:\\\/\\\/www.archeoparc.it\\\/?s={search_term_string}\"},\"query-input\":{\"@type\":\"PropertyValueSpecification\",\"valueRequired\":true,\"valueName\":\"search_term_string\"}}],\"inLanguage\":\"it-IT\"},{\"@type\":\"Organization\",\"@id\":\"https:\\\/\\\/www.archeoparc.it\\\/#organization\",\"name\":\"archeoparc Schnalstal\",\"url\":\"https:\\\/\\\/www.archeoparc.it\\\/\",\"logo\":{\"@type\":\"ImageObject\",\"inLanguage\":\"it-IT\",\"@id\":\"https:\\\/\\\/www.archeoparc.it\\\/#\\\/schema\\\/logo\\\/image\\\/\",\"url\":\"https:\\\/\\\/www.archeoparc.it\\\/wp-content\\\/uploads\\\/cropped-archeoparc_logo_sw.png\",\"contentUrl\":\"https:\\\/\\\/www.archeoparc.it\\\/wp-content\\\/uploads\\\/cropped-archeoparc_logo_sw.png\",\"width\":654,\"height\":211,\"caption\":\"archeoparc Schnalstal\"},\"image\":{\"@id\":\"https:\\\/\\\/www.archeoparc.it\\\/#\\\/schema\\\/logo\\\/image\\\/\"}},{\"@type\":\"Person\",\"@id\":\"https:\\\/\\\/www.archeoparc.it\\\/#\\\/schema\\\/person\\\/b3065be180d841249307ecd9726611cf\",\"name\":\"Johanna\",\"image\":{\"@type\":\"ImageObject\",\"inLanguage\":\"it-IT\",\"@id\":\"https:\\\/\\\/secure.gravatar.com\\\/avatar\\\/d2fea4fe845dc1970d9b7702e5120165a019feaf750a97d4e682e0db17aff987?s=96&d=mm&r=g\",\"url\":\"https:\\\/\\\/secure.gravatar.com\\\/avatar\\\/d2fea4fe845dc1970d9b7702e5120165a019feaf750a97d4e682e0db17aff987?s=96&d=mm&r=g\",\"contentUrl\":\"https:\\\/\\\/secure.gravatar.com\\\/avatar\\\/d2fea4fe845dc1970d9b7702e5120165a019feaf750a97d4e682e0db17aff987?s=96&d=mm&r=g\",\"caption\":\"Johanna\"}}]}<\/script>\n<!-- \/ Yoast SEO plugin. -->","yoast_head_json":{"title":"25 anni di \u201cLa mummia dei ghiacci\u201d &amp; la giornata internazionale del libro per bambini | archeoParc Schnalstal","description":"Festeggiamo 25 anni di \"La mummia dei ghiacci\" di Gudrun Sulzenbacher e la giornata internationale del libro per bambini con un piccolo quiz!","robots":{"index":"index","follow":"follow","max-snippet":"max-snippet:-1","max-image-preview":"max-image-preview:large","max-video-preview":"max-video-preview:-1"},"canonical":"https:\/\/www.archeoparc.it\/it\/2025\/25-anni-di-la-mummia-dei-ghiacci-la-giornata-internazionale-del-libro-per-bambini\/","twitter_misc":{"Scritto da":"Johanna","Tempo di lettura stimato":"3 minuti"},"schema":{"@context":"https:\/\/schema.org","@graph":[{"@type":"Article","@id":"https:\/\/www.archeoparc.it\/it\/2025\/25-anni-di-la-mummia-dei-ghiacci-la-giornata-internazionale-del-libro-per-bambini\/#article","isPartOf":{"@id":"https:\/\/www.archeoparc.it\/it\/2025\/25-anni-di-la-mummia-dei-ghiacci-la-giornata-internazionale-del-libro-per-bambini\/"},"author":{"name":"Johanna","@id":"https:\/\/www.archeoparc.it\/#\/schema\/person\/b3065be180d841249307ecd9726611cf"},"headline":"25 anni di \u201cLa mummia dei ghiacci\u201d &amp; la giornata internazionale del libro per bambini","datePublished":"2025-04-01T10:44:38+00:00","dateModified":"2025-04-02T17:39:42+00:00","mainEntityOfPage":{"@id":"https:\/\/www.archeoparc.it\/it\/2025\/25-anni-di-la-mummia-dei-ghiacci-la-giornata-internazionale-del-libro-per-bambini\/"},"wordCount":548,"publisher":{"@id":"https:\/\/www.archeoparc.it\/#organization"},"image":{"@id":"https:\/\/www.archeoparc.it\/it\/2025\/25-anni-di-la-mummia-dei-ghiacci-la-giornata-internazionale-del-libro-per-bambini\/#primaryimage"},"thumbnailUrl":"https:\/\/www.archeoparc.it\/wp-content\/uploads\/archeoparc-schnalstal-25175.jpg","articleSection":["Play"],"inLanguage":"it-IT"},{"@type":"WebPage","@id":"https:\/\/www.archeoparc.it\/it\/2025\/25-anni-di-la-mummia-dei-ghiacci-la-giornata-internazionale-del-libro-per-bambini\/","url":"https:\/\/www.archeoparc.it\/it\/2025\/25-anni-di-la-mummia-dei-ghiacci-la-giornata-internazionale-del-libro-per-bambini\/","name":"25 anni di \u201cLa mummia dei ghiacci\u201d &amp; la giornata internazionale del libro per bambini | archeoParc Schnalstal","isPartOf":{"@id":"https:\/\/www.archeoparc.it\/#website"},"primaryImageOfPage":{"@id":"https:\/\/www.archeoparc.it\/it\/2025\/25-anni-di-la-mummia-dei-ghiacci-la-giornata-internazionale-del-libro-per-bambini\/#primaryimage"},"image":{"@id":"https:\/\/www.archeoparc.it\/it\/2025\/25-anni-di-la-mummia-dei-ghiacci-la-giornata-internazionale-del-libro-per-bambini\/#primaryimage"},"thumbnailUrl":"https:\/\/www.archeoparc.it\/wp-content\/uploads\/archeoparc-schnalstal-25175.jpg","datePublished":"2025-04-01T10:44:38+00:00","dateModified":"2025-04-02T17:39:42+00:00","description":"Festeggiamo 25 anni di \"La mummia dei ghiacci\" di Gudrun Sulzenbacher e la giornata internationale del libro per bambini con un piccolo quiz!","inLanguage":"it-IT","potentialAction":[{"@type":"ReadAction","target":["https:\/\/www.archeoparc.it\/it\/2025\/25-anni-di-la-mummia-dei-ghiacci-la-giornata-internazionale-del-libro-per-bambini\/"]}]},{"@type":"ImageObject","inLanguage":"it-IT","@id":"https:\/\/www.archeoparc.it\/it\/2025\/25-anni-di-la-mummia-dei-ghiacci-la-giornata-internazionale-del-libro-per-bambini\/#primaryimage","url":"https:\/\/www.archeoparc.it\/wp-content\/uploads\/archeoparc-schnalstal-25175.jpg","contentUrl":"https:\/\/www.archeoparc.it\/wp-content\/uploads\/archeoparc-schnalstal-25175.jpg","width":1638,"height":2048},{"@type":"WebSite","@id":"https:\/\/www.archeoparc.it\/#website","url":"https:\/\/www.archeoparc.it\/","name":"archeoParc Schnalstal","description":"Arch\u00e4ologisches Freilichtmuseum","publisher":{"@id":"https:\/\/www.archeoparc.it\/#organization"},"potentialAction":[{"@type":"SearchAction","target":{"@type":"EntryPoint","urlTemplate":"https:\/\/www.archeoparc.it\/?s={search_term_string}"},"query-input":{"@type":"PropertyValueSpecification","valueRequired":true,"valueName":"search_term_string"}}],"inLanguage":"it-IT"},{"@type":"Organization","@id":"https:\/\/www.archeoparc.it\/#organization","name":"archeoparc Schnalstal","url":"https:\/\/www.archeoparc.it\/","logo":{"@type":"ImageObject","inLanguage":"it-IT","@id":"https:\/\/www.archeoparc.it\/#\/schema\/logo\/image\/","url":"https:\/\/www.archeoparc.it\/wp-content\/uploads\/cropped-archeoparc_logo_sw.png","contentUrl":"https:\/\/www.archeoparc.it\/wp-content\/uploads\/cropped-archeoparc_logo_sw.png","width":654,"height":211,"caption":"archeoparc Schnalstal"},"image":{"@id":"https:\/\/www.archeoparc.it\/#\/schema\/logo\/image\/"}},{"@type":"Person","@id":"https:\/\/www.archeoparc.it\/#\/schema\/person\/b3065be180d841249307ecd9726611cf","name":"Johanna","image":{"@type":"ImageObject","inLanguage":"it-IT","@id":"https:\/\/secure.gravatar.com\/avatar\/d2fea4fe845dc1970d9b7702e5120165a019feaf750a97d4e682e0db17aff987?s=96&d=mm&r=g","url":"https:\/\/secure.gravatar.com\/avatar\/d2fea4fe845dc1970d9b7702e5120165a019feaf750a97d4e682e0db17aff987?s=96&d=mm&r=g","contentUrl":"https:\/\/secure.gravatar.com\/avatar\/d2fea4fe845dc1970d9b7702e5120165a019feaf750a97d4e682e0db17aff987?s=96&d=mm&r=g","caption":"Johanna"}}]}},"_links":{"self":[{"href":"https:\/\/www.archeoparc.it\/it\/wp-json\/wp\/v2\/posts\/52514","targetHints":{"allow":["GET"]}}],"collection":[{"href":"https:\/\/www.archeoparc.it\/it\/wp-json\/wp\/v2\/posts"}],"about":[{"href":"https:\/\/www.archeoparc.it\/it\/wp-json\/wp\/v2\/types\/post"}],"author":[{"embeddable":true,"href":"https:\/\/www.archeoparc.it\/it\/wp-json\/wp\/v2\/users\/2"}],"replies":[{"embeddable":true,"href":"https:\/\/www.archeoparc.it\/it\/wp-json\/wp\/v2\/comments?post=52514"}],"version-history":[{"count":5,"href":"https:\/\/www.archeoparc.it\/it\/wp-json\/wp\/v2\/posts\/52514\/revisions"}],"predecessor-version":[{"id":52532,"href":"https:\/\/www.archeoparc.it\/it\/wp-json\/wp\/v2\/posts\/52514\/revisions\/52532"}],"wp:featuredmedia":[{"embeddable":true,"href":"https:\/\/www.archeoparc.it\/it\/wp-json\/wp\/v2\/media\/52460"}],"wp:attachment":[{"href":"https:\/\/www.archeoparc.it\/it\/wp-json\/wp\/v2\/media?parent=52514"}],"wp:term":[{"taxonomy":"category","embeddable":true,"href":"https:\/\/www.archeoparc.it\/it\/wp-json\/wp\/v2\/categories?post=52514"},{"taxonomy":"post_tag","embeddable":true,"href":"https:\/\/www.archeoparc.it\/it\/wp-json\/wp\/v2\/tags?post=52514"}],"curies":[{"name":"wp","href":"https:\/\/api.w.org\/{rel}","templated":true}]}}