{"id":56784,"date":"2025-07-01T18:50:33","date_gmt":"2025-07-01T16:50:33","guid":{"rendered":"https:\/\/www.archeoparc.it\/?p=56784"},"modified":"2026-03-30T12:24:30","modified_gmt":"2026-03-30T10:24:30","slug":"campus-transhumanza-estate-2025","status":"publish","type":"post","link":"https:\/\/www.archeoparc.it\/it\/2025\/campus-transhumanza-estate-2025\/","title":{"rendered":"Estate 2025 nel campus transhumanza"},"content":{"rendered":"\n<p class=\"has-large-font-size\">Sapienza alpina. Artigianato. Arte. campus transhumanza \u00e8 un centro culturale e museo a Madonna di Senales a Senales. \u00c8 dedicato alla transumanza, una pratica di pascolo mobile che dal 2019 \u00e8 stata inserita dall&#8217;UNESCO nel patrimonio culturale immateriale.<\/p>\n\n\n\n<div class=\"wp-block-buttons is-content-justification-center is-layout-flex wp-container-core-buttons-is-layout-a89b3969 wp-block-buttons-is-layout-flex\">\n<div class=\"wp-block-button\"><a class=\"wp-block-button__link wp-element-button\" href=\"https:\/\/www.archeoparc.it\/it\/2025\/campus-transhumanza-estate-2025\/\" style=\"border-radius:0px\">DEUTSCH<\/a><\/div>\n\n\n\n<div class=\"wp-block-button\"><a class=\"wp-block-button__link has-contrast-3-background-color has-background wp-element-button\" style=\"border-radius:0px\">ENGLISH<\/a><\/div>\n<\/div>\n\n\n\n<div style=\"height:11px\" aria-hidden=\"true\" class=\"wp-block-spacer\"><\/div>\n\n\n\n<div class=\"wp-block-buttons is-content-justification-center is-layout-flex wp-container-core-buttons-is-layout-a89b3969 wp-block-buttons-is-layout-flex\">\n<div class=\"wp-block-button\"><a class=\"wp-block-button__link wp-element-button\" href=\"https:\/\/www.archeoparc.it\/it\/2026\/campus-transhumanza-2026\/\" style=\"border-top-left-radius:0px;border-top-right-radius:0px;border-bottom-left-radius:0px;border-bottom-right-radius:0px\">\u2757PROGRAMMA 2026 \u2757<\/a><\/div>\n<\/div>\n\n\n\n<details class=\"wp-block-details is-layout-flow wp-block-details-is-layout-flow\"><summary>Orari e Tariffe<\/summary>\n<p><strong>Venerd\u00ec, Sabato e Domenica<\/strong><br><strong>ore 14 &#8211; 17 <\/strong><\/p>\n\n\n\n<p>Standard 8 Euro<br>Ridotto 6 Euro<br>Famiglie 23 Euro (family 3: 17 Euro)<\/p>\n\n\n\n<p>Condizioni speciali:<br>Ingresso gratuito con l&#8217;admissione archeoparc<\/p>\n<\/details>\n\n\n\n<details class=\"wp-block-details is-layout-flow wp-block-details-is-layout-flow\"><summary>Eventi e Programma<\/summary>\n<p><strong>1 agosto:<\/strong> Workshop &#8216;drop-in&#8217; \u201eLana\u201c per bambini. ore 16 \u2013 17<br><strong>2 agosto:<\/strong> Meet the sheperd. ore 14 \u2013 17 <br><strong>2 agosto:<\/strong> Conversazioni arte con aperitivo. ore 16-17<br><strong>3 agosto:<\/strong> Demo \u201ePanificazione\u201c ore 15-17<\/p>\n\n\n\n<p><strong>8 <strong>agosto<\/strong>:<\/strong> Meet the sheperd. ore 14 \u2013 17 <br><strong>9<strong> agosto<\/strong>:<\/strong> Conversazioni arte con aperitivo. ore 16-17<br><strong>10 <strong>agosto<\/strong>:<\/strong> Demo \u201eKanederli\u201c. ore 16 \u2013 17 <\/p>\n\n\n\n<p><strong>15 <strong>agosto<\/strong>:<\/strong> Giornata delle porte aperte in occasione della festa patronale di Madonna di Senales. ore 10 \u2013 17 <br><strong>15 <strong>agosto<\/strong>:<\/strong> Workshop &#8216;drop-in&#8217; \u201eLana\u201c per bambini. ore 16 \u2013 17<br><strong>16 <strong>agosto<\/strong>:<\/strong> Conversazioni arte con aperitivo. ore 16-17<br><strong>17 <strong>agosto<\/strong>:<\/strong> Demo \u201ePanificazione\u201c ore 15-17<\/p>\n\n\n\n<p><strong>22 <strong>agosto<\/strong>:<\/strong> Workshop &#8216;drop-in&#8217; \u201eLana\u201c per bambini. ore 14 \u2013 17 <br><strong>23 <strong>agosto<\/strong><\/strong>: Conversazioni arte con aperitivo. ore 16-17<br><strong>23 <strong>agosto<\/strong>:<\/strong> Corso di artigianato Genitori e bambini \u201eCostruire una ruota idraulica\u201d. Con Prenotazione. + 15 Euro. ore 14 \u2013 16<br><strong>24 <strong>agosto<\/strong>:<\/strong> Meet the sheperd. ore 14 \u2013 17<\/p>\n\n\n\n<p><strong>29 <strong>agosto<\/strong>:<\/strong> Meet the sheperd. ore 14 \u2013 17<br><strong>30 <strong>agosto<\/strong>:<\/strong> Conversazioni arte con aperitivo. ore 16-17<br><strong>31 <strong>agosto<\/strong>:<\/strong> Workshop &#8216;drop-in&#8217; \u201eLana\u201c per bambini. ore 14 \u2013 17<\/p>\n\n\n\n<p><strong>Settembre<\/strong><br><strong>6 settembre: <\/strong>Festa con programma speciale. Inizio alle ore 11. <a href=\"https:\/\/www.archeoparc.it\/it\/2025\/festa-campus-transhumanza\/\">Invito e programma<\/a><br><strong>7 <strong>settembre<\/strong>:<\/strong> Giornata delle porte aperte in occasione della festa dei pastori a Maso Corto. ore 10 \u2013 17<br><strong>8 <strong>settembre<\/strong>:<\/strong> Meet the sheperd. ore 14 \u2013 17<\/p>\n\n\n\n<p><strong>12 <strong>settembre<\/strong>:<\/strong> Meet the sheperd. ore 14 \u2013 17<br><strong>13 <strong>settembre<\/strong>:<\/strong> Giornata delle porte aperte in occasione della festa dei pastori a Vernago. ore 10 \u2013 17<br><strong>13 <strong>settembre<\/strong>:<\/strong> Workshop &#8216;drop-in&#8217; \u201eLana\u201c per bambini. ore 11 \u2013 13<br><strong>14 settembre: <\/strong>Meet the sheperd. ore 14 \u2013 17<\/p>\n\n\n\n<p><strong>19 <strong>settembre<\/strong>:<\/strong> Meet the sheperd. ore 14 \u2013 17<br><strong>20 <strong>settembre<\/strong>:<\/strong> Meet the sheperd. ore 14 \u2013 17<br><strong>21 <strong>settembre<\/strong>:<\/strong> Demo \u201eMuas\u201c. ore 15-17 <\/p>\n\n\n\n<p><strong>26 <strong>settembre<\/strong>:<\/strong> Visita guidata \u201cWege aus Gras und Fels\u201c con aperitivo. ore 16 \u2013 17 <br><strong>27 <strong>settembre<\/strong>:<\/strong> Visita guidata \u201cWege aus Gras und Fels\u201c con aperitivo . ore 16 \u2013 17<br><strong>28 <strong>settembre<\/strong>:<\/strong> Meet the sheperd. ore 14 \u2013 17<\/p>\n\n\n\n<p><strong>Anteprima Ottobre<\/strong><br><strong>9 ottobre:<\/strong> Conferenza \u201eWeide, Wolle, Loden\u201c di Johannes Ortner. Inizio alle ore 19:30 (in lingua tedesca)<br><strong>27-31 ottobre:<\/strong> Assistenza per bambini del Comune di Senales durante le ferie scolastiche di Ognissanti<\/p>\n\n\n\n<p>Se non diversamente specificato, non \u00e8 richiesta alcuna registrazione per l&#8217;evento.<\/p>\n<\/details>\n\n\n\n<details class=\"wp-block-details is-layout-flow wp-block-details-is-layout-flow\"><summary>Mostre<\/summary>\n<p>Nel campus transhumanza ci sono tre edifici rurali, originari per lo pi\u00f9 del XVI secolo: una stalla-fienile (Schnals-Brugger H\u00fctten Stadel), un mulino (Schnals-Gorfer M\u00fchle) e il piano superiore di un edificio residenziale (Schnals-Schmied H\u00fctt). Un quarto edificio \u00e8 in fase di costruzione: una segheria veneziana. All&#8217;interno degli edifici sono allestite mostre multimediali.  <\/p>\n\n\n\n<p>Al momento sono esposte le seguenti mostre:<\/p>\n\n\n\n<ul class=\"wp-block-list\">\n<li>la <strong>mostra speciale \u201eVie d\u2019erba e di roccia\u201c<\/strong> su otto transhumanze europee<\/li>\n<\/ul>\n\n\n\n<ul class=\"wp-block-list\">\n<li>una <strong>mostra fotografica sulla transhumanza senalese<\/strong> con immagini di Daniela Brugger, Gianni Bodini e Gianfranco Spitilli <\/li>\n<\/ul>\n\n\n\n<ul class=\"wp-block-list\">\n<li>una <strong>mostra multisensoriale con posizioni artistiche<\/strong> sulla tematica<\/li>\n<\/ul>\n<\/details>\n\n\n\n<details class=\"wp-block-details is-layout-flow wp-block-details-is-layout-flow\"><summary>Cos&#8217;\u00e8 la &#8216;transhumanza&#8217;?<\/summary>\n<p>La transumanza \u00e8 una pratica di pascolo mobile che vanta una lunga tradizione nella Val Senales e che dal 2019 \u00e8 stata inserita dall&#8217;UNESCO nella Lista rappresentativa del patrimonio culturale immateriale.<\/p>\n\n\n\n<p>Ogni anno, all&#8217;inizio dell&#8217;estate, i pastori e le pecore della Val Venosta centrale partono attraverso la Val Senales per raggiungere i pascoli estivi a nord della catena alpina principale, nella parte posteriore della Val \u00d6tztal (A). In tre giorni percorrono <strong>circa 45 km e 5.000 metri di dislivello<\/strong>. Alla fine dell&#8217;estate tornano indietro seguendo lo stesso percorso.<\/p>\n\n\n\n<p>Da almeno 700 anni i proprietari terrieri dei pascoli estivi sono contadini della Val Senales. Oggi la transumanza, cos\u00ec come l&#8217;allevamento delle pecore, \u00e8 praticata principalmente per passione. All&#8217;epoca l&#8217;acquisto e lo sfruttamento dei pascoli facevano parte di un sofisticato concetto economico finalizzato alla produzione di tessuti di lana di alta qualit\u00e0 (loden).<\/p>\n<\/details>\n\n\n\n<details class=\"wp-block-details is-layout-flow wp-block-details-is-layout-flow\"><summary>Prenotare per gruppi<\/summary>\n<p>Per gruppi la visita \u00e8 possibile <strong>durante e al di fuori degli orari di apertura<\/strong> su prenotazione .<\/p>\n\n\n\n<p><strong>Be compact<\/strong><br><strong>20 min<\/strong><br>Ingresso + 0 Euro (min. 75 Euro)<\/p>\n\n\n\n<p><strong>Be courious<\/strong><br><strong>40 min<\/strong><br>Ingresso + 3 Euro (min. 120 Euro)<\/p>\n\n\n\n<p><strong>Be interested<\/strong><br>90 min<br>Ingresso + 6 Euro (min. 160 Euro)<\/p>\n\n\n\n<p>-&gt; Le nostre visite guidate<strong> per scolaresche e gruppi di giovani <\/strong>consistono in un&#8217;ora di visita guidata dialogica e un&#8217;ora di attivit\u00e0 pratica (infeltrimento, tessitura, costruzione di una ruota idraulica) e costano 10 euro a persona.<\/p>\n\n\n\n<p><a href=\"mailto:info@archeoparc.it\">P R E N O T A   A D E S S O <\/a><\/p>\n<\/details>\n\n\n\n<details class=\"wp-block-details is-layout-flow wp-block-details-is-layout-flow\"><summary>Uso dello spazio<\/summary>\n<p>I locali e l&#8217;area del campus transhumanza possono essere utilizzati per piccole riunioni ed eventi:<\/p>\n\n\n\n<ul class=\"wp-block-list\">\n<li>Piano terra dell&#8217; edificio Schmied H\u00fctt<\/li>\n\n\n\n<li>Piano terra del mulino (Gorfer M\u00fchle)<\/li>\n\n\n\n<li>Office Space nell piano superiore dell&#8217;edificio Schmied H\u00fctt<\/li>\n\n\n\n<li>Cubo di vetro nella stala-fenile (Brugger H\u00fctten Stadel)<\/li>\n\n\n\n<li>Area aperta<\/li>\n<\/ul>\n\n\n\n<p><a href=\"mailto:info@archeoparc.it\">R I C H I E D E R E   O R A <\/a><\/p>\n<\/details>\n\n\n\n<details class=\"wp-block-details is-layout-flow wp-block-details-is-layout-flow\"><summary>Come arrivare e Contatto<\/summary>\n<p>campus transhumanza<br>Madonna di Senales 187<br>I-39020 Senales<\/p>\n\n\n\n<p><a href=\"https:\/\/www.archeoparc.it\/it\/visita\/info-pratiche\/#anfahrt\">Venire qui<\/a><\/p>\n\n\n\n<p><strong><strong>Servizio Visitatori<\/strong><\/strong> <strong>archeoParc Schnalstal e campus transhumanza<\/strong><br>Tel.: <a href=\"tel:+39047367620\">+39 0473 676 020<\/a><br>E-Mail: <a href=\"mailto:info@archeoparc.it\">info@archeoparc.it<\/a><\/p>\n\n\n\n<p><a href=\"https:\/\/www.instagram.com\/campus_transhumanza\/\" target=\"_blank\" rel=\"noreferrer noopener\">Instagram<\/a><br><a href=\"https:\/\/www.youtube.com\/channel\/UC0o21jiyakWM2dw-Jmxh_uA\" target=\"_blank\" rel=\"noreferrer noopener\">Youtube<\/a><\/p>\n<\/details>\n\n\n\n<p><\/p>\n","protected":false},"excerpt":{"rendered":"<p>Sapienza alpina. Artigianato. Arte. campus transhumanza \u00e8 un centro culturale e museo a Madonna di Senales a Senales. \u00c8 dedicato alla transumanza, una pratica di pascolo mobile che dal 2019 [&hellip;]<\/p>\n","protected":false},"author":2,"featured_media":53862,"comment_status":"closed","ping_status":"closed","sticky":false,"template":"","format":"standard","meta":{"_acf_changed":false,"_tec_requires_first_save":true,"_EventAllDay":false,"_EventTimezone":"","_EventStartDate":"","_EventEndDate":"","_EventStartDateUTC":"","_EventEndDateUTC":"","_EventShowMap":false,"_EventShowMapLink":false,"_EventURL":"","_EventCost":"","_EventCostDescription":"","_EventCurrencySymbol":"","_EventCurrencyCode":"","_EventCurrencyPosition":"","_EventDateTimeSeparator":"","_EventTimeRangeSeparator":"","_EventOrganizerID":[],"_EventVenueID":[],"_OrganizerEmail":"","_OrganizerPhone":"","_OrganizerWebsite":"","_VenueAddress":"","_VenueCity":"","_VenueCountry":"","_VenueProvince":"","_VenueState":"","_VenueZip":"","_VenuePhone":"","_VenueURL":"","_VenueStateProvince":"","_VenueLat":"","_VenueLng":"","_VenueShowMap":false,"_VenueShowMapLink":false,"_tribe_blocks_recurrence_rules":"","_tribe_blocks_recurrence_description":"","_tribe_blocks_recurrence_exclusions":"","footnotes":""},"categories":[155],"tags":[],"class_list":["post-56784","post","type-post","status-publish","format-standard","has-post-thumbnail","hentry","category-coming-soon-it"],"acf":[],"yoast_head":"<!-- This site is optimized with the Yoast SEO plugin v27.5 - https:\/\/yoast.com\/product\/yoast-seo-wordpress\/ -->\n<title>Estate 2025 nel campus transhumanza | archeoParc Schnalstal<\/title>\n<meta name=\"description\" content=\"Campus transhumanza \u00e8 un museo e centro culturale dedicato alla \u201ctransumanza\u201d, riconosciuta dall\u2019UNESCO come patrimonio culturale immateriale\" \/>\n<meta name=\"robots\" content=\"index, follow, max-snippet:-1, max-image-preview:large, max-video-preview:-1\" \/>\n<link rel=\"canonical\" href=\"https:\/\/www.archeoparc.it\/it\/2025\/campus-transhumanza-estate-2025\/\" \/>\n<meta name=\"twitter:label1\" content=\"Scritto da\" \/>\n\t<meta name=\"twitter:data1\" content=\"Johanna\" \/>\n\t<meta name=\"twitter:label2\" content=\"Tempo di lettura stimato\" \/>\n\t<meta name=\"twitter:data2\" content=\"5 minuti\" \/>\n<script type=\"application\/ld+json\" class=\"yoast-schema-graph\">{\"@context\":\"https:\\\/\\\/schema.org\",\"@graph\":[{\"@type\":\"Article\",\"@id\":\"https:\\\/\\\/www.archeoparc.it\\\/it\\\/2025\\\/campus-transhumanza-estate-2025\\\/#article\",\"isPartOf\":{\"@id\":\"https:\\\/\\\/www.archeoparc.it\\\/it\\\/2025\\\/campus-transhumanza-estate-2025\\\/\"},\"author\":{\"name\":\"Johanna\",\"@id\":\"https:\\\/\\\/www.archeoparc.it\\\/#\\\/schema\\\/person\\\/b3065be180d841249307ecd9726611cf\"},\"headline\":\"Estate 2025 nel campus transhumanza\",\"datePublished\":\"2025-07-01T16:50:33+00:00\",\"dateModified\":\"2026-03-30T10:24:30+00:00\",\"mainEntityOfPage\":{\"@id\":\"https:\\\/\\\/www.archeoparc.it\\\/it\\\/2025\\\/campus-transhumanza-estate-2025\\\/\"},\"wordCount\":769,\"publisher\":{\"@id\":\"https:\\\/\\\/www.archeoparc.it\\\/#organization\"},\"image\":{\"@id\":\"https:\\\/\\\/www.archeoparc.it\\\/it\\\/2025\\\/campus-transhumanza-estate-2025\\\/#primaryimage\"},\"thumbnailUrl\":\"https:\\\/\\\/www.archeoparc.it\\\/wp-content\\\/uploads\\\/archeoparc-schnalstal-25184.jpg\",\"articleSection\":[\"Coming soon\"],\"inLanguage\":\"it-IT\"},{\"@type\":\"WebPage\",\"@id\":\"https:\\\/\\\/www.archeoparc.it\\\/it\\\/2025\\\/campus-transhumanza-estate-2025\\\/\",\"url\":\"https:\\\/\\\/www.archeoparc.it\\\/it\\\/2025\\\/campus-transhumanza-estate-2025\\\/\",\"name\":\"Estate 2025 nel campus transhumanza | archeoParc Schnalstal\",\"isPartOf\":{\"@id\":\"https:\\\/\\\/www.archeoparc.it\\\/#website\"},\"primaryImageOfPage\":{\"@id\":\"https:\\\/\\\/www.archeoparc.it\\\/it\\\/2025\\\/campus-transhumanza-estate-2025\\\/#primaryimage\"},\"image\":{\"@id\":\"https:\\\/\\\/www.archeoparc.it\\\/it\\\/2025\\\/campus-transhumanza-estate-2025\\\/#primaryimage\"},\"thumbnailUrl\":\"https:\\\/\\\/www.archeoparc.it\\\/wp-content\\\/uploads\\\/archeoparc-schnalstal-25184.jpg\",\"datePublished\":\"2025-07-01T16:50:33+00:00\",\"dateModified\":\"2026-03-30T10:24:30+00:00\",\"description\":\"Campus transhumanza \u00e8 un museo e centro culturale dedicato alla \u201ctransumanza\u201d, riconosciuta dall\u2019UNESCO come patrimonio culturale immateriale\",\"inLanguage\":\"it-IT\",\"potentialAction\":[{\"@type\":\"ReadAction\",\"target\":[\"https:\\\/\\\/www.archeoparc.it\\\/it\\\/2025\\\/campus-transhumanza-estate-2025\\\/\"]}]},{\"@type\":\"ImageObject\",\"inLanguage\":\"it-IT\",\"@id\":\"https:\\\/\\\/www.archeoparc.it\\\/it\\\/2025\\\/campus-transhumanza-estate-2025\\\/#primaryimage\",\"url\":\"https:\\\/\\\/www.archeoparc.it\\\/wp-content\\\/uploads\\\/archeoparc-schnalstal-25184.jpg\",\"contentUrl\":\"https:\\\/\\\/www.archeoparc.it\\\/wp-content\\\/uploads\\\/archeoparc-schnalstal-25184.jpg\",\"width\":1920,\"height\":1572},{\"@type\":\"WebSite\",\"@id\":\"https:\\\/\\\/www.archeoparc.it\\\/#website\",\"url\":\"https:\\\/\\\/www.archeoparc.it\\\/\",\"name\":\"archeoParc Schnalstal\",\"description\":\"Arch\u00e4ologisches Freilichtmuseum\",\"publisher\":{\"@id\":\"https:\\\/\\\/www.archeoparc.it\\\/#organization\"},\"potentialAction\":[{\"@type\":\"SearchAction\",\"target\":{\"@type\":\"EntryPoint\",\"urlTemplate\":\"https:\\\/\\\/www.archeoparc.it\\\/?s={search_term_string}\"},\"query-input\":{\"@type\":\"PropertyValueSpecification\",\"valueRequired\":true,\"valueName\":\"search_term_string\"}}],\"inLanguage\":\"it-IT\"},{\"@type\":\"Organization\",\"@id\":\"https:\\\/\\\/www.archeoparc.it\\\/#organization\",\"name\":\"archeoparc Schnalstal\",\"url\":\"https:\\\/\\\/www.archeoparc.it\\\/\",\"logo\":{\"@type\":\"ImageObject\",\"inLanguage\":\"it-IT\",\"@id\":\"https:\\\/\\\/www.archeoparc.it\\\/#\\\/schema\\\/logo\\\/image\\\/\",\"url\":\"https:\\\/\\\/www.archeoparc.it\\\/wp-content\\\/uploads\\\/cropped-archeoparc_logo_sw.png\",\"contentUrl\":\"https:\\\/\\\/www.archeoparc.it\\\/wp-content\\\/uploads\\\/cropped-archeoparc_logo_sw.png\",\"width\":654,\"height\":211,\"caption\":\"archeoparc Schnalstal\"},\"image\":{\"@id\":\"https:\\\/\\\/www.archeoparc.it\\\/#\\\/schema\\\/logo\\\/image\\\/\"}},{\"@type\":\"Person\",\"@id\":\"https:\\\/\\\/www.archeoparc.it\\\/#\\\/schema\\\/person\\\/b3065be180d841249307ecd9726611cf\",\"name\":\"Johanna\",\"image\":{\"@type\":\"ImageObject\",\"inLanguage\":\"it-IT\",\"@id\":\"https:\\\/\\\/secure.gravatar.com\\\/avatar\\\/d2fea4fe845dc1970d9b7702e5120165a019feaf750a97d4e682e0db17aff987?s=96&d=mm&r=g\",\"url\":\"https:\\\/\\\/secure.gravatar.com\\\/avatar\\\/d2fea4fe845dc1970d9b7702e5120165a019feaf750a97d4e682e0db17aff987?s=96&d=mm&r=g\",\"contentUrl\":\"https:\\\/\\\/secure.gravatar.com\\\/avatar\\\/d2fea4fe845dc1970d9b7702e5120165a019feaf750a97d4e682e0db17aff987?s=96&d=mm&r=g\",\"caption\":\"Johanna\"}}]}<\/script>\n<!-- \/ Yoast SEO plugin. -->","yoast_head_json":{"title":"Estate 2025 nel campus transhumanza | archeoParc Schnalstal","description":"Campus transhumanza \u00e8 un museo e centro culturale dedicato alla \u201ctransumanza\u201d, riconosciuta dall\u2019UNESCO come patrimonio culturale immateriale","robots":{"index":"index","follow":"follow","max-snippet":"max-snippet:-1","max-image-preview":"max-image-preview:large","max-video-preview":"max-video-preview:-1"},"canonical":"https:\/\/www.archeoparc.it\/it\/2025\/campus-transhumanza-estate-2025\/","twitter_misc":{"Scritto da":"Johanna","Tempo di lettura stimato":"5 minuti"},"schema":{"@context":"https:\/\/schema.org","@graph":[{"@type":"Article","@id":"https:\/\/www.archeoparc.it\/it\/2025\/campus-transhumanza-estate-2025\/#article","isPartOf":{"@id":"https:\/\/www.archeoparc.it\/it\/2025\/campus-transhumanza-estate-2025\/"},"author":{"name":"Johanna","@id":"https:\/\/www.archeoparc.it\/#\/schema\/person\/b3065be180d841249307ecd9726611cf"},"headline":"Estate 2025 nel campus transhumanza","datePublished":"2025-07-01T16:50:33+00:00","dateModified":"2026-03-30T10:24:30+00:00","mainEntityOfPage":{"@id":"https:\/\/www.archeoparc.it\/it\/2025\/campus-transhumanza-estate-2025\/"},"wordCount":769,"publisher":{"@id":"https:\/\/www.archeoparc.it\/#organization"},"image":{"@id":"https:\/\/www.archeoparc.it\/it\/2025\/campus-transhumanza-estate-2025\/#primaryimage"},"thumbnailUrl":"https:\/\/www.archeoparc.it\/wp-content\/uploads\/archeoparc-schnalstal-25184.jpg","articleSection":["Coming soon"],"inLanguage":"it-IT"},{"@type":"WebPage","@id":"https:\/\/www.archeoparc.it\/it\/2025\/campus-transhumanza-estate-2025\/","url":"https:\/\/www.archeoparc.it\/it\/2025\/campus-transhumanza-estate-2025\/","name":"Estate 2025 nel campus transhumanza | archeoParc Schnalstal","isPartOf":{"@id":"https:\/\/www.archeoparc.it\/#website"},"primaryImageOfPage":{"@id":"https:\/\/www.archeoparc.it\/it\/2025\/campus-transhumanza-estate-2025\/#primaryimage"},"image":{"@id":"https:\/\/www.archeoparc.it\/it\/2025\/campus-transhumanza-estate-2025\/#primaryimage"},"thumbnailUrl":"https:\/\/www.archeoparc.it\/wp-content\/uploads\/archeoparc-schnalstal-25184.jpg","datePublished":"2025-07-01T16:50:33+00:00","dateModified":"2026-03-30T10:24:30+00:00","description":"Campus transhumanza \u00e8 un museo e centro culturale dedicato alla \u201ctransumanza\u201d, riconosciuta dall\u2019UNESCO come patrimonio culturale immateriale","inLanguage":"it-IT","potentialAction":[{"@type":"ReadAction","target":["https:\/\/www.archeoparc.it\/it\/2025\/campus-transhumanza-estate-2025\/"]}]},{"@type":"ImageObject","inLanguage":"it-IT","@id":"https:\/\/www.archeoparc.it\/it\/2025\/campus-transhumanza-estate-2025\/#primaryimage","url":"https:\/\/www.archeoparc.it\/wp-content\/uploads\/archeoparc-schnalstal-25184.jpg","contentUrl":"https:\/\/www.archeoparc.it\/wp-content\/uploads\/archeoparc-schnalstal-25184.jpg","width":1920,"height":1572},{"@type":"WebSite","@id":"https:\/\/www.archeoparc.it\/#website","url":"https:\/\/www.archeoparc.it\/","name":"archeoParc Schnalstal","description":"Arch\u00e4ologisches Freilichtmuseum","publisher":{"@id":"https:\/\/www.archeoparc.it\/#organization"},"potentialAction":[{"@type":"SearchAction","target":{"@type":"EntryPoint","urlTemplate":"https:\/\/www.archeoparc.it\/?s={search_term_string}"},"query-input":{"@type":"PropertyValueSpecification","valueRequired":true,"valueName":"search_term_string"}}],"inLanguage":"it-IT"},{"@type":"Organization","@id":"https:\/\/www.archeoparc.it\/#organization","name":"archeoparc Schnalstal","url":"https:\/\/www.archeoparc.it\/","logo":{"@type":"ImageObject","inLanguage":"it-IT","@id":"https:\/\/www.archeoparc.it\/#\/schema\/logo\/image\/","url":"https:\/\/www.archeoparc.it\/wp-content\/uploads\/cropped-archeoparc_logo_sw.png","contentUrl":"https:\/\/www.archeoparc.it\/wp-content\/uploads\/cropped-archeoparc_logo_sw.png","width":654,"height":211,"caption":"archeoparc Schnalstal"},"image":{"@id":"https:\/\/www.archeoparc.it\/#\/schema\/logo\/image\/"}},{"@type":"Person","@id":"https:\/\/www.archeoparc.it\/#\/schema\/person\/b3065be180d841249307ecd9726611cf","name":"Johanna","image":{"@type":"ImageObject","inLanguage":"it-IT","@id":"https:\/\/secure.gravatar.com\/avatar\/d2fea4fe845dc1970d9b7702e5120165a019feaf750a97d4e682e0db17aff987?s=96&d=mm&r=g","url":"https:\/\/secure.gravatar.com\/avatar\/d2fea4fe845dc1970d9b7702e5120165a019feaf750a97d4e682e0db17aff987?s=96&d=mm&r=g","contentUrl":"https:\/\/secure.gravatar.com\/avatar\/d2fea4fe845dc1970d9b7702e5120165a019feaf750a97d4e682e0db17aff987?s=96&d=mm&r=g","caption":"Johanna"}}]}},"_links":{"self":[{"href":"https:\/\/www.archeoparc.it\/it\/wp-json\/wp\/v2\/posts\/56784","targetHints":{"allow":["GET"]}}],"collection":[{"href":"https:\/\/www.archeoparc.it\/it\/wp-json\/wp\/v2\/posts"}],"about":[{"href":"https:\/\/www.archeoparc.it\/it\/wp-json\/wp\/v2\/types\/post"}],"author":[{"embeddable":true,"href":"https:\/\/www.archeoparc.it\/it\/wp-json\/wp\/v2\/users\/2"}],"replies":[{"embeddable":true,"href":"https:\/\/www.archeoparc.it\/it\/wp-json\/wp\/v2\/comments?post=56784"}],"version-history":[{"count":15,"href":"https:\/\/www.archeoparc.it\/it\/wp-json\/wp\/v2\/posts\/56784\/revisions"}],"predecessor-version":[{"id":70638,"href":"https:\/\/www.archeoparc.it\/it\/wp-json\/wp\/v2\/posts\/56784\/revisions\/70638"}],"wp:featuredmedia":[{"embeddable":true,"href":"https:\/\/www.archeoparc.it\/it\/wp-json\/wp\/v2\/media\/53862"}],"wp:attachment":[{"href":"https:\/\/www.archeoparc.it\/it\/wp-json\/wp\/v2\/media?parent=56784"}],"wp:term":[{"taxonomy":"category","embeddable":true,"href":"https:\/\/www.archeoparc.it\/it\/wp-json\/wp\/v2\/categories?post=56784"},{"taxonomy":"post_tag","embeddable":true,"href":"https:\/\/www.archeoparc.it\/it\/wp-json\/wp\/v2\/tags?post=56784"}],"curies":[{"name":"wp","href":"https:\/\/api.w.org\/{rel}","templated":true}]}}