{"id":6302,"date":"2011-07-15T16:58:10","date_gmt":"2011-07-15T14:58:10","guid":{"rendered":"http:\/\/www.archeoparc.it\/it\/pressereise-2011\/"},"modified":"2011-07-15T16:58:10","modified_gmt":"2011-07-15T14:58:10","slug":"pressereise-2011","status":"publish","type":"post","link":"https:\/\/www.archeoparc.it\/it\/2011\/pressereise-2011\/","title":{"rendered":"pressereise-2011"},"content":{"rendered":"<h2>Journalist&#8217;s research trip to \u00d6tztal and Schnalstal in occasion of the 20<sup>th<\/sup> anniversary of the discovery of the Iceman<\/h2>\n<div data-carousel-extra='{\"blog_id\":1,\"permalink\":\"https:\\\/\\\/www.archeoparc.it\\\/it\\\/2011\\\/pressereise-2011\\\/\"}' class=\"tiled-gallery type-square\" data-original-width=\"500\"><div class=\"tiled-gallery-item\"><a border=\"0\" href=\"https:\/\/www.archeoparc.it\/it\/?attachment_id=14525\"><img decoding=\"async\" data-attachment-id=\"14525\" data-orig-file=\"https:\/\/www.archeoparc.it\/wp-content\/uploads\/archeoparc-schnalstal-16346.jpg\" data-orig-size=\"1200,900\" data-comments-opened=\"0\" data-image-meta=\"{&quot;aperture&quot;:&quot;9&quot;,&quot;credit&quot;:&quot;www.archeoparc.it&quot;,&quot;camera&quot;:&quot;E-3&quot;,&quot;caption&quot;:&quot;&quot;,&quot;created_timestamp&quot;:&quot;1309564800&quot;,&quot;copyright&quot;:&quot;archeoParc Schnalstal, photo: ganeshGraphics&quot;,&quot;focal_length&quot;:&quot;49&quot;,&quot;iso&quot;:&quot;100&quot;,&quot;shutter_speed&quot;:&quot;0.002&quot;,&quot;title&quot;:&quot;Gruppenbild einer Pressereise anl\\u00e4sslich des zwanzigj\\u00e4hrigen Fundjubil\\u00e4ums von \\u00d6tzi am Tisenjoch&lt;br \\\/&gt; Giornalisti di viaggio e turismo sul giogo di Tisa in occasione del Ventennale del ritrovamento della mummia del Similaun&lt;br \\\/&gt; Group picture at Giogo Tisa ridge taken during a journalist research trip to \\u00d6tztal and Schnalstal in occasion of the 20th anniversary of the discovery of the Iceman&quot;,&quot;orientation&quot;:&quot;1&quot;}\" data-image-title=\"Gruppenbild einer Pressereise anl\u00e4sslich des zwanzigj\u00e4hrigen Fundjubil\u00e4ums von \u00d6tzi am Tisenjoch&lt;br \/&gt; Giornalisti di viaggio e turismo sul giogo di Tisa in occasione del Ventennale del ritrovamento della mummia del Similaun&lt;br \/&gt; Group picture at Giogo Tisa ridge taken during a journalist research trip to \u00d6tztal and Schnalstal in occasion of the 20th anniversary of the discovery of the Iceman\" data-image-description=\"&lt;p&gt;www.archeoparc.it&lt;\/p&gt;\n\" data-medium-file=\"https:\/\/www.archeoparc.it\/wp-content\/uploads\/archeoparc-schnalstal-16346-300x225.jpg\" data-large-file=\"https:\/\/www.archeoparc.it\/wp-content\/uploads\/archeoparc-schnalstal-16346-1024x768.jpg\" style=\"margin: 2px\" src=\"https:\/\/www.archeoparc.it\/wp-content\/uploads\/archeoparc-schnalstal-16346-494x494.jpg\" width=494 height=494 title=\"Gruppenbild einer Pressereise anl\u00e4sslich des zwanzigj\u00e4hrigen Fundjubil\u00e4ums von \u00d6tzi am Tisenjoch&lt;br \/&gt; Giornalisti di viaggio e turismo sul giogo di Tisa in occasione del Ventennale del ritrovamento della mummia del Similaun&lt;br \/&gt; Group picture at Giogo Tisa ridge taken during a journalist research trip to \u00d6tztal and Schnalstal in occasion of the 20th anniversary of the discovery of the Iceman\" \/><\/a><div class=\"tiled-gallery-caption\">archeoParc Schnalstal, photo: ganeshGraphics<\/div><\/div><\/div>\n<div data-carousel-extra='{\"blog_id\":1,\"permalink\":\"https:\\\/\\\/www.archeoparc.it\\\/it\\\/2011\\\/pressereise-2011\\\/\"}' class=\"tiled-gallery type-square\" data-original-width=\"500\"><div class=\"tiled-gallery-item\"><a border=\"0\" href=\"https:\/\/www.archeoparc.it\/it\/?attachment_id=14527\"><img decoding=\"async\" data-attachment-id=\"14527\" data-orig-file=\"https:\/\/www.archeoparc.it\/wp-content\/uploads\/archeoparc-schnalstal-16347.jpg\" data-orig-size=\"1200,900\" data-comments-opened=\"0\" data-image-meta=\"{&quot;aperture&quot;:&quot;5.6&quot;,&quot;credit&quot;:&quot;www.archeoparc.it&quot;,&quot;camera&quot;:&quot;E-3&quot;,&quot;caption&quot;:&quot;&quot;,&quot;created_timestamp&quot;:&quot;1309631081&quot;,&quot;copyright&quot;:&quot;archeoParc Schnalstal, photo: ganeshGraphics&quot;,&quot;focal_length&quot;:&quot;17&quot;,&quot;iso&quot;:&quot;100&quot;,&quot;shutter_speed&quot;:&quot;0.00625&quot;,&quot;title&quot;:&quot;Blick vom Weg zur Mastaunalm auf Kreuzspitz und Nockspitz&lt;br \\\/&gt;Vista della Cima della Croce e Cima del Dosso&lt;br \\\/&gt;A view from the Val Mastaun valley of the Kreuzspitz and Nockspitz (left to right)&quot;,&quot;orientation&quot;:&quot;1&quot;}\" data-image-title=\"Blick vom Weg zur Mastaunalm auf Kreuzspitz und Nockspitz&lt;br \/&gt;Vista della Cima della Croce e Cima del Dosso&lt;br \/&gt;A view from the Val Mastaun valley of the Kreuzspitz and Nockspitz (left to right)\" data-image-description=\"&lt;p&gt;www.archeoparc.it&lt;\/p&gt;\n\" data-medium-file=\"https:\/\/www.archeoparc.it\/wp-content\/uploads\/archeoparc-schnalstal-16347-300x225.jpg\" data-large-file=\"https:\/\/www.archeoparc.it\/wp-content\/uploads\/archeoparc-schnalstal-16347-1024x768.jpg\" style=\"margin: 2px\" src=\"https:\/\/www.archeoparc.it\/wp-content\/uploads\/archeoparc-schnalstal-16347-162x162.jpg\" width=162 height=162 title=\"Blick vom Weg zur Mastaunalm auf Kreuzspitz und Nockspitz&lt;br \/&gt;Vista della Cima della Croce e Cima del Dosso&lt;br \/&gt;A view from the Val Mastaun valley of the Kreuzspitz and Nockspitz (left to right)\" \/><\/a><div class=\"tiled-gallery-caption\">archeoParc Schnalstal, photo: ganeshGraphics<\/div><\/div><div class=\"tiled-gallery-item\"><a border=\"0\" href=\"https:\/\/www.archeoparc.it\/it\/?attachment_id=14529\"><img decoding=\"async\" data-attachment-id=\"14529\" data-orig-file=\"https:\/\/www.archeoparc.it\/wp-content\/uploads\/archeoparc-schnalstal-16348.jpg\" data-orig-size=\"1200,900\" data-comments-opened=\"0\" data-image-meta=\"{&quot;aperture&quot;:&quot;5&quot;,&quot;credit&quot;:&quot;www.archeoparc.it&quot;,&quot;camera&quot;:&quot;E-3&quot;,&quot;caption&quot;:&quot;&quot;,&quot;created_timestamp&quot;:&quot;1309632578&quot;,&quot;copyright&quot;:&quot;archeoParc Schnalstal, photo: ganeshGraphics&quot;,&quot;focal_length&quot;:&quot;17&quot;,&quot;iso&quot;:&quot;250&quot;,&quot;shutter_speed&quot;:&quot;0.0166666666667&quot;,&quot;title&quot;:&quot;Nach einer Stunde Wanderung vom archeoParc in Unser Frau erreicht die Gruppe die Mastaunalm&lt;br \\\/&gt; Partendo dall\\u0092archeoParc il gruppo raggiunge la malga Mastaun dopo un\\u0092oretta di camminata&lt;br \\\/&gt; After a one-hour walk from archeoParc the group reaches the alm Mastaun&lt;br \\\/&gt;&lt;br \\\/&gt;1810 m&quot;,&quot;orientation&quot;:&quot;1&quot;}\" data-image-title=\"Nach einer Stunde Wanderung vom archeoParc in Unser Frau erreicht die Gruppe die Mastaunalm&lt;br \/&gt; Partendo dall\u0092archeoParc il gruppo raggiunge la malga Mastaun dopo un\u0092oretta di camminata&lt;br \/&gt; After a one-hour walk from archeoParc the group reaches the alm Mastaun&lt;br \/&gt;&lt;br \/&gt;1810 m\" data-image-description=\"&lt;p&gt;www.archeoparc.it&lt;\/p&gt;\n\" data-medium-file=\"https:\/\/www.archeoparc.it\/wp-content\/uploads\/archeoparc-schnalstal-16348-300x225.jpg\" data-large-file=\"https:\/\/www.archeoparc.it\/wp-content\/uploads\/archeoparc-schnalstal-16348-1024x768.jpg\" style=\"margin: 2px\" src=\"https:\/\/www.archeoparc.it\/wp-content\/uploads\/archeoparc-schnalstal-16348-162x162.jpg\" width=162 height=162 title=\"Nach einer Stunde Wanderung vom archeoParc in Unser Frau erreicht die Gruppe die Mastaunalm&lt;br \/&gt; Partendo dall\u0092archeoParc il gruppo raggiunge la malga Mastaun dopo un\u0092oretta di camminata&lt;br \/&gt; After a one-hour walk from archeoParc the group reaches the alm Mastaun&lt;br \/&gt;&lt;br \/&gt;1810 m\" \/><\/a><div class=\"tiled-gallery-caption\">archeoParc Schnalstal, photo: ganeshGraphics<\/div><\/div><div class=\"tiled-gallery-item\"><a border=\"0\" href=\"https:\/\/www.archeoparc.it\/it\/?attachment_id=14531\"><img decoding=\"async\" data-attachment-id=\"14531\" data-orig-file=\"https:\/\/www.archeoparc.it\/wp-content\/uploads\/archeoparc-schnalstal-16349.jpg\" data-orig-size=\"1200,900\" data-comments-opened=\"0\" data-image-meta=\"{&quot;aperture&quot;:&quot;5&quot;,&quot;credit&quot;:&quot;www.archeoparc.it&quot;,&quot;camera&quot;:&quot;E-3&quot;,&quot;caption&quot;:&quot;&quot;,&quot;created_timestamp&quot;:&quot;1309632921&quot;,&quot;copyright&quot;:&quot;archeoParc Schnalstal, photo: ganeshGraphics&quot;,&quot;focal_length&quot;:&quot;37&quot;,&quot;iso&quot;:&quot;320&quot;,&quot;shutter_speed&quot;:&quot;0.0125&quot;,&quot;title&quot;:&quot;Aperitif auf der Mastaunalm&lt;br \\\/&gt;Aperitivo alla malga Mastaun&lt;br \\\/&gt;Having an aperitiv at the alm Mastaun&lt;br \\\/&gt;&lt;br \\\/&gt;1810 m&quot;,&quot;orientation&quot;:&quot;1&quot;}\" data-image-title=\"Aperitif auf der Mastaunalm&lt;br \/&gt;Aperitivo alla malga Mastaun&lt;br \/&gt;Having an aperitiv at the alm Mastaun&lt;br \/&gt;&lt;br \/&gt;1810 m\" data-image-description=\"&lt;p&gt;www.archeoparc.it&lt;\/p&gt;\n\" data-medium-file=\"https:\/\/www.archeoparc.it\/wp-content\/uploads\/archeoparc-schnalstal-16349-300x225.jpg\" data-large-file=\"https:\/\/www.archeoparc.it\/wp-content\/uploads\/archeoparc-schnalstal-16349-1024x768.jpg\" style=\"margin: 2px\" src=\"https:\/\/www.archeoparc.it\/wp-content\/uploads\/archeoparc-schnalstal-16349-162x162.jpg\" width=162 height=162 title=\"Aperitif auf der Mastaunalm&lt;br \/&gt;Aperitivo alla malga Mastaun&lt;br \/&gt;Having an aperitiv at the alm Mastaun&lt;br \/&gt;&lt;br \/&gt;1810 m\" \/><\/a><div class=\"tiled-gallery-caption\">archeoParc Schnalstal, photo: ganeshGraphics<\/div><\/div><div class=\"tiled-gallery-item\"><a border=\"0\" href=\"https:\/\/www.archeoparc.it\/it\/?attachment_id=14505\"><img decoding=\"async\" data-attachment-id=\"14505\" data-orig-file=\"https:\/\/www.archeoparc.it\/wp-content\/uploads\/archeoparc-schnalstal-16350.jpg\" data-orig-size=\"1200,900\" data-comments-opened=\"0\" data-image-meta=\"{&quot;aperture&quot;:&quot;5&quot;,&quot;credit&quot;:&quot;www.archeoparc.it&quot;,&quot;camera&quot;:&quot;E-3&quot;,&quot;caption&quot;:&quot;&quot;,&quot;created_timestamp&quot;:&quot;1309634165&quot;,&quot;copyright&quot;:&quot;archeoParc Schnalstal, photo: ganeshGraphics&quot;,&quot;focal_length&quot;:&quot;60&quot;,&quot;iso&quot;:&quot;640&quot;,&quot;shutter_speed&quot;:&quot;0.008&quot;,&quot;title&quot;:&quot;Aperitif auf der Mastaunalm&lt;br \\\/&gt;Aperitivo alla malga Mastaun&lt;br \\\/&gt;Having an aperitiv at the alm Mastaun&lt;br \\\/&gt;&lt;br \\\/&gt;1810 m&quot;,&quot;orientation&quot;:&quot;1&quot;}\" data-image-title=\"Aperitif auf der Mastaunalm&lt;br \/&gt;Aperitivo alla malga Mastaun&lt;br \/&gt;Having an aperitiv at the alm Mastaun&lt;br \/&gt;&lt;br \/&gt;1810 m\" data-image-description=\"&lt;p&gt;www.archeoparc.it&lt;\/p&gt;\n\" data-medium-file=\"https:\/\/www.archeoparc.it\/wp-content\/uploads\/archeoparc-schnalstal-16350-300x225.jpg\" data-large-file=\"https:\/\/www.archeoparc.it\/wp-content\/uploads\/archeoparc-schnalstal-16350-1024x768.jpg\" style=\"margin: 2px\" src=\"https:\/\/www.archeoparc.it\/wp-content\/uploads\/archeoparc-schnalstal-16350-162x162.jpg\" width=162 height=162 title=\"Aperitif auf der Mastaunalm&lt;br \/&gt;Aperitivo alla malga Mastaun&lt;br \/&gt;Having an aperitiv at the alm Mastaun&lt;br \/&gt;&lt;br \/&gt;1810 m\" \/><\/a><div class=\"tiled-gallery-caption\">archeoParc Schnalstal, photo: ganeshGraphics<\/div><\/div><div class=\"tiled-gallery-item\"><a border=\"0\" href=\"https:\/\/www.archeoparc.it\/it\/?attachment_id=14507\"><img decoding=\"async\" data-attachment-id=\"14507\" data-orig-file=\"https:\/\/www.archeoparc.it\/wp-content\/uploads\/archeoparc-schnalstal-16351.jpg\" data-orig-size=\"1200,900\" data-comments-opened=\"0\" data-image-meta=\"{&quot;aperture&quot;:&quot;5&quot;,&quot;credit&quot;:&quot;www.archeoparc.it&quot;,&quot;camera&quot;:&quot;E-3&quot;,&quot;caption&quot;:&quot;&quot;,&quot;created_timestamp&quot;:&quot;1309634182&quot;,&quot;copyright&quot;:&quot;archeoParc Schnalstal, photo: ganeshGraphics&quot;,&quot;focal_length&quot;:&quot;60&quot;,&quot;iso&quot;:&quot;640&quot;,&quot;shutter_speed&quot;:&quot;0.008&quot;,&quot;title&quot;:&quot;Aperitif auf der Mastaunalm&lt;br \\\/&gt;Aperitivo alla malga Mastaun&lt;br \\\/&gt;Having an aperitiv at the alm Mastaun&lt;br \\\/&gt;&lt;br \\\/&gt;1810 m&quot;,&quot;orientation&quot;:&quot;1&quot;}\" data-image-title=\"Aperitif auf der Mastaunalm&lt;br \/&gt;Aperitivo alla malga Mastaun&lt;br \/&gt;Having an aperitiv at the alm Mastaun&lt;br \/&gt;&lt;br \/&gt;1810 m\" data-image-description=\"&lt;p&gt;www.archeoparc.it&lt;\/p&gt;\n\" data-medium-file=\"https:\/\/www.archeoparc.it\/wp-content\/uploads\/archeoparc-schnalstal-16351-300x225.jpg\" data-large-file=\"https:\/\/www.archeoparc.it\/wp-content\/uploads\/archeoparc-schnalstal-16351-1024x768.jpg\" style=\"margin: 2px\" src=\"https:\/\/www.archeoparc.it\/wp-content\/uploads\/archeoparc-schnalstal-16351-162x162.jpg\" width=162 height=162 title=\"Aperitif auf der Mastaunalm&lt;br \/&gt;Aperitivo alla malga Mastaun&lt;br \/&gt;Having an aperitiv at the alm Mastaun&lt;br \/&gt;&lt;br \/&gt;1810 m\" \/><\/a><div class=\"tiled-gallery-caption\">archeoParc Schnalstal, photo: ganeshGraphics<\/div><\/div><div class=\"tiled-gallery-item\"><a border=\"0\" href=\"https:\/\/www.archeoparc.it\/it\/?attachment_id=14509\"><img decoding=\"async\" data-attachment-id=\"14509\" data-orig-file=\"https:\/\/www.archeoparc.it\/wp-content\/uploads\/archeoparc-schnalstal-16352.jpg\" data-orig-size=\"1200,900\" data-comments-opened=\"0\" data-image-meta=\"{&quot;aperture&quot;:&quot;5&quot;,&quot;credit&quot;:&quot;www.archeoparc.it&quot;,&quot;camera&quot;:&quot;E-3&quot;,&quot;caption&quot;:&quot;&quot;,&quot;created_timestamp&quot;:&quot;1309634191&quot;,&quot;copyright&quot;:&quot;archeoParc Schnalstal, photo: ganeshGraphics&quot;,&quot;focal_length&quot;:&quot;60&quot;,&quot;iso&quot;:&quot;400&quot;,&quot;shutter_speed&quot;:&quot;0.008&quot;,&quot;title&quot;:&quot;Aperitif auf der Mastaunalm&lt;br \\\/&gt;Aperitivo alla malga Mastaun&lt;br \\\/&gt; Having an aperitiv at the alm Mastaun&lt;br \\\/&gt;&lt;br \\\/&gt;1810 m&quot;,&quot;orientation&quot;:&quot;1&quot;}\" data-image-title=\"Aperitif auf der Mastaunalm&lt;br \/&gt;Aperitivo alla malga Mastaun&lt;br \/&gt; Having an aperitiv at the alm Mastaun&lt;br \/&gt;&lt;br \/&gt;1810 m\" data-image-description=\"&lt;p&gt;www.archeoparc.it&lt;\/p&gt;\n\" data-medium-file=\"https:\/\/www.archeoparc.it\/wp-content\/uploads\/archeoparc-schnalstal-16352-300x225.jpg\" data-large-file=\"https:\/\/www.archeoparc.it\/wp-content\/uploads\/archeoparc-schnalstal-16352-1024x768.jpg\" style=\"margin: 2px\" src=\"https:\/\/www.archeoparc.it\/wp-content\/uploads\/archeoparc-schnalstal-16352-162x162.jpg\" width=162 height=162 title=\"Aperitif auf der Mastaunalm&lt;br \/&gt;Aperitivo alla malga Mastaun&lt;br \/&gt; Having an aperitiv at the alm Mastaun&lt;br \/&gt;&lt;br \/&gt;1810 m\" \/><\/a><div class=\"tiled-gallery-caption\">archeoParc Schnalstal, photo: ganeshGraphics<\/div><\/div><div class=\"tiled-gallery-item\"><a border=\"0\" href=\"https:\/\/www.archeoparc.it\/it\/?attachment_id=14513\"><img decoding=\"async\" data-attachment-id=\"14513\" data-orig-file=\"https:\/\/www.archeoparc.it\/wp-content\/uploads\/archeoparc-schnalstal-16354.jpg\" data-orig-size=\"1200,900\" data-comments-opened=\"0\" data-image-meta=\"{&quot;aperture&quot;:&quot;5&quot;,&quot;credit&quot;:&quot;www.archeoparc.it&quot;,&quot;camera&quot;:&quot;E-3&quot;,&quot;caption&quot;:&quot;&quot;,&quot;created_timestamp&quot;:&quot;1309635250&quot;,&quot;copyright&quot;:&quot;archeoParc Schnalstal, photo: ganeshGraphics&quot;,&quot;focal_length&quot;:&quot;60&quot;,&quot;iso&quot;:&quot;800&quot;,&quot;shutter_speed&quot;:&quot;0.1&quot;,&quot;title&quot;:&quot;Journalisten-Interviewgespr\\u00e4ch mit dem M\\u00fcnchner Paleopathologen Prof. Dr. Albert Zink, der das Forschungsinstituts f\\u00fcr Mumien und den Iceman der Europ\\u00e4ischen Akademie Bozen (EURAC) leitet&lt;br \\\/&gt;Intervista al professore bavarese Albert Zink, paleopatologo e direttore dell\\u0092Istituto per le mummie e l\\u0092Iceman dell\\u0092Accademia Europea di Bolzano (EURAC)&lt;br \\\/&gt; Albert Zink answering to questions of journalists, the German researcher with expertise in biological and medical anthropology is the director of the Institute for Mummies and the Iceman of the European Academy of Bolzano (EURAC)&quot;,&quot;orientation&quot;:&quot;1&quot;}\" data-image-title=\"Journalisten-Interviewgespr\u00e4ch mit dem M\u00fcnchner Paleopathologen Prof. Dr. Albert Zink, der das Forschungsinstituts f\u00fcr Mumien und den Iceman der Europ\u00e4ischen Akademie Bozen (EURAC) leitet&lt;br \/&gt;Intervista al professore bavarese Albert Zink, paleopatologo e direttore dell\u0092Istituto per le mummie e l\u0092Iceman dell\u0092Accademia Europea di Bolzano (EURAC)&lt;br \/&gt; Albert Zink answering to questions of journalists, the German researcher with expertise in biological and medical anthropology is the director of the Institute for Mummies and the Iceman of the European Academy of Bolzano (EURAC)\" data-image-description=\"&lt;p&gt;www.archeoparc.it&lt;\/p&gt;\n\" data-medium-file=\"https:\/\/www.archeoparc.it\/wp-content\/uploads\/archeoparc-schnalstal-16354-300x225.jpg\" data-large-file=\"https:\/\/www.archeoparc.it\/wp-content\/uploads\/archeoparc-schnalstal-16354-1024x768.jpg\" style=\"margin: 2px\" src=\"https:\/\/www.archeoparc.it\/wp-content\/uploads\/archeoparc-schnalstal-16354-162x162.jpg\" width=162 height=162 title=\"Journalisten-Interviewgespr\u00e4ch mit dem M\u00fcnchner Paleopathologen Prof. Dr. Albert Zink, der das Forschungsinstituts f\u00fcr Mumien und den Iceman der Europ\u00e4ischen Akademie Bozen (EURAC) leitet&lt;br \/&gt;Intervista al professore bavarese Albert Zink, paleopatologo e direttore dell\u0092Istituto per le mummie e l\u0092Iceman dell\u0092Accademia Europea di Bolzano (EURAC)&lt;br \/&gt; Albert Zink answering to questions of journalists, the German researcher with expertise in biological and medical anthropology is the director of the Institute for Mummies and the Iceman of the European Academy of Bolzano (EURAC)\" \/><\/a><div class=\"tiled-gallery-caption\">archeoParc Schnalstal, photo: ganeshGraphics<\/div><\/div><div class=\"tiled-gallery-item\"><a border=\"0\" href=\"https:\/\/www.archeoparc.it\/it\/?attachment_id=14515\"><img decoding=\"async\" data-attachment-id=\"14515\" data-orig-file=\"https:\/\/www.archeoparc.it\/wp-content\/uploads\/archeoparc-schnalstal-16355.jpg\" data-orig-size=\"1200,900\" data-comments-opened=\"0\" data-image-meta=\"{&quot;aperture&quot;:&quot;5&quot;,&quot;credit&quot;:&quot;www.archeoparc.it&quot;,&quot;camera&quot;:&quot;E-3&quot;,&quot;caption&quot;:&quot;&quot;,&quot;created_timestamp&quot;:&quot;1309635423&quot;,&quot;copyright&quot;:&quot;archeoParc Schnalstal, photo: ganeshGraphics&quot;,&quot;focal_length&quot;:&quot;36&quot;,&quot;iso&quot;:&quot;800&quot;,&quot;shutter_speed&quot;:&quot;0.333333333333&quot;,&quot;title&quot;:&quot;Vorbereitungen des Abendessens in der K\\u00fcche der Mastaunalm, es gibt Sch\\u00f6psernes, Schafbraten&lt;br \\\/&gt;Nella cucina della malga Mastaun: presto si servir\\u00e0 pecora e patate al forno, un piatto tipico senalese&lt;br \\\/&gt;In the kitchen of the alm Mastaun Val Senales style oven-roasted sheep before serving&quot;,&quot;orientation&quot;:&quot;1&quot;}\" data-image-title=\"Vorbereitungen des Abendessens in der K\u00fcche der Mastaunalm, es gibt Sch\u00f6psernes, Schafbraten&lt;br \/&gt;Nella cucina della malga Mastaun: presto si servir\u00e0 pecora e patate al forno, un piatto tipico senalese&lt;br \/&gt;In the kitchen of the alm Mastaun Val Senales style oven-roasted sheep before serving\" data-image-description=\"&lt;p&gt;www.archeoparc.it&lt;\/p&gt;\n\" data-medium-file=\"https:\/\/www.archeoparc.it\/wp-content\/uploads\/archeoparc-schnalstal-16355-300x225.jpg\" data-large-file=\"https:\/\/www.archeoparc.it\/wp-content\/uploads\/archeoparc-schnalstal-16355-1024x768.jpg\" style=\"margin: 2px\" src=\"https:\/\/www.archeoparc.it\/wp-content\/uploads\/archeoparc-schnalstal-16355-162x162.jpg\" width=162 height=162 title=\"Vorbereitungen des Abendessens in der K\u00fcche der Mastaunalm, es gibt Sch\u00f6psernes, Schafbraten&lt;br \/&gt;Nella cucina della malga Mastaun: presto si servir\u00e0 pecora e patate al forno, un piatto tipico senalese&lt;br \/&gt;In the kitchen of the alm Mastaun Val Senales style oven-roasted sheep before serving\" \/><\/a><div class=\"tiled-gallery-caption\">archeoParc Schnalstal, photo: ganeshGraphics<\/div><\/div><div class=\"tiled-gallery-item\"><a border=\"0\" href=\"https:\/\/www.archeoparc.it\/it\/?attachment_id=14511\"><img decoding=\"async\" data-attachment-id=\"14511\" data-orig-file=\"https:\/\/www.archeoparc.it\/wp-content\/uploads\/archeoparc-schnalstal-16353.jpg\" data-orig-size=\"1200,900\" data-comments-opened=\"0\" data-image-meta=\"{&quot;aperture&quot;:&quot;5&quot;,&quot;credit&quot;:&quot;www.archeoparc.it&quot;,&quot;camera&quot;:&quot;E-3&quot;,&quot;caption&quot;:&quot;&quot;,&quot;created_timestamp&quot;:&quot;1309634893&quot;,&quot;copyright&quot;:&quot;archeoParc Schnalstal, photo: ganeshGraphics&quot;,&quot;focal_length&quot;:&quot;14&quot;,&quot;iso&quot;:&quot;800&quot;,&quot;shutter_speed&quot;:&quot;0.125&quot;,&quot;title&quot;:&quot;Abendessen in der Stube der Mastaunalm&lt;br \\\/&gt;Cena nella stube della malga Mastaun&lt;br \\\/&gt;Having dinner at the living area, the stube, of the alm Mastaun&lt;br \\\/&gt;&lt;br \\\/&gt;1810 m&quot;,&quot;orientation&quot;:&quot;1&quot;}\" data-image-title=\"Abendessen in der Stube der Mastaunalm&lt;br \/&gt;Cena nella stube della malga Mastaun&lt;br \/&gt;Having dinner at the living area, the stube, of the alm Mastaun&lt;br \/&gt;&lt;br \/&gt;1810 m\" data-image-description=\"&lt;p&gt;www.archeoparc.it&lt;\/p&gt;\n\" data-medium-file=\"https:\/\/www.archeoparc.it\/wp-content\/uploads\/archeoparc-schnalstal-16353-300x225.jpg\" data-large-file=\"https:\/\/www.archeoparc.it\/wp-content\/uploads\/archeoparc-schnalstal-16353-1024x768.jpg\" style=\"margin: 2px\" src=\"https:\/\/www.archeoparc.it\/wp-content\/uploads\/archeoparc-schnalstal-16353-162x162.jpg\" width=162 height=162 title=\"Abendessen in der Stube der Mastaunalm&lt;br \/&gt;Cena nella stube della malga Mastaun&lt;br \/&gt;Having dinner at the living area, the stube, of the alm Mastaun&lt;br \/&gt;&lt;br \/&gt;1810 m\" \/><\/a><div class=\"tiled-gallery-caption\">archeoParc Schnalstal, photo: ganeshGraphics<\/div><\/div><\/div>\n","protected":false},"excerpt":{"rendered":"<p>Journalist&#8217;s research trip to \u00d6tztal and Schnalstal in occasion of the 20th anniversary of the discovery of the Iceman<\/p>\n","protected":false},"author":2,"featured_media":0,"comment_status":"closed","ping_status":"closed","sticky":false,"template":"","format":"standard","meta":{"_acf_changed":false,"_tec_requires_first_save":true,"_EventAllDay":false,"_EventTimezone":"","_EventStartDate":"","_EventEndDate":"","_EventStartDateUTC":"","_EventEndDateUTC":"","_EventShowMap":false,"_EventShowMapLink":false,"_EventURL":"","_EventCost":"","_EventCostDescription":"","_EventCurrencySymbol":"","_EventCurrencyCode":"","_EventCurrencyPosition":"","_EventDateTimeSeparator":"","_EventTimeRangeSeparator":"","_EventOrganizerID":[],"_EventVenueID":[],"_OrganizerEmail":"","_OrganizerPhone":"","_OrganizerWebsite":"","_VenueAddress":"","_VenueCity":"","_VenueCountry":"","_VenueProvince":"","_VenueState":"","_VenueZip":"","_VenuePhone":"","_VenueURL":"","_VenueStateProvince":"","_VenueLat":"","_VenueLng":"","_VenueShowMap":false,"_VenueShowMapLink":false,"_tribe_blocks_recurrence_rules":"","_tribe_blocks_recurrence_description":"","_tribe_blocks_recurrence_exclusions":"","footnotes":""},"categories":[157],"tags":[],"class_list":["post-6302","post","type-post","status-publish","format-standard","hentry","category-review-it"],"acf":[],"yoast_head":"<!-- This site is optimized with the Yoast SEO plugin v27.5 - https:\/\/yoast.com\/product\/yoast-seo-wordpress\/ -->\n<title>pressereise-2011 | archeoParc Schnalstal<\/title>\n<meta name=\"robots\" content=\"index, follow, max-snippet:-1, max-image-preview:large, max-video-preview:-1\" \/>\n<link rel=\"canonical\" href=\"https:\/\/www.archeoparc.it\/it\/2011\/pressereise-2011\/\" \/>\n<meta name=\"twitter:label1\" content=\"Scritto da\" \/>\n\t<meta name=\"twitter:data1\" content=\"Johanna\" \/>\n<script type=\"application\/ld+json\" class=\"yoast-schema-graph\">{\"@context\":\"https:\\\/\\\/schema.org\",\"@graph\":[{\"@type\":\"Article\",\"@id\":\"https:\\\/\\\/www.archeoparc.it\\\/it\\\/2011\\\/pressereise-2011\\\/#article\",\"isPartOf\":{\"@id\":\"https:\\\/\\\/www.archeoparc.it\\\/it\\\/2011\\\/pressereise-2011\\\/\"},\"author\":{\"name\":\"Johanna\",\"@id\":\"https:\\\/\\\/www.archeoparc.it\\\/#\\\/schema\\\/person\\\/b3065be180d841249307ecd9726611cf\"},\"headline\":\"pressereise-2011\",\"datePublished\":\"2011-07-15T14:58:10+00:00\",\"mainEntityOfPage\":{\"@id\":\"https:\\\/\\\/www.archeoparc.it\\\/it\\\/2011\\\/pressereise-2011\\\/\"},\"wordCount\":31,\"publisher\":{\"@id\":\"https:\\\/\\\/www.archeoparc.it\\\/#organization\"},\"articleSection\":[\"Review\"],\"inLanguage\":\"it-IT\"},{\"@type\":\"WebPage\",\"@id\":\"https:\\\/\\\/www.archeoparc.it\\\/it\\\/2011\\\/pressereise-2011\\\/\",\"url\":\"https:\\\/\\\/www.archeoparc.it\\\/it\\\/2011\\\/pressereise-2011\\\/\",\"name\":\"pressereise-2011 | archeoParc Schnalstal\",\"isPartOf\":{\"@id\":\"https:\\\/\\\/www.archeoparc.it\\\/#website\"},\"datePublished\":\"2011-07-15T14:58:10+00:00\",\"inLanguage\":\"it-IT\",\"potentialAction\":[{\"@type\":\"ReadAction\",\"target\":[\"https:\\\/\\\/www.archeoparc.it\\\/it\\\/2011\\\/pressereise-2011\\\/\"]}]},{\"@type\":\"WebSite\",\"@id\":\"https:\\\/\\\/www.archeoparc.it\\\/#website\",\"url\":\"https:\\\/\\\/www.archeoparc.it\\\/\",\"name\":\"archeoParc Schnalstal\",\"description\":\"Arch\u00e4ologisches Freilichtmuseum\",\"publisher\":{\"@id\":\"https:\\\/\\\/www.archeoparc.it\\\/#organization\"},\"potentialAction\":[{\"@type\":\"SearchAction\",\"target\":{\"@type\":\"EntryPoint\",\"urlTemplate\":\"https:\\\/\\\/www.archeoparc.it\\\/?s={search_term_string}\"},\"query-input\":{\"@type\":\"PropertyValueSpecification\",\"valueRequired\":true,\"valueName\":\"search_term_string\"}}],\"inLanguage\":\"it-IT\"},{\"@type\":\"Organization\",\"@id\":\"https:\\\/\\\/www.archeoparc.it\\\/#organization\",\"name\":\"archeoparc Schnalstal\",\"url\":\"https:\\\/\\\/www.archeoparc.it\\\/\",\"logo\":{\"@type\":\"ImageObject\",\"inLanguage\":\"it-IT\",\"@id\":\"https:\\\/\\\/www.archeoparc.it\\\/#\\\/schema\\\/logo\\\/image\\\/\",\"url\":\"https:\\\/\\\/www.archeoparc.it\\\/wp-content\\\/uploads\\\/cropped-archeoparc_logo_sw.png\",\"contentUrl\":\"https:\\\/\\\/www.archeoparc.it\\\/wp-content\\\/uploads\\\/cropped-archeoparc_logo_sw.png\",\"width\":654,\"height\":211,\"caption\":\"archeoparc Schnalstal\"},\"image\":{\"@id\":\"https:\\\/\\\/www.archeoparc.it\\\/#\\\/schema\\\/logo\\\/image\\\/\"}},{\"@type\":\"Person\",\"@id\":\"https:\\\/\\\/www.archeoparc.it\\\/#\\\/schema\\\/person\\\/b3065be180d841249307ecd9726611cf\",\"name\":\"Johanna\",\"image\":{\"@type\":\"ImageObject\",\"inLanguage\":\"it-IT\",\"@id\":\"https:\\\/\\\/secure.gravatar.com\\\/avatar\\\/d2fea4fe845dc1970d9b7702e5120165a019feaf750a97d4e682e0db17aff987?s=96&d=mm&r=g\",\"url\":\"https:\\\/\\\/secure.gravatar.com\\\/avatar\\\/d2fea4fe845dc1970d9b7702e5120165a019feaf750a97d4e682e0db17aff987?s=96&d=mm&r=g\",\"contentUrl\":\"https:\\\/\\\/secure.gravatar.com\\\/avatar\\\/d2fea4fe845dc1970d9b7702e5120165a019feaf750a97d4e682e0db17aff987?s=96&d=mm&r=g\",\"caption\":\"Johanna\"}}]}<\/script>\n<!-- \/ Yoast SEO plugin. -->","yoast_head_json":{"title":"pressereise-2011 | archeoParc Schnalstal","robots":{"index":"index","follow":"follow","max-snippet":"max-snippet:-1","max-image-preview":"max-image-preview:large","max-video-preview":"max-video-preview:-1"},"canonical":"https:\/\/www.archeoparc.it\/it\/2011\/pressereise-2011\/","twitter_misc":{"Scritto da":"Johanna"},"schema":{"@context":"https:\/\/schema.org","@graph":[{"@type":"Article","@id":"https:\/\/www.archeoparc.it\/it\/2011\/pressereise-2011\/#article","isPartOf":{"@id":"https:\/\/www.archeoparc.it\/it\/2011\/pressereise-2011\/"},"author":{"name":"Johanna","@id":"https:\/\/www.archeoparc.it\/#\/schema\/person\/b3065be180d841249307ecd9726611cf"},"headline":"pressereise-2011","datePublished":"2011-07-15T14:58:10+00:00","mainEntityOfPage":{"@id":"https:\/\/www.archeoparc.it\/it\/2011\/pressereise-2011\/"},"wordCount":31,"publisher":{"@id":"https:\/\/www.archeoparc.it\/#organization"},"articleSection":["Review"],"inLanguage":"it-IT"},{"@type":"WebPage","@id":"https:\/\/www.archeoparc.it\/it\/2011\/pressereise-2011\/","url":"https:\/\/www.archeoparc.it\/it\/2011\/pressereise-2011\/","name":"pressereise-2011 | archeoParc Schnalstal","isPartOf":{"@id":"https:\/\/www.archeoparc.it\/#website"},"datePublished":"2011-07-15T14:58:10+00:00","inLanguage":"it-IT","potentialAction":[{"@type":"ReadAction","target":["https:\/\/www.archeoparc.it\/it\/2011\/pressereise-2011\/"]}]},{"@type":"WebSite","@id":"https:\/\/www.archeoparc.it\/#website","url":"https:\/\/www.archeoparc.it\/","name":"archeoParc Schnalstal","description":"Arch\u00e4ologisches Freilichtmuseum","publisher":{"@id":"https:\/\/www.archeoparc.it\/#organization"},"potentialAction":[{"@type":"SearchAction","target":{"@type":"EntryPoint","urlTemplate":"https:\/\/www.archeoparc.it\/?s={search_term_string}"},"query-input":{"@type":"PropertyValueSpecification","valueRequired":true,"valueName":"search_term_string"}}],"inLanguage":"it-IT"},{"@type":"Organization","@id":"https:\/\/www.archeoparc.it\/#organization","name":"archeoparc Schnalstal","url":"https:\/\/www.archeoparc.it\/","logo":{"@type":"ImageObject","inLanguage":"it-IT","@id":"https:\/\/www.archeoparc.it\/#\/schema\/logo\/image\/","url":"https:\/\/www.archeoparc.it\/wp-content\/uploads\/cropped-archeoparc_logo_sw.png","contentUrl":"https:\/\/www.archeoparc.it\/wp-content\/uploads\/cropped-archeoparc_logo_sw.png","width":654,"height":211,"caption":"archeoparc Schnalstal"},"image":{"@id":"https:\/\/www.archeoparc.it\/#\/schema\/logo\/image\/"}},{"@type":"Person","@id":"https:\/\/www.archeoparc.it\/#\/schema\/person\/b3065be180d841249307ecd9726611cf","name":"Johanna","image":{"@type":"ImageObject","inLanguage":"it-IT","@id":"https:\/\/secure.gravatar.com\/avatar\/d2fea4fe845dc1970d9b7702e5120165a019feaf750a97d4e682e0db17aff987?s=96&d=mm&r=g","url":"https:\/\/secure.gravatar.com\/avatar\/d2fea4fe845dc1970d9b7702e5120165a019feaf750a97d4e682e0db17aff987?s=96&d=mm&r=g","contentUrl":"https:\/\/secure.gravatar.com\/avatar\/d2fea4fe845dc1970d9b7702e5120165a019feaf750a97d4e682e0db17aff987?s=96&d=mm&r=g","caption":"Johanna"}}]}},"_links":{"self":[{"href":"https:\/\/www.archeoparc.it\/it\/wp-json\/wp\/v2\/posts\/6302","targetHints":{"allow":["GET"]}}],"collection":[{"href":"https:\/\/www.archeoparc.it\/it\/wp-json\/wp\/v2\/posts"}],"about":[{"href":"https:\/\/www.archeoparc.it\/it\/wp-json\/wp\/v2\/types\/post"}],"author":[{"embeddable":true,"href":"https:\/\/www.archeoparc.it\/it\/wp-json\/wp\/v2\/users\/2"}],"replies":[{"embeddable":true,"href":"https:\/\/www.archeoparc.it\/it\/wp-json\/wp\/v2\/comments?post=6302"}],"version-history":[{"count":0,"href":"https:\/\/www.archeoparc.it\/it\/wp-json\/wp\/v2\/posts\/6302\/revisions"}],"wp:attachment":[{"href":"https:\/\/www.archeoparc.it\/it\/wp-json\/wp\/v2\/media?parent=6302"}],"wp:term":[{"taxonomy":"category","embeddable":true,"href":"https:\/\/www.archeoparc.it\/it\/wp-json\/wp\/v2\/categories?post=6302"},{"taxonomy":"post_tag","embeddable":true,"href":"https:\/\/www.archeoparc.it\/it\/wp-json\/wp\/v2\/tags?post=6302"}],"curies":[{"name":"wp","href":"https:\/\/api.w.org\/{rel}","templated":true}]}}