{"id":64820,"date":"2025-11-03T09:56:42","date_gmt":"2025-11-03T08:56:42","guid":{"rendered":"https:\/\/www.archeoparc.it\/2025\/25-wewo-review\/"},"modified":"2025-12-15T14:53:29","modified_gmt":"2025-12-15T13:53:29","slug":"25-wewo-review","status":"publish","type":"post","link":"https:\/\/www.archeoparc.it\/it\/2025\/25-wewo-review\/","title":{"rendered":"Questo \u00e8 stato il Grest autunnale 2025"},"content":{"rendered":"\n<p class=\"has-large-font-size\">L&#8217;Assistenza per bambini durante le ferie scolastiche della festa di ognissanti \u00e8 tornata quest&#8217;anno per la seconda volta. Un sguardo indientro.<\/p>\n\n\n\n<p>Dal 27 fino al 31 ottobre 2025 quasi 20 bimbini si sono incontrati nell&#8217;area esterna dell&#8217;archeoParc per trascorrere le ferie di Ognissanti ad imparare le basi del lavoro con vari materiali naturali insieme ai pedagog\u0259.  <\/p>\n\n\n\n<p>A fine settimana i partecipant\u0259 hanno presentato i loro lavori nel nuovo areale museale campus transhumanza &#8211; ovvio che la caldarrosta non poteva mancare!<\/p>\n\n\n\n<p>La settimana \u00e8 stata organizzata dall&#8217;<a href=\"https:\/\/www.archeoparc.it\/it\/chi-siamo\/associazione-museale\/\">associazione museale<\/a> in collaborazione con il <a href=\"https:\/\/www.gemeinde.schnals.bz.it\/system\/web\/default.aspx?sprache=3&amp;menuonr=218886919\">Comune di Senales<\/a>. <\/p>\n\n\n\n<div style=\"height:20px\" aria-hidden=\"true\" class=\"wp-block-spacer\"><\/div>\n\n\n\n<h3 class=\"wp-block-heading\">Impressioni<\/h3>\n\n\n\n<figure class=\"wp-block-gallery has-nested-images columns-3 is-cropped wp-block-gallery-2 is-layout-flex wp-block-gallery-is-layout-flex\">\n<figure class=\"wp-block-image size-large\"><a href=\"https:\/\/www.archeoparc.it\/wp-content\/uploads\/archeoparc-schnalstal-25260.jpg\"><img loading=\"lazy\" decoding=\"async\" width=\"1200\" height=\"900\" data-id=\"63895\" src=\"https:\/\/www.archeoparc.it\/wp-content\/uploads\/archeoparc-schnalstal-25260-1200x900.jpg\" alt=\"Konzentriertes Arbeiten bei der Kinderwerkwoche<br\/&gt; Lavoro concentrato al grest autunnale<br\/&gt;<br\/&gt;October 2025\" class=\"wp-image-63895\" srcset=\"https:\/\/www.archeoparc.it\/wp-content\/uploads\/archeoparc-schnalstal-25260-1200x900.jpg 1200w, https:\/\/www.archeoparc.it\/wp-content\/uploads\/archeoparc-schnalstal-25260-300x225.jpg 300w, https:\/\/www.archeoparc.it\/wp-content\/uploads\/archeoparc-schnalstal-25260-1536x1152.jpg 1536w, https:\/\/www.archeoparc.it\/wp-content\/uploads\/archeoparc-schnalstal-25260-2048x1536.jpg 2048w\" sizes=\"auto, (max-width: 1200px) 100vw, 1200px\" \/><\/a><\/figure>\n\n\n\n<figure class=\"wp-block-image size-large\"><a href=\"https:\/\/www.archeoparc.it\/wp-content\/uploads\/archeoparc-schnalstal-25252.jpg\"><img loading=\"lazy\" decoding=\"async\" width=\"816\" height=\"612\" data-id=\"63675\" src=\"https:\/\/www.archeoparc.it\/wp-content\/uploads\/archeoparc-schnalstal-25252.jpg\" alt=\"Holzarbeiten bei der Kinderwerkwoche <br\/&gt;Lavorare con legno al grest autunnale <br\/&gt;<br\/&gt;<br\/&gt;October 2025\" class=\"wp-image-63675\" srcset=\"https:\/\/www.archeoparc.it\/wp-content\/uploads\/archeoparc-schnalstal-25252.jpg 816w, https:\/\/www.archeoparc.it\/wp-content\/uploads\/archeoparc-schnalstal-25252-300x225.jpg 300w\" sizes=\"auto, (max-width: 816px) 100vw, 816px\" \/><\/a><\/figure>\n\n\n\n<figure class=\"wp-block-image size-large\"><a href=\"https:\/\/www.archeoparc.it\/wp-content\/uploads\/archeoparc-schnalstal-25255.jpg\"><img loading=\"lazy\" decoding=\"async\" width=\"612\" height=\"816\" data-id=\"63690\" src=\"https:\/\/www.archeoparc.it\/wp-content\/uploads\/archeoparc-schnalstal-25255.jpg\" alt=\"Gemeinsames Filzen bei der Kinderwerkwoche <br\/&gt; Feltrare insieme al grest autunnale<br\/&gt;<br\/&gt;October 2025\" class=\"wp-image-63690\" srcset=\"https:\/\/www.archeoparc.it\/wp-content\/uploads\/archeoparc-schnalstal-25255.jpg 612w, https:\/\/www.archeoparc.it\/wp-content\/uploads\/archeoparc-schnalstal-25255-225x300.jpg 225w\" sizes=\"auto, (max-width: 612px) 100vw, 612px\" \/><\/a><\/figure>\n\n\n\n<figure class=\"wp-block-image size-large\"><a href=\"https:\/\/www.archeoparc.it\/wp-content\/uploads\/archeoparc-schnalstal-25253.jpg\"><img loading=\"lazy\" decoding=\"async\" width=\"816\" height=\"612\" data-id=\"63680\" src=\"https:\/\/www.archeoparc.it\/wp-content\/uploads\/archeoparc-schnalstal-25253.jpg\" alt=\"Erste N\u00e4hversuche bei der Kinderwerkwoche <br\/&gt; Primi tentativi di cucito al grest autunnale<br\/&gt;<br\/&gt;October 2025\" class=\"wp-image-63680\" srcset=\"https:\/\/www.archeoparc.it\/wp-content\/uploads\/archeoparc-schnalstal-25253.jpg 816w, https:\/\/www.archeoparc.it\/wp-content\/uploads\/archeoparc-schnalstal-25253-300x225.jpg 300w\" sizes=\"auto, (max-width: 816px) 100vw, 816px\" \/><\/a><\/figure>\n\n\n\n<figure class=\"wp-block-image size-large\"><a href=\"https:\/\/www.archeoparc.it\/wp-content\/uploads\/archeoparc-schnalstal-25254.jpg\"><img loading=\"lazy\" decoding=\"async\" width=\"816\" height=\"612\" data-id=\"63685\" src=\"https:\/\/www.archeoparc.it\/wp-content\/uploads\/archeoparc-schnalstal-25254.jpg\" alt=\"Der Kreativit\u00e4t sind keine Grenzen gesetzt bei der Kinderwerkwoche <br\/&gt; La creativit\u00e0 non conosce limiti al grest autunnale<br\/&gt;<br\/&gt;October 2025\" class=\"wp-image-63685\" srcset=\"https:\/\/www.archeoparc.it\/wp-content\/uploads\/archeoparc-schnalstal-25254.jpg 816w, https:\/\/www.archeoparc.it\/wp-content\/uploads\/archeoparc-schnalstal-25254-300x225.jpg 300w\" sizes=\"auto, (max-width: 816px) 100vw, 816px\" \/><\/a><\/figure>\n<figcaption class=\"blocks-gallery-caption wp-element-caption\">Sono stati messi alla prova diversi lavori artigianali.<\/figcaption><\/figure>\n\n\n\n<figure class=\"wp-block-gallery has-nested-images columns-3 is-cropped wp-block-gallery-3 is-layout-flex wp-block-gallery-is-layout-flex\">\n<figure data-wp-context=\"{&quot;imageId&quot;:&quot;69f716fe1608d&quot;}\" data-wp-interactive=\"core\/image\" data-wp-key=\"69f716fe1608d\" class=\"wp-block-image size-large wp-lightbox-container\"><img loading=\"lazy\" decoding=\"async\" width=\"816\" height=\"612\" data-wp-class--hide=\"state.isContentHidden\" data-wp-class--show=\"state.isContentVisible\" data-wp-init=\"callbacks.setButtonStyles\" data-wp-on--click=\"actions.showLightbox\" data-wp-on--load=\"callbacks.setButtonStyles\" data-wp-on-window--resize=\"callbacks.setButtonStyles\" data-id=\"63700\" src=\"https:\/\/www.archeoparc.it\/wp-content\/uploads\/archeoparc-schnalstal-25257.jpg\" alt=\"Werkst\u00fccke der Kinderwerkwoche<br\/&gt; I lavori finiti del grest autunnale<br\/&gt;<br\/&gt;October 2025\" class=\"wp-image-63700\" srcset=\"https:\/\/www.archeoparc.it\/wp-content\/uploads\/archeoparc-schnalstal-25257.jpg 816w, https:\/\/www.archeoparc.it\/wp-content\/uploads\/archeoparc-schnalstal-25257-300x225.jpg 300w\" sizes=\"auto, (max-width: 816px) 100vw, 816px\" \/><button\n\t\t\tclass=\"lightbox-trigger\"\n\t\t\ttype=\"button\"\n\t\t\taria-haspopup=\"dialog\"\n\t\t\taria-label=\"Ingrandisci\"\n\t\t\tdata-wp-init=\"callbacks.initTriggerButton\"\n\t\t\tdata-wp-on--click=\"actions.showLightbox\"\n\t\t\tdata-wp-style--right=\"state.imageButtonRight\"\n\t\t\tdata-wp-style--top=\"state.imageButtonTop\"\n\t\t>\n\t\t\t<svg xmlns=\"http:\/\/www.w3.org\/2000\/svg\" width=\"12\" height=\"12\" fill=\"none\" viewBox=\"0 0 12 12\">\n\t\t\t\t<path fill=\"#fff\" d=\"M2 0a2 2 0 0 0-2 2v2h1.5V2a.5.5 0 0 1 .5-.5h2V0H2Zm2 10.5H2a.5.5 0 0 1-.5-.5V8H0v2a2 2 0 0 0 2 2h2v-1.5ZM8 12v-1.5h2a.5.5 0 0 0 .5-.5V8H12v2a2 2 0 0 1-2 2H8Zm2-12a2 2 0 0 1 2 2v2h-1.5V2a.5.5 0 0 0-.5-.5H8V0h2Z\" \/>\n\t\t\t<\/svg>\n\t\t<\/button><\/figure>\n\n\n\n<figure data-wp-context=\"{&quot;imageId&quot;:&quot;69f716fe1682d&quot;}\" data-wp-interactive=\"core\/image\" data-wp-key=\"69f716fe1682d\" class=\"wp-block-image size-large wp-lightbox-container\"><img loading=\"lazy\" decoding=\"async\" width=\"1200\" height=\"900\" data-wp-class--hide=\"state.isContentHidden\" data-wp-class--show=\"state.isContentVisible\" data-wp-init=\"callbacks.setButtonStyles\" data-wp-on--click=\"actions.showLightbox\" data-wp-on--load=\"callbacks.setButtonStyles\" data-wp-on-window--resize=\"callbacks.setButtonStyles\" data-id=\"63665\" src=\"https:\/\/www.archeoparc.it\/wp-content\/uploads\/archeoparc-schnalstal-25262-1200x900.jpg\" alt=\"Werkst\u00fccke der Kinderwerkwoche<br\/&gt; I lavori finiti del grest autunnale<br\/&gt;<br\/&gt;October 2025\" class=\"wp-image-63665\" srcset=\"https:\/\/www.archeoparc.it\/wp-content\/uploads\/archeoparc-schnalstal-25262-1200x900.jpg 1200w, https:\/\/www.archeoparc.it\/wp-content\/uploads\/archeoparc-schnalstal-25262-300x225.jpg 300w, https:\/\/www.archeoparc.it\/wp-content\/uploads\/archeoparc-schnalstal-25262-1536x1152.jpg 1536w, https:\/\/www.archeoparc.it\/wp-content\/uploads\/archeoparc-schnalstal-25262-2048x1536.jpg 2048w\" sizes=\"auto, (max-width: 1200px) 100vw, 1200px\" \/><button\n\t\t\tclass=\"lightbox-trigger\"\n\t\t\ttype=\"button\"\n\t\t\taria-haspopup=\"dialog\"\n\t\t\taria-label=\"Ingrandisci\"\n\t\t\tdata-wp-init=\"callbacks.initTriggerButton\"\n\t\t\tdata-wp-on--click=\"actions.showLightbox\"\n\t\t\tdata-wp-style--right=\"state.imageButtonRight\"\n\t\t\tdata-wp-style--top=\"state.imageButtonTop\"\n\t\t>\n\t\t\t<svg xmlns=\"http:\/\/www.w3.org\/2000\/svg\" width=\"12\" height=\"12\" fill=\"none\" viewBox=\"0 0 12 12\">\n\t\t\t\t<path fill=\"#fff\" d=\"M2 0a2 2 0 0 0-2 2v2h1.5V2a.5.5 0 0 1 .5-.5h2V0H2Zm2 10.5H2a.5.5 0 0 1-.5-.5V8H0v2a2 2 0 0 0 2 2h2v-1.5ZM8 12v-1.5h2a.5.5 0 0 0 .5-.5V8H12v2a2 2 0 0 1-2 2H8Zm2-12a2 2 0 0 1 2 2v2h-1.5V2a.5.5 0 0 0-.5-.5H8V0h2Z\" \/>\n\t\t\t<\/svg>\n\t\t<\/button><\/figure>\n\n\n\n<figure data-wp-context=\"{&quot;imageId&quot;:&quot;69f716fe16fc8&quot;}\" data-wp-interactive=\"core\/image\" data-wp-key=\"69f716fe16fc8\" class=\"wp-block-image size-large wp-lightbox-container\"><img loading=\"lazy\" decoding=\"async\" width=\"1200\" height=\"900\" data-wp-class--hide=\"state.isContentHidden\" data-wp-class--show=\"state.isContentVisible\" data-wp-init=\"callbacks.setButtonStyles\" data-wp-on--click=\"actions.showLightbox\" data-wp-on--load=\"callbacks.setButtonStyles\" data-wp-on-window--resize=\"callbacks.setButtonStyles\" data-id=\"63660\" src=\"https:\/\/www.archeoparc.it\/wp-content\/uploads\/archeoparc-schnalstal-25261-1200x900.jpg\" alt=\"Werkst\u00fccke der Kinderwerkwoche<br\/&gt; I lavori finiti del grest autunnale<br\/&gt;<br\/&gt;October 2025\" class=\"wp-image-63660\" srcset=\"https:\/\/www.archeoparc.it\/wp-content\/uploads\/archeoparc-schnalstal-25261-1200x900.jpg 1200w, https:\/\/www.archeoparc.it\/wp-content\/uploads\/archeoparc-schnalstal-25261-300x225.jpg 300w, https:\/\/www.archeoparc.it\/wp-content\/uploads\/archeoparc-schnalstal-25261-1536x1152.jpg 1536w, https:\/\/www.archeoparc.it\/wp-content\/uploads\/archeoparc-schnalstal-25261-2048x1536.jpg 2048w\" sizes=\"auto, (max-width: 1200px) 100vw, 1200px\" \/><button\n\t\t\tclass=\"lightbox-trigger\"\n\t\t\ttype=\"button\"\n\t\t\taria-haspopup=\"dialog\"\n\t\t\taria-label=\"Ingrandisci\"\n\t\t\tdata-wp-init=\"callbacks.initTriggerButton\"\n\t\t\tdata-wp-on--click=\"actions.showLightbox\"\n\t\t\tdata-wp-style--right=\"state.imageButtonRight\"\n\t\t\tdata-wp-style--top=\"state.imageButtonTop\"\n\t\t>\n\t\t\t<svg xmlns=\"http:\/\/www.w3.org\/2000\/svg\" width=\"12\" height=\"12\" fill=\"none\" viewBox=\"0 0 12 12\">\n\t\t\t\t<path fill=\"#fff\" d=\"M2 0a2 2 0 0 0-2 2v2h1.5V2a.5.5 0 0 1 .5-.5h2V0H2Zm2 10.5H2a.5.5 0 0 1-.5-.5V8H0v2a2 2 0 0 0 2 2h2v-1.5ZM8 12v-1.5h2a.5.5 0 0 0 .5-.5V8H12v2a2 2 0 0 1-2 2H8Zm2-12a2 2 0 0 1 2 2v2h-1.5V2a.5.5 0 0 0-.5-.5H8V0h2Z\" \/>\n\t\t\t<\/svg>\n\t\t<\/button><\/figure>\n<figcaption class=\"blocks-gallery-caption wp-element-caption\">Presentazione dei lavori finali nel campus transhumanza<\/figcaption><\/figure>\n\n\n\n<figure class=\"wp-block-gallery has-nested-images columns-default is-cropped wp-block-gallery-4 is-layout-flex wp-block-gallery-is-layout-flex\" style=\"margin-top:0;margin-right:0;margin-bottom:0;margin-left:0\">\n<figure class=\"wp-block-image size-large has-custom-border\" style=\"margin-top:0;margin-right:0;margin-bottom:0;margin-left:0\"><img loading=\"lazy\" decoding=\"async\" width=\"900\" height=\"1200\" data-id=\"63705\" src=\"https:\/\/www.archeoparc.it\/wp-content\/uploads\/archeoparc-schnalstal-25259-900x1200.jpg\" alt=\"Die Besucherwerkstatt im herbstlichen Lichtspiel<br\/&gt; Il laboratorio nella luce autunnale <br\/&gt; The visitor workshop area in autumnal light<br\/&gt;<br\/&gt;October 2025\" class=\"wp-image-63705\" style=\"border-style:none;border-width:0px\" srcset=\"https:\/\/www.archeoparc.it\/wp-content\/uploads\/archeoparc-schnalstal-25259-900x1200.jpg 900w, https:\/\/www.archeoparc.it\/wp-content\/uploads\/archeoparc-schnalstal-25259-225x300.jpg 225w, https:\/\/www.archeoparc.it\/wp-content\/uploads\/archeoparc-schnalstal-25259-1152x1536.jpg 1152w, https:\/\/www.archeoparc.it\/wp-content\/uploads\/archeoparc-schnalstal-25259-1536x2048.jpg 1536w\" sizes=\"auto, (max-width: 900px) 100vw, 900px\" \/><\/figure>\n\n\n\n<figure class=\"wp-block-image size-large\"><img loading=\"lazy\" decoding=\"async\" width=\"816\" height=\"612\" data-id=\"63900\" src=\"https:\/\/www.archeoparc.it\/wp-content\/uploads\/archeoparc-schnalstal-25258.jpg\" alt=\"Selbstgeschriebene Tafel f\u00fcr die Pr\u00e4sentation der Werkst\u00fccke im campus transhumanza<br\/&gt; Tabellone scritto a mano in occasione della presentazione dei lavori al campus transhumanza<br\/&gt;<br\/&gt;October 2025\" class=\"wp-image-63900\" srcset=\"https:\/\/www.archeoparc.it\/wp-content\/uploads\/archeoparc-schnalstal-25258.jpg 816w, https:\/\/www.archeoparc.it\/wp-content\/uploads\/archeoparc-schnalstal-25258-300x225.jpg 300w\" sizes=\"auto, (max-width: 816px) 100vw, 816px\" \/><\/figure>\n<\/figure>\n\n\n\n<p class=\"has-medium-font-size\" style=\"border-top-style:none;border-top-width:0px;border-left-style:none;border-left-width:0px;margin-top:var(--wp--preset--spacing--20);margin-right:var(--wp--preset--spacing--40);margin-bottom:var(--wp--preset--spacing--20);margin-left:var(--wp--preset--spacing--40);padding-top:var(--wp--preset--spacing--30);padding-right:var(--wp--preset--spacing--40);padding-bottom:var(--wp--preset--spacing--30);padding-left:var(--wp--preset--spacing--40)\">Ringraziamo tutti i bambini e i genitori che anche quest&#8217;anno hanno partecipato al grest autunnale nell&#8217;archeoParc e hanno trascorso con noi le vacanze di Ognissanti! \ud83e\udd29<\/p>\n","protected":false},"excerpt":{"rendered":"<p>L&#8217;Assistenza per bambini durante le ferie scolastiche della festa di ognissanti \u00e8 tornata quest&#8217;anno per la seconda volta. Un sguardo indientro. Dal 27 fino al 31 ottobre 2025 quasi 20 [&hellip;]<\/p>\n","protected":false},"author":2,"featured_media":63674,"comment_status":"closed","ping_status":"closed","sticky":false,"template":"","format":"standard","meta":{"_acf_changed":false,"_tec_requires_first_save":true,"_EventAllDay":false,"_EventTimezone":"","_EventStartDate":"","_EventEndDate":"","_EventStartDateUTC":"","_EventEndDateUTC":"","_EventShowMap":false,"_EventShowMapLink":false,"_EventURL":"","_EventCost":"","_EventCostDescription":"","_EventCurrencySymbol":"","_EventCurrencyCode":"","_EventCurrencyPosition":"","_EventDateTimeSeparator":"","_EventTimeRangeSeparator":"","_EventOrganizerID":[],"_EventVenueID":[],"_OrganizerEmail":"","_OrganizerPhone":"","_OrganizerWebsite":"","_VenueAddress":"","_VenueCity":"","_VenueCountry":"","_VenueProvince":"","_VenueState":"","_VenueZip":"","_VenuePhone":"","_VenueURL":"","_VenueStateProvince":"","_VenueLat":"","_VenueLng":"","_VenueShowMap":false,"_VenueShowMapLink":false,"_tribe_blocks_recurrence_rules":"","_tribe_blocks_recurrence_description":"","_tribe_blocks_recurrence_exclusions":"","footnotes":""},"categories":[157],"tags":[],"class_list":["post-64820","post","type-post","status-publish","format-standard","has-post-thumbnail","hentry","category-review-it"],"acf":[],"yoast_head":"<!-- This site is optimized with the Yoast SEO plugin v27.5 - https:\/\/yoast.com\/product\/yoast-seo-wordpress\/ -->\n<title>Questo \u00e8 stato il Grest autunnale 2025 | archeoParc Schnalstal<\/title>\n<meta name=\"description\" content=\"Die Kinderwerkwoche, die in den Allerheiligenferien im archeoParc Schnalstal stattfand, ging dieses Jahr in die zweite Runde. Ein R\u00fcckblick.\" \/>\n<meta name=\"robots\" content=\"index, follow, max-snippet:-1, max-image-preview:large, max-video-preview:-1\" \/>\n<link rel=\"canonical\" href=\"https:\/\/www.archeoparc.it\/it\/2025\/25-wewo-review\/\" \/>\n<meta name=\"twitter:label1\" content=\"Scritto da\" \/>\n\t<meta name=\"twitter:data1\" content=\"Johanna\" \/>\n\t<meta name=\"twitter:label2\" content=\"Tempo di lettura stimato\" \/>\n\t<meta name=\"twitter:data2\" content=\"4 minuti\" \/>\n<script type=\"application\/ld+json\" class=\"yoast-schema-graph\">{\"@context\":\"https:\\\/\\\/schema.org\",\"@graph\":[{\"@type\":\"Article\",\"@id\":\"https:\\\/\\\/www.archeoparc.it\\\/it\\\/2025\\\/25-wewo-review\\\/#article\",\"isPartOf\":{\"@id\":\"https:\\\/\\\/www.archeoparc.it\\\/it\\\/2025\\\/25-wewo-review\\\/\"},\"author\":{\"name\":\"Johanna\",\"@id\":\"https:\\\/\\\/www.archeoparc.it\\\/#\\\/schema\\\/person\\\/b3065be180d841249307ecd9726611cf\"},\"headline\":\"Questo \u00e8 stato il Grest autunnale 2025\",\"datePublished\":\"2025-11-03T08:56:42+00:00\",\"dateModified\":\"2025-12-15T13:53:29+00:00\",\"mainEntityOfPage\":{\"@id\":\"https:\\\/\\\/www.archeoparc.it\\\/it\\\/2025\\\/25-wewo-review\\\/\"},\"wordCount\":141,\"publisher\":{\"@id\":\"https:\\\/\\\/www.archeoparc.it\\\/#organization\"},\"image\":{\"@id\":\"https:\\\/\\\/www.archeoparc.it\\\/it\\\/2025\\\/25-wewo-review\\\/#primaryimage\"},\"thumbnailUrl\":\"https:\\\/\\\/www.archeoparc.it\\\/wp-content\\\/uploads\\\/archeoparc-schnalstal-25251.jpg\",\"articleSection\":[\"Review\"],\"inLanguage\":\"it-IT\"},{\"@type\":\"WebPage\",\"@id\":\"https:\\\/\\\/www.archeoparc.it\\\/it\\\/2025\\\/25-wewo-review\\\/\",\"url\":\"https:\\\/\\\/www.archeoparc.it\\\/it\\\/2025\\\/25-wewo-review\\\/\",\"name\":\"Questo \u00e8 stato il Grest autunnale 2025 | archeoParc Schnalstal\",\"isPartOf\":{\"@id\":\"https:\\\/\\\/www.archeoparc.it\\\/#website\"},\"primaryImageOfPage\":{\"@id\":\"https:\\\/\\\/www.archeoparc.it\\\/it\\\/2025\\\/25-wewo-review\\\/#primaryimage\"},\"image\":{\"@id\":\"https:\\\/\\\/www.archeoparc.it\\\/it\\\/2025\\\/25-wewo-review\\\/#primaryimage\"},\"thumbnailUrl\":\"https:\\\/\\\/www.archeoparc.it\\\/wp-content\\\/uploads\\\/archeoparc-schnalstal-25251.jpg\",\"datePublished\":\"2025-11-03T08:56:42+00:00\",\"dateModified\":\"2025-12-15T13:53:29+00:00\",\"description\":\"Die Kinderwerkwoche, die in den Allerheiligenferien im archeoParc Schnalstal stattfand, ging dieses Jahr in die zweite Runde. Ein R\u00fcckblick.\",\"inLanguage\":\"it-IT\",\"potentialAction\":[{\"@type\":\"ReadAction\",\"target\":[\"https:\\\/\\\/www.archeoparc.it\\\/it\\\/2025\\\/25-wewo-review\\\/\"]}]},{\"@type\":\"ImageObject\",\"inLanguage\":\"it-IT\",\"@id\":\"https:\\\/\\\/www.archeoparc.it\\\/it\\\/2025\\\/25-wewo-review\\\/#primaryimage\",\"url\":\"https:\\\/\\\/www.archeoparc.it\\\/wp-content\\\/uploads\\\/archeoparc-schnalstal-25251.jpg\",\"contentUrl\":\"https:\\\/\\\/www.archeoparc.it\\\/wp-content\\\/uploads\\\/archeoparc-schnalstal-25251.jpg\",\"width\":816,\"height\":612},{\"@type\":\"WebSite\",\"@id\":\"https:\\\/\\\/www.archeoparc.it\\\/#website\",\"url\":\"https:\\\/\\\/www.archeoparc.it\\\/\",\"name\":\"archeoParc Schnalstal\",\"description\":\"Arch\u00e4ologisches Freilichtmuseum\",\"publisher\":{\"@id\":\"https:\\\/\\\/www.archeoparc.it\\\/#organization\"},\"potentialAction\":[{\"@type\":\"SearchAction\",\"target\":{\"@type\":\"EntryPoint\",\"urlTemplate\":\"https:\\\/\\\/www.archeoparc.it\\\/?s={search_term_string}\"},\"query-input\":{\"@type\":\"PropertyValueSpecification\",\"valueRequired\":true,\"valueName\":\"search_term_string\"}}],\"inLanguage\":\"it-IT\"},{\"@type\":\"Organization\",\"@id\":\"https:\\\/\\\/www.archeoparc.it\\\/#organization\",\"name\":\"archeoparc Schnalstal\",\"url\":\"https:\\\/\\\/www.archeoparc.it\\\/\",\"logo\":{\"@type\":\"ImageObject\",\"inLanguage\":\"it-IT\",\"@id\":\"https:\\\/\\\/www.archeoparc.it\\\/#\\\/schema\\\/logo\\\/image\\\/\",\"url\":\"https:\\\/\\\/www.archeoparc.it\\\/wp-content\\\/uploads\\\/cropped-archeoparc_logo_sw.png\",\"contentUrl\":\"https:\\\/\\\/www.archeoparc.it\\\/wp-content\\\/uploads\\\/cropped-archeoparc_logo_sw.png\",\"width\":654,\"height\":211,\"caption\":\"archeoparc Schnalstal\"},\"image\":{\"@id\":\"https:\\\/\\\/www.archeoparc.it\\\/#\\\/schema\\\/logo\\\/image\\\/\"}},{\"@type\":\"Person\",\"@id\":\"https:\\\/\\\/www.archeoparc.it\\\/#\\\/schema\\\/person\\\/b3065be180d841249307ecd9726611cf\",\"name\":\"Johanna\",\"image\":{\"@type\":\"ImageObject\",\"inLanguage\":\"it-IT\",\"@id\":\"https:\\\/\\\/secure.gravatar.com\\\/avatar\\\/d2fea4fe845dc1970d9b7702e5120165a019feaf750a97d4e682e0db17aff987?s=96&d=mm&r=g\",\"url\":\"https:\\\/\\\/secure.gravatar.com\\\/avatar\\\/d2fea4fe845dc1970d9b7702e5120165a019feaf750a97d4e682e0db17aff987?s=96&d=mm&r=g\",\"contentUrl\":\"https:\\\/\\\/secure.gravatar.com\\\/avatar\\\/d2fea4fe845dc1970d9b7702e5120165a019feaf750a97d4e682e0db17aff987?s=96&d=mm&r=g\",\"caption\":\"Johanna\"}}]}<\/script>\n<!-- \/ Yoast SEO plugin. -->","yoast_head_json":{"title":"Questo \u00e8 stato il Grest autunnale 2025 | archeoParc Schnalstal","description":"Die Kinderwerkwoche, die in den Allerheiligenferien im archeoParc Schnalstal stattfand, ging dieses Jahr in die zweite Runde. Ein R\u00fcckblick.","robots":{"index":"index","follow":"follow","max-snippet":"max-snippet:-1","max-image-preview":"max-image-preview:large","max-video-preview":"max-video-preview:-1"},"canonical":"https:\/\/www.archeoparc.it\/it\/2025\/25-wewo-review\/","twitter_misc":{"Scritto da":"Johanna","Tempo di lettura stimato":"4 minuti"},"schema":{"@context":"https:\/\/schema.org","@graph":[{"@type":"Article","@id":"https:\/\/www.archeoparc.it\/it\/2025\/25-wewo-review\/#article","isPartOf":{"@id":"https:\/\/www.archeoparc.it\/it\/2025\/25-wewo-review\/"},"author":{"name":"Johanna","@id":"https:\/\/www.archeoparc.it\/#\/schema\/person\/b3065be180d841249307ecd9726611cf"},"headline":"Questo \u00e8 stato il Grest autunnale 2025","datePublished":"2025-11-03T08:56:42+00:00","dateModified":"2025-12-15T13:53:29+00:00","mainEntityOfPage":{"@id":"https:\/\/www.archeoparc.it\/it\/2025\/25-wewo-review\/"},"wordCount":141,"publisher":{"@id":"https:\/\/www.archeoparc.it\/#organization"},"image":{"@id":"https:\/\/www.archeoparc.it\/it\/2025\/25-wewo-review\/#primaryimage"},"thumbnailUrl":"https:\/\/www.archeoparc.it\/wp-content\/uploads\/archeoparc-schnalstal-25251.jpg","articleSection":["Review"],"inLanguage":"it-IT"},{"@type":"WebPage","@id":"https:\/\/www.archeoparc.it\/it\/2025\/25-wewo-review\/","url":"https:\/\/www.archeoparc.it\/it\/2025\/25-wewo-review\/","name":"Questo \u00e8 stato il Grest autunnale 2025 | archeoParc Schnalstal","isPartOf":{"@id":"https:\/\/www.archeoparc.it\/#website"},"primaryImageOfPage":{"@id":"https:\/\/www.archeoparc.it\/it\/2025\/25-wewo-review\/#primaryimage"},"image":{"@id":"https:\/\/www.archeoparc.it\/it\/2025\/25-wewo-review\/#primaryimage"},"thumbnailUrl":"https:\/\/www.archeoparc.it\/wp-content\/uploads\/archeoparc-schnalstal-25251.jpg","datePublished":"2025-11-03T08:56:42+00:00","dateModified":"2025-12-15T13:53:29+00:00","description":"Die Kinderwerkwoche, die in den Allerheiligenferien im archeoParc Schnalstal stattfand, ging dieses Jahr in die zweite Runde. Ein R\u00fcckblick.","inLanguage":"it-IT","potentialAction":[{"@type":"ReadAction","target":["https:\/\/www.archeoparc.it\/it\/2025\/25-wewo-review\/"]}]},{"@type":"ImageObject","inLanguage":"it-IT","@id":"https:\/\/www.archeoparc.it\/it\/2025\/25-wewo-review\/#primaryimage","url":"https:\/\/www.archeoparc.it\/wp-content\/uploads\/archeoparc-schnalstal-25251.jpg","contentUrl":"https:\/\/www.archeoparc.it\/wp-content\/uploads\/archeoparc-schnalstal-25251.jpg","width":816,"height":612},{"@type":"WebSite","@id":"https:\/\/www.archeoparc.it\/#website","url":"https:\/\/www.archeoparc.it\/","name":"archeoParc Schnalstal","description":"Arch\u00e4ologisches Freilichtmuseum","publisher":{"@id":"https:\/\/www.archeoparc.it\/#organization"},"potentialAction":[{"@type":"SearchAction","target":{"@type":"EntryPoint","urlTemplate":"https:\/\/www.archeoparc.it\/?s={search_term_string}"},"query-input":{"@type":"PropertyValueSpecification","valueRequired":true,"valueName":"search_term_string"}}],"inLanguage":"it-IT"},{"@type":"Organization","@id":"https:\/\/www.archeoparc.it\/#organization","name":"archeoparc Schnalstal","url":"https:\/\/www.archeoparc.it\/","logo":{"@type":"ImageObject","inLanguage":"it-IT","@id":"https:\/\/www.archeoparc.it\/#\/schema\/logo\/image\/","url":"https:\/\/www.archeoparc.it\/wp-content\/uploads\/cropped-archeoparc_logo_sw.png","contentUrl":"https:\/\/www.archeoparc.it\/wp-content\/uploads\/cropped-archeoparc_logo_sw.png","width":654,"height":211,"caption":"archeoparc Schnalstal"},"image":{"@id":"https:\/\/www.archeoparc.it\/#\/schema\/logo\/image\/"}},{"@type":"Person","@id":"https:\/\/www.archeoparc.it\/#\/schema\/person\/b3065be180d841249307ecd9726611cf","name":"Johanna","image":{"@type":"ImageObject","inLanguage":"it-IT","@id":"https:\/\/secure.gravatar.com\/avatar\/d2fea4fe845dc1970d9b7702e5120165a019feaf750a97d4e682e0db17aff987?s=96&d=mm&r=g","url":"https:\/\/secure.gravatar.com\/avatar\/d2fea4fe845dc1970d9b7702e5120165a019feaf750a97d4e682e0db17aff987?s=96&d=mm&r=g","contentUrl":"https:\/\/secure.gravatar.com\/avatar\/d2fea4fe845dc1970d9b7702e5120165a019feaf750a97d4e682e0db17aff987?s=96&d=mm&r=g","caption":"Johanna"}}]}},"_links":{"self":[{"href":"https:\/\/www.archeoparc.it\/it\/wp-json\/wp\/v2\/posts\/64820","targetHints":{"allow":["GET"]}}],"collection":[{"href":"https:\/\/www.archeoparc.it\/it\/wp-json\/wp\/v2\/posts"}],"about":[{"href":"https:\/\/www.archeoparc.it\/it\/wp-json\/wp\/v2\/types\/post"}],"author":[{"embeddable":true,"href":"https:\/\/www.archeoparc.it\/it\/wp-json\/wp\/v2\/users\/2"}],"replies":[{"embeddable":true,"href":"https:\/\/www.archeoparc.it\/it\/wp-json\/wp\/v2\/comments?post=64820"}],"version-history":[{"count":3,"href":"https:\/\/www.archeoparc.it\/it\/wp-json\/wp\/v2\/posts\/64820\/revisions"}],"predecessor-version":[{"id":64826,"href":"https:\/\/www.archeoparc.it\/it\/wp-json\/wp\/v2\/posts\/64820\/revisions\/64826"}],"wp:featuredmedia":[{"embeddable":true,"href":"https:\/\/www.archeoparc.it\/it\/wp-json\/wp\/v2\/media\/63674"}],"wp:attachment":[{"href":"https:\/\/www.archeoparc.it\/it\/wp-json\/wp\/v2\/media?parent=64820"}],"wp:term":[{"taxonomy":"category","embeddable":true,"href":"https:\/\/www.archeoparc.it\/it\/wp-json\/wp\/v2\/categories?post=64820"},{"taxonomy":"post_tag","embeddable":true,"href":"https:\/\/www.archeoparc.it\/it\/wp-json\/wp\/v2\/tags?post=64820"}],"curies":[{"name":"wp","href":"https:\/\/api.w.org\/{rel}","templated":true}]}}