{"id":66898,"date":"2026-01-23T11:33:40","date_gmt":"2026-01-23T10:33:40","guid":{"rendered":"https:\/\/www.archeoparc.it\/?p=66898"},"modified":"2026-01-26T10:22:15","modified_gmt":"2026-01-26T09:22:15","slug":"mostra-temporanea-fungi","status":"publish","type":"post","link":"https:\/\/www.archeoparc.it\/it\/2026\/mostra-temporanea-fungi\/","title":{"rendered":"&#8220;Funghi&#8221; &#8211; Intervista alle curatrici sulla mostra temporanea 2026 all\u2019archeoParc"},"content":{"rendered":"\n<p><\/p>\n\n\n\n<p class=\"has-large-font-size\">A partire dal 4 luglio 2026, l\u2019archeoParc accompagna i visitatori nell\u2019affascinante mondo dei funghi! La mostra temporanea &#8220;Funghi &#8211; la storia culturale dei funghi da \u00d6tzi ad oggi&#8221; curata dalla micologa brasiliana <a href=\"https:\/\/www.instagram.com\/marifungi\/\" target=\"_blank\" rel=\"noreferrer noopener\">Mariana Villani<\/a> e dalla direttrice del museo Johanna Niederkofler, arricchita dall\u2019installazione artistica di <a href=\"https:\/\/www.instagram.com\/jananicole_studio\/\" target=\"_blank\" rel=\"noreferrer noopener\">Jana Nicole<\/a>, unisce in modo unico scienza, storia e arte.<\/p>\n\n\n\n<p class=\"has-large-font-size\"><strong>La nascita della mostra: quando la ricerca incontra la mediazione culturale<\/strong><\/p>\n\n\n\n<p>Mariana Villani ricorda l\u2019inizio del progetto:<\/p>\n\n\n\n<p>\u00abL\u2019idea della mostra \u00e8 nata quando io e Johanna Niederkofler stavamo pianificando il mio soggiorno all\u2019archeoParc, durante il quale ho svolto la ricerca per la mia tesi di laurea magistrale. In questi incontri, Johanna ha proposto uno scambio di conoscenze intenso, che permettesse alla mia ricerca accademica di confluire direttamente nel lavoro culturale ed educativo dell\u2019archeoParc.\u00bb<\/p>\n\n\n\n<p>Fin dall\u2019inizio, l\u2019obiettivo \u00e8 stato rendere accessibile il mondo spesso trascurato dei funghi:<\/p>\n\n\n\n<p>\u00abSin dall\u2019inizio, il nostro obiettivo era presentare il mondo dei funghi al pubblico in modo comprensibile e informativo, trasmettendo il sapere in maniera coinvolgente e significativa. I funghi vengono spesso ignorati, nonostante la loro straordinaria importanza ecologica e culturale.\u00bb<\/p>\n\n\n\n<hr class=\"wp-block-separator has-alpha-channel-opacity\"\/>\n\n\n\n<p class=\"has-large-font-size\"><strong>\u00d6tzi e l\u2019importanza dei funghi<\/strong><\/p>\n\n\n\n<p>La mostra mette in luce anche la rilevanza storica e culturale dei funghi. Per Mariana Villani, il legame con \u00d6tzi \u00e8 particolarmente affascinante:<\/p>\n\n\n\n<p>\u00abI funghi hanno avuto un ruolo centrale anche nella sopravvivenza di \u00d6tzi. Li portava con s\u00e9 negli ultimi momenti della sua vita. Questo legame tra funghi, storia umana e sopravvivenza ha dato alla mostra una direzione del tutto naturale.\u00bb<\/p>\n\n\n\n<hr class=\"wp-block-separator has-alpha-channel-opacity\"\/>\n\n\n\n<p class=\"has-large-font-size\"><strong>L\u2019arte come accesso alla scienza e alla storia<\/strong><\/p>\n\n\n\n<p>La prospettiva artistica \u00e8 portata da Jana Nicole:<\/p>\n\n\n\n<p>\u00abDal punto di vista artistico, il mio obiettivo era rendere tangibili la scienza e la storia legate a \u00d6tzi attraverso lo storytelling visivo. Scienza e archeologia possono talvolta apparire intimidatorie o distanti, soprattutto per i visitatori pi\u00f9 giovani. Attraverso l\u2019arte, per\u00f2, questi temi possono diventare pi\u00f9 accessibili.\u00bb<\/p>\n\n\n\n<p>Le sue opere riprendono i funghi di \u00d6tzi e utilizzano colore, simbolismo e leggerezza:<\/p>\n\n\n\n<p>\u00abI miei lavori riprendono il fungo che \u00d6tzi portava con s\u00e9 e invitano con delicatezza i visitatori e le visitatrici a osservare pi\u00f9 da vicino. Spero che lascino l\u2019archeoParc con il desiderio di scoprire di pi\u00f9 sulla vita di \u00d6tzi, sul suo viaggio e sul rapporto speciale tra l\u2019essere umano e la natura.\u00bb<\/p>\n\n\n\n<hr class=\"wp-block-separator has-alpha-channel-opacity\"\/>\n\n\n\n<p class=\"has-large-font-size\"><strong>Il luogo: la Val Senales come ecosistema vivente<\/strong><\/p>\n\n\n\n<p>La Val Senales rappresenta il contesto ideale per la mostra. Villani spiega:<\/p>\n\n\n\n<p>\u00abLa Val Senales \u00e8 un ecosistema alpino straordinario, plasmato nel corso di millenni da ghiacciai, pascoli d\u2019alta quota, boschi e dalla tradizionale attivit\u00e0 agricola e di alpeggio. \u00c8 uno spazio in cui biodiversit\u00e0 e cultura umana sono strettamente intrecciate.\u00bb<\/p>\n\n\n\n<p>\u00ab\u00c8 la prima volta che l\u2019archeoParc dedica un\u2019intera mostra ai funghi \u2013 organismi indispensabili per gli ecosistemi alpini, ma che spesso rimangono invisibili nella tutela della natura e nei racconti culturali.\u00bb<\/p>\n\n\n\n<figure class=\"wp-block-gallery has-nested-images columns-default is-cropped wp-block-gallery-2 is-layout-flex wp-block-gallery-is-layout-flex\">\n<figure class=\"wp-block-image size-large\"><img loading=\"lazy\" decoding=\"async\" width=\"704\" height=\"939\" data-id=\"52716\" src=\"https:\/\/www.archeoparc.it\/wp-content\/uploads\/archeoparc-schnalstal-25046.jpg\" alt=\"\" class=\"wp-image-52716\" srcset=\"https:\/\/www.archeoparc.it\/wp-content\/uploads\/archeoparc-schnalstal-25046.jpg 704w, https:\/\/www.archeoparc.it\/wp-content\/uploads\/archeoparc-schnalstal-25046-225x300.jpg 225w\" sizes=\"auto, (max-width: 704px) 100vw, 704px\" \/><\/figure>\n\n\n\n<figure class=\"wp-block-image size-large\"><img loading=\"lazy\" decoding=\"async\" width=\"704\" height=\"939\" data-id=\"52704\" src=\"https:\/\/www.archeoparc.it\/wp-content\/uploads\/archeoparc-schnalstal-25042.jpg\" alt=\"Birch polypore, Piptoporus betulinus\" class=\"wp-image-52704\" srcset=\"https:\/\/www.archeoparc.it\/wp-content\/uploads\/archeoparc-schnalstal-25042.jpg 704w, https:\/\/www.archeoparc.it\/wp-content\/uploads\/archeoparc-schnalstal-25042-225x300.jpg 225w\" sizes=\"auto, (max-width: 704px) 100vw, 704px\" \/><\/figure>\n\n\n\n<figure class=\"wp-block-image size-large\"><img loading=\"lazy\" decoding=\"async\" width=\"704\" height=\"939\" data-id=\"52707\" src=\"https:\/\/www.archeoparc.it\/wp-content\/uploads\/archeoparc-schnalstal-25043.jpg\" alt=\"\" class=\"wp-image-52707\" srcset=\"https:\/\/www.archeoparc.it\/wp-content\/uploads\/archeoparc-schnalstal-25043.jpg 704w, https:\/\/www.archeoparc.it\/wp-content\/uploads\/archeoparc-schnalstal-25043-225x300.jpg 225w\" sizes=\"auto, (max-width: 704px) 100vw, 704px\" \/><\/figure>\n<\/figure>\n\n\n\n<hr class=\"wp-block-separator has-alpha-channel-opacity\"\/>\n\n\n\n<p class=\"has-large-font-size\"><strong>Struttura e contenuti della mostra<\/strong><\/p>\n\n\n\n<p>La mostra segue una linea temporale dal passato al presente fino al futuro e dedica un\u2019area specifica alle specie fungine della Val Senales:<\/p>\n\n\n\n<p>\u00abIn questo modo, in particolare i visitatori e le visitatrici locali possono conoscere meglio le specie che li accompagnano nel loro ambiente immediato e ristabilire un legame con il paesaggio vivo della valle.\u00bb<\/p>\n\n\n\n<p>Jana Nicole riassume la speciale collaborazione:<\/p>\n\n\n\n<p>\u00abSono molto felice di far parte di questa mostra e grata per l\u2019opportunit\u00e0 di contribuire con uno sguardo artistico accanto alle prospettive scientifiche e storiche.\u00bb<\/p>\n\n\n\n<p class=\"has-large-font-size\">La mostra temporanea \u201cFungi\u201d sar\u00e0 inaugurata il 4 luglio nell\u2019ambito di una vernissage. Le informazioni sulla visita all\u2019archeoParc, sugli orari di apertura e sui biglietti sono disponibili <a href=\"https:\/\/www.archeoparc.it\/it\/visita\/info-pratiche\/\">qui<\/a>.<\/p>\n\n\n\n<figure class=\"wp-block-gallery has-nested-images columns-default is-cropped wp-block-gallery-3 is-layout-flex wp-block-gallery-is-layout-flex\"><\/figure>\n","protected":false},"excerpt":{"rendered":"<p>A partire dal 4 luglio 2026, l\u2019archeoParc accompagna i visitatori nell\u2019affascinante mondo dei funghi! La mostra temporanea &#8220;Funghi &#8211; la storia culturale dei funghi da \u00d6tzi ad oggi&#8221; curata dalla [&hellip;]<\/p>\n","protected":false},"author":2,"featured_media":52713,"comment_status":"closed","ping_status":"closed","sticky":false,"template":"","format":"standard","meta":{"_acf_changed":false,"_tec_requires_first_save":true,"_EventAllDay":false,"_EventTimezone":"","_EventStartDate":"","_EventEndDate":"","_EventStartDateUTC":"","_EventEndDateUTC":"","_EventShowMap":false,"_EventShowMapLink":false,"_EventURL":"","_EventCost":"","_EventCostDescription":"","_EventCurrencySymbol":"","_EventCurrencyCode":"","_EventCurrencyPosition":"","_EventDateTimeSeparator":"","_EventTimeRangeSeparator":"","_EventOrganizerID":[],"_EventVenueID":[],"_OrganizerEmail":"","_OrganizerPhone":"","_OrganizerWebsite":"","_VenueAddress":"","_VenueCity":"","_VenueCountry":"","_VenueProvince":"","_VenueState":"","_VenueZip":"","_VenuePhone":"","_VenueURL":"","_VenueStateProvince":"","_VenueLat":"","_VenueLng":"","_VenueShowMap":false,"_VenueShowMapLink":false,"_tribe_blocks_recurrence_rules":"","_tribe_blocks_recurrence_description":"","_tribe_blocks_recurrence_exclusions":"","footnotes":""},"categories":[155],"tags":[],"class_list":["post-66898","post","type-post","status-publish","format-standard","has-post-thumbnail","hentry","category-coming-soon-it"],"acf":[],"yoast_head":"<!-- This site is optimized with the Yoast SEO plugin v27.5 - https:\/\/yoast.com\/product\/yoast-seo-wordpress\/ -->\n<title>&quot;Funghi&quot; - Intervista alle curatrici sulla mostra temporanea 2026 all\u2019archeoParc | archeoParc Schnalstal<\/title>\n<meta name=\"robots\" content=\"index, follow, max-snippet:-1, max-image-preview:large, max-video-preview:-1\" \/>\n<link rel=\"canonical\" href=\"https:\/\/www.archeoparc.it\/it\/2026\/mostra-temporanea-fungi\/\" \/>\n<meta name=\"twitter:label1\" content=\"Scritto da\" \/>\n\t<meta name=\"twitter:data1\" content=\"Johanna\" \/>\n\t<meta name=\"twitter:label2\" content=\"Tempo di lettura stimato\" \/>\n\t<meta name=\"twitter:data2\" content=\"5 minuti\" \/>\n<script type=\"application\/ld+json\" class=\"yoast-schema-graph\">{\"@context\":\"https:\\\/\\\/schema.org\",\"@graph\":[{\"@type\":\"Article\",\"@id\":\"https:\\\/\\\/www.archeoparc.it\\\/it\\\/2026\\\/mostra-temporanea-fungi\\\/#article\",\"isPartOf\":{\"@id\":\"https:\\\/\\\/www.archeoparc.it\\\/it\\\/2026\\\/mostra-temporanea-fungi\\\/\"},\"author\":{\"name\":\"Johanna\",\"@id\":\"https:\\\/\\\/www.archeoparc.it\\\/#\\\/schema\\\/person\\\/b3065be180d841249307ecd9726611cf\"},\"headline\":\"&#8220;Funghi&#8221; &#8211; Intervista alle curatrici sulla mostra temporanea 2026 all\u2019archeoParc\",\"datePublished\":\"2026-01-23T10:33:40+00:00\",\"dateModified\":\"2026-01-26T09:22:15+00:00\",\"mainEntityOfPage\":{\"@id\":\"https:\\\/\\\/www.archeoparc.it\\\/it\\\/2026\\\/mostra-temporanea-fungi\\\/\"},\"wordCount\":608,\"publisher\":{\"@id\":\"https:\\\/\\\/www.archeoparc.it\\\/#organization\"},\"image\":{\"@id\":\"https:\\\/\\\/www.archeoparc.it\\\/it\\\/2026\\\/mostra-temporanea-fungi\\\/#primaryimage\"},\"thumbnailUrl\":\"https:\\\/\\\/www.archeoparc.it\\\/wp-content\\\/uploads\\\/archeoparc-schnalstal-25045.jpg\",\"articleSection\":[\"Coming soon\"],\"inLanguage\":\"it-IT\"},{\"@type\":\"WebPage\",\"@id\":\"https:\\\/\\\/www.archeoparc.it\\\/it\\\/2026\\\/mostra-temporanea-fungi\\\/\",\"url\":\"https:\\\/\\\/www.archeoparc.it\\\/it\\\/2026\\\/mostra-temporanea-fungi\\\/\",\"name\":\"\\\"Funghi\\\" - Intervista alle curatrici sulla mostra temporanea 2026 all\u2019archeoParc | archeoParc Schnalstal\",\"isPartOf\":{\"@id\":\"https:\\\/\\\/www.archeoparc.it\\\/#website\"},\"primaryImageOfPage\":{\"@id\":\"https:\\\/\\\/www.archeoparc.it\\\/it\\\/2026\\\/mostra-temporanea-fungi\\\/#primaryimage\"},\"image\":{\"@id\":\"https:\\\/\\\/www.archeoparc.it\\\/it\\\/2026\\\/mostra-temporanea-fungi\\\/#primaryimage\"},\"thumbnailUrl\":\"https:\\\/\\\/www.archeoparc.it\\\/wp-content\\\/uploads\\\/archeoparc-schnalstal-25045.jpg\",\"datePublished\":\"2026-01-23T10:33:40+00:00\",\"dateModified\":\"2026-01-26T09:22:15+00:00\",\"inLanguage\":\"it-IT\",\"potentialAction\":[{\"@type\":\"ReadAction\",\"target\":[\"https:\\\/\\\/www.archeoparc.it\\\/it\\\/2026\\\/mostra-temporanea-fungi\\\/\"]}]},{\"@type\":\"ImageObject\",\"inLanguage\":\"it-IT\",\"@id\":\"https:\\\/\\\/www.archeoparc.it\\\/it\\\/2026\\\/mostra-temporanea-fungi\\\/#primaryimage\",\"url\":\"https:\\\/\\\/www.archeoparc.it\\\/wp-content\\\/uploads\\\/archeoparc-schnalstal-25045.jpg\",\"contentUrl\":\"https:\\\/\\\/www.archeoparc.it\\\/wp-content\\\/uploads\\\/archeoparc-schnalstal-25045.jpg\",\"width\":704,\"height\":939,\"caption\":\"Mycelial cords decomposing organic matter in the soil. These mycelial threads help fungi spread, move nutrients around,and adapt to their environment.\"},{\"@type\":\"WebSite\",\"@id\":\"https:\\\/\\\/www.archeoparc.it\\\/#website\",\"url\":\"https:\\\/\\\/www.archeoparc.it\\\/\",\"name\":\"archeoParc Schnalstal\",\"description\":\"Arch\u00e4ologisches Freilichtmuseum\",\"publisher\":{\"@id\":\"https:\\\/\\\/www.archeoparc.it\\\/#organization\"},\"potentialAction\":[{\"@type\":\"SearchAction\",\"target\":{\"@type\":\"EntryPoint\",\"urlTemplate\":\"https:\\\/\\\/www.archeoparc.it\\\/?s={search_term_string}\"},\"query-input\":{\"@type\":\"PropertyValueSpecification\",\"valueRequired\":true,\"valueName\":\"search_term_string\"}}],\"inLanguage\":\"it-IT\"},{\"@type\":\"Organization\",\"@id\":\"https:\\\/\\\/www.archeoparc.it\\\/#organization\",\"name\":\"archeoparc Schnalstal\",\"url\":\"https:\\\/\\\/www.archeoparc.it\\\/\",\"logo\":{\"@type\":\"ImageObject\",\"inLanguage\":\"it-IT\",\"@id\":\"https:\\\/\\\/www.archeoparc.it\\\/#\\\/schema\\\/logo\\\/image\\\/\",\"url\":\"https:\\\/\\\/www.archeoparc.it\\\/wp-content\\\/uploads\\\/cropped-archeoparc_logo_sw.png\",\"contentUrl\":\"https:\\\/\\\/www.archeoparc.it\\\/wp-content\\\/uploads\\\/cropped-archeoparc_logo_sw.png\",\"width\":654,\"height\":211,\"caption\":\"archeoparc Schnalstal\"},\"image\":{\"@id\":\"https:\\\/\\\/www.archeoparc.it\\\/#\\\/schema\\\/logo\\\/image\\\/\"}},{\"@type\":\"Person\",\"@id\":\"https:\\\/\\\/www.archeoparc.it\\\/#\\\/schema\\\/person\\\/b3065be180d841249307ecd9726611cf\",\"name\":\"Johanna\",\"image\":{\"@type\":\"ImageObject\",\"inLanguage\":\"it-IT\",\"@id\":\"https:\\\/\\\/secure.gravatar.com\\\/avatar\\\/d2fea4fe845dc1970d9b7702e5120165a019feaf750a97d4e682e0db17aff987?s=96&d=mm&r=g\",\"url\":\"https:\\\/\\\/secure.gravatar.com\\\/avatar\\\/d2fea4fe845dc1970d9b7702e5120165a019feaf750a97d4e682e0db17aff987?s=96&d=mm&r=g\",\"contentUrl\":\"https:\\\/\\\/secure.gravatar.com\\\/avatar\\\/d2fea4fe845dc1970d9b7702e5120165a019feaf750a97d4e682e0db17aff987?s=96&d=mm&r=g\",\"caption\":\"Johanna\"}}]}<\/script>\n<!-- \/ Yoast SEO plugin. -->","yoast_head_json":{"title":"\"Funghi\" - Intervista alle curatrici sulla mostra temporanea 2026 all\u2019archeoParc | archeoParc Schnalstal","robots":{"index":"index","follow":"follow","max-snippet":"max-snippet:-1","max-image-preview":"max-image-preview:large","max-video-preview":"max-video-preview:-1"},"canonical":"https:\/\/www.archeoparc.it\/it\/2026\/mostra-temporanea-fungi\/","twitter_misc":{"Scritto da":"Johanna","Tempo di lettura stimato":"5 minuti"},"schema":{"@context":"https:\/\/schema.org","@graph":[{"@type":"Article","@id":"https:\/\/www.archeoparc.it\/it\/2026\/mostra-temporanea-fungi\/#article","isPartOf":{"@id":"https:\/\/www.archeoparc.it\/it\/2026\/mostra-temporanea-fungi\/"},"author":{"name":"Johanna","@id":"https:\/\/www.archeoparc.it\/#\/schema\/person\/b3065be180d841249307ecd9726611cf"},"headline":"&#8220;Funghi&#8221; &#8211; Intervista alle curatrici sulla mostra temporanea 2026 all\u2019archeoParc","datePublished":"2026-01-23T10:33:40+00:00","dateModified":"2026-01-26T09:22:15+00:00","mainEntityOfPage":{"@id":"https:\/\/www.archeoparc.it\/it\/2026\/mostra-temporanea-fungi\/"},"wordCount":608,"publisher":{"@id":"https:\/\/www.archeoparc.it\/#organization"},"image":{"@id":"https:\/\/www.archeoparc.it\/it\/2026\/mostra-temporanea-fungi\/#primaryimage"},"thumbnailUrl":"https:\/\/www.archeoparc.it\/wp-content\/uploads\/archeoparc-schnalstal-25045.jpg","articleSection":["Coming soon"],"inLanguage":"it-IT"},{"@type":"WebPage","@id":"https:\/\/www.archeoparc.it\/it\/2026\/mostra-temporanea-fungi\/","url":"https:\/\/www.archeoparc.it\/it\/2026\/mostra-temporanea-fungi\/","name":"\"Funghi\" - Intervista alle curatrici sulla mostra temporanea 2026 all\u2019archeoParc | archeoParc Schnalstal","isPartOf":{"@id":"https:\/\/www.archeoparc.it\/#website"},"primaryImageOfPage":{"@id":"https:\/\/www.archeoparc.it\/it\/2026\/mostra-temporanea-fungi\/#primaryimage"},"image":{"@id":"https:\/\/www.archeoparc.it\/it\/2026\/mostra-temporanea-fungi\/#primaryimage"},"thumbnailUrl":"https:\/\/www.archeoparc.it\/wp-content\/uploads\/archeoparc-schnalstal-25045.jpg","datePublished":"2026-01-23T10:33:40+00:00","dateModified":"2026-01-26T09:22:15+00:00","inLanguage":"it-IT","potentialAction":[{"@type":"ReadAction","target":["https:\/\/www.archeoparc.it\/it\/2026\/mostra-temporanea-fungi\/"]}]},{"@type":"ImageObject","inLanguage":"it-IT","@id":"https:\/\/www.archeoparc.it\/it\/2026\/mostra-temporanea-fungi\/#primaryimage","url":"https:\/\/www.archeoparc.it\/wp-content\/uploads\/archeoparc-schnalstal-25045.jpg","contentUrl":"https:\/\/www.archeoparc.it\/wp-content\/uploads\/archeoparc-schnalstal-25045.jpg","width":704,"height":939,"caption":"Mycelial cords decomposing organic matter in the soil. These mycelial threads help fungi spread, move nutrients around,and adapt to their environment."},{"@type":"WebSite","@id":"https:\/\/www.archeoparc.it\/#website","url":"https:\/\/www.archeoparc.it\/","name":"archeoParc Schnalstal","description":"Arch\u00e4ologisches Freilichtmuseum","publisher":{"@id":"https:\/\/www.archeoparc.it\/#organization"},"potentialAction":[{"@type":"SearchAction","target":{"@type":"EntryPoint","urlTemplate":"https:\/\/www.archeoparc.it\/?s={search_term_string}"},"query-input":{"@type":"PropertyValueSpecification","valueRequired":true,"valueName":"search_term_string"}}],"inLanguage":"it-IT"},{"@type":"Organization","@id":"https:\/\/www.archeoparc.it\/#organization","name":"archeoparc Schnalstal","url":"https:\/\/www.archeoparc.it\/","logo":{"@type":"ImageObject","inLanguage":"it-IT","@id":"https:\/\/www.archeoparc.it\/#\/schema\/logo\/image\/","url":"https:\/\/www.archeoparc.it\/wp-content\/uploads\/cropped-archeoparc_logo_sw.png","contentUrl":"https:\/\/www.archeoparc.it\/wp-content\/uploads\/cropped-archeoparc_logo_sw.png","width":654,"height":211,"caption":"archeoparc Schnalstal"},"image":{"@id":"https:\/\/www.archeoparc.it\/#\/schema\/logo\/image\/"}},{"@type":"Person","@id":"https:\/\/www.archeoparc.it\/#\/schema\/person\/b3065be180d841249307ecd9726611cf","name":"Johanna","image":{"@type":"ImageObject","inLanguage":"it-IT","@id":"https:\/\/secure.gravatar.com\/avatar\/d2fea4fe845dc1970d9b7702e5120165a019feaf750a97d4e682e0db17aff987?s=96&d=mm&r=g","url":"https:\/\/secure.gravatar.com\/avatar\/d2fea4fe845dc1970d9b7702e5120165a019feaf750a97d4e682e0db17aff987?s=96&d=mm&r=g","contentUrl":"https:\/\/secure.gravatar.com\/avatar\/d2fea4fe845dc1970d9b7702e5120165a019feaf750a97d4e682e0db17aff987?s=96&d=mm&r=g","caption":"Johanna"}}]}},"_links":{"self":[{"href":"https:\/\/www.archeoparc.it\/it\/wp-json\/wp\/v2\/posts\/66898","targetHints":{"allow":["GET"]}}],"collection":[{"href":"https:\/\/www.archeoparc.it\/it\/wp-json\/wp\/v2\/posts"}],"about":[{"href":"https:\/\/www.archeoparc.it\/it\/wp-json\/wp\/v2\/types\/post"}],"author":[{"embeddable":true,"href":"https:\/\/www.archeoparc.it\/it\/wp-json\/wp\/v2\/users\/2"}],"replies":[{"embeddable":true,"href":"https:\/\/www.archeoparc.it\/it\/wp-json\/wp\/v2\/comments?post=66898"}],"version-history":[{"count":6,"href":"https:\/\/www.archeoparc.it\/it\/wp-json\/wp\/v2\/posts\/66898\/revisions"}],"predecessor-version":[{"id":67045,"href":"https:\/\/www.archeoparc.it\/it\/wp-json\/wp\/v2\/posts\/66898\/revisions\/67045"}],"wp:featuredmedia":[{"embeddable":true,"href":"https:\/\/www.archeoparc.it\/it\/wp-json\/wp\/v2\/media\/52713"}],"wp:attachment":[{"href":"https:\/\/www.archeoparc.it\/it\/wp-json\/wp\/v2\/media?parent=66898"}],"wp:term":[{"taxonomy":"category","embeddable":true,"href":"https:\/\/www.archeoparc.it\/it\/wp-json\/wp\/v2\/categories?post=66898"},{"taxonomy":"post_tag","embeddable":true,"href":"https:\/\/www.archeoparc.it\/it\/wp-json\/wp\/v2\/tags?post=66898"}],"curies":[{"name":"wp","href":"https:\/\/api.w.org\/{rel}","templated":true}]}}