{"id":7785,"date":"2016-07-11T09:35:09","date_gmt":"2016-07-11T07:35:09","guid":{"rendered":"http:\/\/www.archeoparc.it\/it\/7419\/"},"modified":"2016-08-18T10:30:46","modified_gmt":"2016-08-18T08:30:46","slug":"7419","status":"publish","type":"post","link":"https:\/\/www.archeoparc.it\/it\/2016\/7419\/","title":{"rendered":"vernissage-ausstellung-2016"},"content":{"rendered":"<h2>Inaugurazione \u201eLa casa di \u00d6tzi\u201c<\/h2>\n<p>Ieri \u00e8 stata inaugurata la mostra temporanea \u201cLa casa di \u00d6tzi \u2013 La ricostruzione di una casa preistorica\u201d. La mostra \u00e8 frutto della collaborazione tra l\u2019archeologa lombarda Raffaella Poggiani, l\u2019archeotecnico tedesco Wulf Hein, i fotografi venostani Gianni Bodini e Fritz G\u00f6tsch, e la direttrice dell\u2019archeoParc Johanna Niederkofler. Documenta la ricostruzione dell\u2019edificio A dello scavo di Brescia-San Polo nella nuova area all\u2019aperto dell\u2019archeoParc e riporta testimonianze di persone che costruiscono e abitano case fatte degli stessi materiali di 5000 anni fa.<\/p>\n<div data-carousel-extra='{\"blog_id\":1,\"permalink\":\"https:\\\/\\\/www.archeoparc.it\\\/it\\\/2016\\\/7419\\\/\"}' class=\"tiled-gallery type-square\" data-original-width=\"500\"><div class=\"tiled-gallery-item\"><a border=\"0\" href=\"https:\/\/www.archeoparc.it\/it\/?attachment_id=14929\"><img decoding=\"async\" data-attachment-id=\"14929\" data-orig-file=\"https:\/\/www.archeoparc.it\/wp-content\/uploads\/archeoparc-schnalstal-16562.jpg\" data-orig-size=\"1200,801\" data-comments-opened=\"0\" data-image-meta=\"{&quot;aperture&quot;:&quot;4&quot;,&quot;credit&quot;:&quot;www.archeoparc.it&quot;,&quot;camera&quot;:&quot;NIKON D750&quot;,&quot;caption&quot;:&quot;&quot;,&quot;created_timestamp&quot;:&quot;1468146367&quot;,&quot;copyright&quot;:&quot;archeoParc Schnalstal, photo: Gianni Bodini&quot;,&quot;focal_length&quot;:&quot;24&quot;,&quot;iso&quot;:&quot;560&quot;,&quot;shutter_speed&quot;:&quot;0.0166666666667&quot;,&quot;title&quot;:&quot;Museumsvereinspr\\u00e4sidentin Sonja Santer begr\\u00fc\\u00dft die G\\u00e4ste bei der Er\\u00f6ffnung der Ausstellung \\u0084Ein Haus wie damals\\u0093&lt;br \\\/&gt;Saluto di benvenuto da parte della presidente dell\\u0092associazione museale Sonja Santer in occasione dell\\u0091inaugurazione della mostra \\u0084La casa di \\u00d6tzi\\u0093&lt;br \\\/&gt; Opening ceremony of the archeoparc exhibition on reconstructing a Bell-Baker Culture house&lt;br \\\/&gt;&lt;br \\\/&gt;f.l.t.r. Sonja Santer, Raffaella Poggiani, Johanna Niederkofler, Gianni Bodini, Karl Josef Rainer, Wulf Hein&lt;br \\\/&gt;July 2016&quot;,&quot;orientation&quot;:&quot;1&quot;}\" data-image-title=\"Museumsvereinspr\u00e4sidentin Sonja Santer begr\u00fc\u00dft die G\u00e4ste bei der Er\u00f6ffnung der Ausstellung \u0084Ein Haus wie damals\u0093&lt;br \/&gt;Saluto di benvenuto da parte della presidente dell\u0092associazione museale Sonja Santer in occasione dell\u0091inaugurazione della mostra \u0084La casa di \u00d6tzi\u0093&lt;br \/&gt; Opening ceremony of the archeoparc exhibition on reconstructing a Bell-Baker Culture house&lt;br \/&gt;&lt;br \/&gt;f.l.t.r. Sonja Santer, Raffaella Poggiani, Johanna Niederkofler, Gianni Bodini, Karl Josef Rainer, Wulf Hein&lt;br \/&gt;July 2016\" data-image-description=\"&lt;p&gt;www.archeoparc.it&lt;\/p&gt;\n\" data-medium-file=\"https:\/\/www.archeoparc.it\/wp-content\/uploads\/archeoparc-schnalstal-16562-300x200.jpg\" data-large-file=\"https:\/\/www.archeoparc.it\/wp-content\/uploads\/archeoparc-schnalstal-16562-1024x684.jpg\" style=\"margin: 2px\" src=\"https:\/\/www.archeoparc.it\/wp-content\/uploads\/archeoparc-schnalstal-16562-494x494.jpg\" width=494 height=494 title=\"Museumsvereinspr\u00e4sidentin Sonja Santer begr\u00fc\u00dft die G\u00e4ste bei der Er\u00f6ffnung der Ausstellung \u0084Ein Haus wie damals\u0093&lt;br \/&gt;Saluto di benvenuto da parte della presidente dell\u0092associazione museale Sonja Santer in occasione dell\u0091inaugurazione della mostra \u0084La casa di \u00d6tzi\u0093&lt;br \/&gt; Opening ceremony of the archeoparc exhibition on reconstructing a Bell-Baker Culture house&lt;br \/&gt;&lt;br \/&gt;f.l.t.r. Sonja Santer, Raffaella Poggiani, Johanna Niederkofler, Gianni Bodini, Karl Josef Rainer, Wulf Hein&lt;br \/&gt;July 2016\" \/><\/a><div class=\"tiled-gallery-caption\">archeoParc Schnalstal, photo: Gianni Bodini<\/div><\/div><\/div>\n<div data-carousel-extra='{\"blog_id\":1,\"permalink\":\"https:\\\/\\\/www.archeoparc.it\\\/it\\\/2016\\\/7419\\\/\"}' class=\"tiled-gallery type-rectangular\" data-original-width=\"500\"><div class=\"gallery-row\" style=\"width: 495px; height: 224px;\"><div class=\"gallery-group images-1\" style=\"width: 340px; height: 228px;\"><div class=\"tiled-gallery-item tiled-gallery-item-large\"><a href=\"https:\/\/www.archeoparc.it\/it\/?attachment_id=14931\"><img loading=\"lazy\" decoding=\"async\" data-attachment-id=\"14931\" data-orig-file=\"https:\/\/www.archeoparc.it\/wp-content\/uploads\/archeoparc-schnalstal-16563.jpg\" data-orig-size=\"1200,801\" data-comments-opened=\"0\" data-image-meta=\"{&quot;aperture&quot;:&quot;4.5&quot;,&quot;credit&quot;:&quot;www.archeoparc.it&quot;,&quot;camera&quot;:&quot;NIKON D750&quot;,&quot;caption&quot;:&quot;&quot;,&quot;created_timestamp&quot;:&quot;1468146450&quot;,&quot;copyright&quot;:&quot;archeoParc Schnalstal, photo: Gianni Bodini&quot;,&quot;focal_length&quot;:&quot;85&quot;,&quot;iso&quot;:&quot;900&quot;,&quot;shutter_speed&quot;:&quot;0.0166666666667&quot;,&quot;title&quot;:&quot;Er\\u00f6ffnung der Ausstellung \\u0084Ein Haus wie damals. Bauen mit Holz, Lehm und Reet seit 5.000 Jahren\\u0093&lt;br \\\/&gt;Inaugurazione della mostra \\u0084La casa di \\u00d6tzi. Ricostruzione di una capanna preistorica\\u0093&lt;br \\\/&gt; Opening ceremony of the archeoparc exhibition on reconstructing a Bell-Baker Culture house&lt;br \\\/&gt;&lt;br \\\/&gt;f.l.t.r. Sonja Santer, Raffaella Poggiani, Johanna Niederkofler, Gianni Bodini &lt;br \\\/&gt;July 2016&quot;,&quot;orientation&quot;:&quot;1&quot;}\" data-image-title=\"Er\u00f6ffnung der Ausstellung \u0084Ein Haus wie damals. Bauen mit Holz, Lehm und Reet seit 5.000 Jahren\u0093&lt;br \/&gt;Inaugurazione della mostra \u0084La casa di \u00d6tzi. Ricostruzione di una capanna preistorica\u0093&lt;br \/&gt; Opening ceremony of the archeoparc exhibition on reconstructing a Bell-Baker Culture house&lt;br \/&gt;&lt;br \/&gt;f.l.t.r. Sonja Santer, Raffaella Poggiani, Johanna Niederkofler, Gianni Bodini &lt;br \/&gt;July 2016\" data-image-description=\"&lt;p&gt;www.archeoparc.it&lt;\/p&gt;\n\" data-medium-file=\"https:\/\/www.archeoparc.it\/wp-content\/uploads\/archeoparc-schnalstal-16563-300x200.jpg\" data-large-file=\"https:\/\/www.archeoparc.it\/wp-content\/uploads\/archeoparc-schnalstal-16563-1024x684.jpg\" src=\"https:\/\/www.archeoparc.it\/wp-content\/uploads\/archeoparc-schnalstal-16563-336x224.jpg\" width=\"336\" height=\"224\" align=\"left\" title=\"Er\u00f6ffnung der Ausstellung \u0084Ein Haus wie damals. Bauen mit Holz, Lehm und Reet seit 5.000 Jahren\u0093&lt;br \/&gt;Inaugurazione della mostra \u0084La casa di \u00d6tzi. Ricostruzione di una capanna preistorica\u0093&lt;br \/&gt; Opening ceremony of the archeoparc exhibition on reconstructing a Bell-Baker Culture house&lt;br \/&gt;&lt;br \/&gt;f.l.t.r. Sonja Santer, Raffaella Poggiani, Johanna Niederkofler, Gianni Bodini &lt;br \/&gt;July 2016\" \/><\/a><div class=\"tiled-gallery-caption\">archeoParc Schnalstal, photo: Gianni Bodini<\/div><\/div><\/div><div class=\"gallery-group images-2\" style=\"width: 155px; height: 228px;\"><div class=\"tiled-gallery-item tiled-gallery-item-small\"><a href=\"https:\/\/www.archeoparc.it\/it\/?attachment_id=14933\"><img loading=\"lazy\" decoding=\"async\" data-attachment-id=\"14933\" data-orig-file=\"https:\/\/www.archeoparc.it\/wp-content\/uploads\/archeoparc-schnalstal-16564.jpg\" data-orig-size=\"1200,801\" data-comments-opened=\"0\" data-image-meta=\"{&quot;aperture&quot;:&quot;4.5&quot;,&quot;credit&quot;:&quot;www.archeoparc.it&quot;,&quot;camera&quot;:&quot;NIKON D750&quot;,&quot;caption&quot;:&quot;&quot;,&quot;created_timestamp&quot;:&quot;1468148253&quot;,&quot;copyright&quot;:&quot;archeoParc Schnalstal, photo: Gianni Bodini&quot;,&quot;focal_length&quot;:&quot;70&quot;,&quot;iso&quot;:&quot;720&quot;,&quot;shutter_speed&quot;:&quot;0.0166666666667&quot;,&quot;title&quot;:&quot;Er\\u00f6ffnung der Ausstellung \\u0084Ein Haus wie damals. Bauen mit Holz, Lehm und Reet seit 5.000 Jahren\\u0093&lt;br \\\/&gt;Inaugurazione della mostra \\u0084La casa di \\u00d6tzi. Ricostruzione di una capanna preistorica\\u0093&lt;br \\\/&gt; Opening ceremony of the archeoparc exhibition on reconstructing a Bell-Baker Culture house&lt;br \\\/&gt;&lt;br \\\/&gt;f.l.t.r. Siegmar Gamper, Cristina Longhi, Vera Bauer, Raffaella Poggiani, Johanna Niederkofler, Alexander Bauer, Nicola Degasperi&lt;br \\\/&gt;July 2016&quot;,&quot;orientation&quot;:&quot;1&quot;}\" data-image-title=\"Er\u00f6ffnung der Ausstellung \u0084Ein Haus wie damals. Bauen mit Holz, Lehm und Reet seit 5.000 Jahren\u0093&lt;br \/&gt;Inaugurazione della mostra \u0084La casa di \u00d6tzi. Ricostruzione di una capanna preistorica\u0093&lt;br \/&gt; Opening ceremony of the archeoparc exhibition on reconstructing a Bell-Baker Culture house&lt;br \/&gt;&lt;br \/&gt;f.l.t.r. Siegmar Gamper, Cristina Longhi, Vera Bauer, Raffaella Poggiani, Johanna Niederkofler, Alexander Bauer, Nicola Degasperi&lt;br \/&gt;July 2016\" data-image-description=\"&lt;p&gt;www.archeoparc.it&lt;\/p&gt;\n\" data-medium-file=\"https:\/\/www.archeoparc.it\/wp-content\/uploads\/archeoparc-schnalstal-16564-300x200.jpg\" data-large-file=\"https:\/\/www.archeoparc.it\/wp-content\/uploads\/archeoparc-schnalstal-16564-1024x684.jpg\" src=\"https:\/\/www.archeoparc.it\/wp-content\/uploads\/archeoparc-schnalstal-16564-151x100.jpg\" width=\"151\" height=\"100\" align=\"left\" title=\"Er\u00f6ffnung der Ausstellung \u0084Ein Haus wie damals. Bauen mit Holz, Lehm und Reet seit 5.000 Jahren\u0093&lt;br \/&gt;Inaugurazione della mostra \u0084La casa di \u00d6tzi. Ricostruzione di una capanna preistorica\u0093&lt;br \/&gt; Opening ceremony of the archeoparc exhibition on reconstructing a Bell-Baker Culture house&lt;br \/&gt;&lt;br \/&gt;f.l.t.r. Siegmar Gamper, Cristina Longhi, Vera Bauer, Raffaella Poggiani, Johanna Niederkofler, Alexander Bauer, Nicola Degasperi&lt;br \/&gt;July 2016\" \/><\/a><div class=\"tiled-gallery-caption\">archeoParc Schnalstal, photo: Gianni Bodini<\/div><\/div><div class=\"tiled-gallery-item tiled-gallery-item-small\"><a href=\"https:\/\/www.archeoparc.it\/it\/?attachment_id=14941\"><img loading=\"lazy\" decoding=\"async\" data-attachment-id=\"14941\" data-orig-file=\"https:\/\/www.archeoparc.it\/wp-content\/uploads\/archeoparc-schnalstal-16568.jpg\" data-orig-size=\"1200,953\" data-comments-opened=\"0\" data-image-meta=\"{&quot;aperture&quot;:&quot;4.5&quot;,&quot;credit&quot;:&quot;www.archeoparc.it&quot;,&quot;camera&quot;:&quot;NIKON D750&quot;,&quot;caption&quot;:&quot;&quot;,&quot;created_timestamp&quot;:&quot;1468148364&quot;,&quot;copyright&quot;:&quot;archeoParc Schnalstal, photo: Gianni Bodini&quot;,&quot;focal_length&quot;:&quot;80&quot;,&quot;iso&quot;:&quot;1250&quot;,&quot;shutter_speed&quot;:&quot;0.0166666666667&quot;,&quot;title&quot;:&quot;Blumen f\\u00fcr das archeoParc-Team bei der Er\\u00f6ffnung der Ausstellung \\u0084Ein Haus wie damals\\u0093 &lt;br \\\/&gt;Fiori per lo staff dell\\u0092archeoParc in occasione dell\\u0092inaugurazione della mostra \\u0084La casa di \\u00d6tzi\\u0093&lt;br \\\/&gt;archeoParc director Johanna Niederkofler thanking for the expertise of the managing committee of the exhibition and her staff&lt;br \\\/&gt;&lt;br \\\/&gt;f.l.t.r. Raffaella Poggiani, Johanna Niederkofler&lt;br \\\/&gt;July 2016&quot;,&quot;orientation&quot;:&quot;1&quot;}\" data-image-title=\"Blumen f\u00fcr das archeoParc-Team bei der Er\u00f6ffnung der Ausstellung \u0084Ein Haus wie damals\u0093 &lt;br \/&gt;Fiori per lo staff dell\u0092archeoParc in occasione dell\u0092inaugurazione della mostra \u0084La casa di \u00d6tzi\u0093&lt;br \/&gt;archeoParc director Johanna Niederkofler thanking for the expertise of the managing committee of the exhibition and her staff&lt;br \/&gt;&lt;br \/&gt;f.l.t.r. Raffaella Poggiani, Johanna Niederkofler&lt;br \/&gt;July 2016\" data-image-description=\"&lt;p&gt;www.archeoparc.it&lt;\/p&gt;\n\" data-medium-file=\"https:\/\/www.archeoparc.it\/wp-content\/uploads\/archeoparc-schnalstal-16568-300x238.jpg\" data-large-file=\"https:\/\/www.archeoparc.it\/wp-content\/uploads\/archeoparc-schnalstal-16568-1024x813.jpg\" src=\"https:\/\/www.archeoparc.it\/wp-content\/uploads\/archeoparc-schnalstal-16568-151x120.jpg\" width=\"151\" height=\"120\" align=\"left\" title=\"Blumen f\u00fcr das archeoParc-Team bei der Er\u00f6ffnung der Ausstellung \u0084Ein Haus wie damals\u0093 &lt;br \/&gt;Fiori per lo staff dell\u0092archeoParc in occasione dell\u0092inaugurazione della mostra \u0084La casa di \u00d6tzi\u0093&lt;br \/&gt;archeoParc director Johanna Niederkofler thanking for the expertise of the managing committee of the exhibition and her staff&lt;br \/&gt;&lt;br \/&gt;f.l.t.r. Raffaella Poggiani, Johanna Niederkofler&lt;br \/&gt;July 2016\" \/><\/a><div class=\"tiled-gallery-caption\">archeoParc Schnalstal, photo: Gianni Bodini<\/div><\/div><\/div><\/div><div class=\"gallery-row\" style=\"width: 495px; height: 223px;\"><div class=\"gallery-group images-2\" style=\"width: 158px; height: 227px;\"><div class=\"tiled-gallery-item tiled-gallery-item-small\"><a href=\"https:\/\/www.archeoparc.it\/it\/?attachment_id=14939\"><img loading=\"lazy\" decoding=\"async\" data-attachment-id=\"14939\" data-orig-file=\"https:\/\/www.archeoparc.it\/wp-content\/uploads\/archeoparc-schnalstal-16567.jpg\" data-orig-size=\"1200,907\" data-comments-opened=\"0\" data-image-meta=\"{&quot;aperture&quot;:&quot;4&quot;,&quot;credit&quot;:&quot;www.archeoparc.it&quot;,&quot;camera&quot;:&quot;NIKON D750&quot;,&quot;caption&quot;:&quot;&quot;,&quot;created_timestamp&quot;:&quot;1468148226&quot;,&quot;copyright&quot;:&quot;archeoParc Schnalstal, photo: Gianni Bodini&quot;,&quot;focal_length&quot;:&quot;24&quot;,&quot;iso&quot;:&quot;720&quot;,&quot;shutter_speed&quot;:&quot;0.0166666666667&quot;,&quot;title&quot;:&quot;Er\\u00f6ffnung der Ausstellung \\u0084Ein Haus wie damals. Bauen mit Holz, Lehm und Reet seit 5.000 Jahren\\u0093&lt;br \\\/&gt;Inaugurazione della mostra \\u0084La casa di \\u00d6tzi. Ricostruzione di una capanna preistorica\\u0093&lt;br \\\/&gt; Opening ceremony of the archeoparc exhibition on reconstructing a Bell-Baker Culture house&lt;br \\\/&gt;&lt;br \\\/&gt;f.l.t.r. Siegmar Gamper, Cristina Longhi, Luisa Tentonello&lt;br \\\/&gt;July 2016&quot;,&quot;orientation&quot;:&quot;1&quot;}\" data-image-title=\"Er\u00f6ffnung der Ausstellung \u0084Ein Haus wie damals. Bauen mit Holz, Lehm und Reet seit 5.000 Jahren\u0093&lt;br \/&gt;Inaugurazione della mostra \u0084La casa di \u00d6tzi. Ricostruzione di una capanna preistorica\u0093&lt;br \/&gt; Opening ceremony of the archeoparc exhibition on reconstructing a Bell-Baker Culture house&lt;br \/&gt;&lt;br \/&gt;f.l.t.r. Siegmar Gamper, Cristina Longhi, Luisa Tentonello&lt;br \/&gt;July 2016\" data-image-description=\"&lt;p&gt;www.archeoparc.it&lt;\/p&gt;\n\" data-medium-file=\"https:\/\/www.archeoparc.it\/wp-content\/uploads\/archeoparc-schnalstal-16567-300x227.jpg\" data-large-file=\"https:\/\/www.archeoparc.it\/wp-content\/uploads\/archeoparc-schnalstal-16567-1024x774.jpg\" src=\"https:\/\/www.archeoparc.it\/wp-content\/uploads\/archeoparc-schnalstal-16567-154x116.jpg\" width=\"154\" height=\"116\" align=\"left\" title=\"Er\u00f6ffnung der Ausstellung \u0084Ein Haus wie damals. Bauen mit Holz, Lehm und Reet seit 5.000 Jahren\u0093&lt;br \/&gt;Inaugurazione della mostra \u0084La casa di \u00d6tzi. Ricostruzione di una capanna preistorica\u0093&lt;br \/&gt; Opening ceremony of the archeoparc exhibition on reconstructing a Bell-Baker Culture house&lt;br \/&gt;&lt;br \/&gt;f.l.t.r. Siegmar Gamper, Cristina Longhi, Luisa Tentonello&lt;br \/&gt;July 2016\" \/><\/a><div class=\"tiled-gallery-caption\">archeoParc Schnalstal, photo: Gianni Bodini<\/div><\/div><div class=\"tiled-gallery-item tiled-gallery-item-small\"><a href=\"https:\/\/www.archeoparc.it\/it\/?attachment_id=14943\"><img loading=\"lazy\" decoding=\"async\" data-attachment-id=\"14943\" data-orig-file=\"https:\/\/www.archeoparc.it\/wp-content\/uploads\/archeoparc-schnalstal-16550.jpg\" data-orig-size=\"1200,803\" data-comments-opened=\"0\" data-image-meta=\"{&quot;aperture&quot;:&quot;8&quot;,&quot;credit&quot;:&quot;www.archeoparc.it&quot;,&quot;camera&quot;:&quot;NIKON D200&quot;,&quot;caption&quot;:&quot;&quot;,&quot;created_timestamp&quot;:&quot;1468154220&quot;,&quot;copyright&quot;:&quot;archeoParc Schnalstal, photo: Gianni Bodini&quot;,&quot;focal_length&quot;:&quot;24&quot;,&quot;iso&quot;:&quot;100&quot;,&quot;shutter_speed&quot;:&quot;0.004&quot;,&quot;title&quot;:&quot;F\\u00fchrung auf der Freilichtbereich-Baustelle mit Johanna Niederkofler&lt;br \\\/&gt;Visita guidata sul cantiere della nuova zona all\\u0092aperto dell\\u0092archeoParc con Johanna Niederkofler&lt;br \\\/&gt;Visit to the construction site with Johanna Niederkofler&lt;br \\\/&gt;&lt;br \\\/&gt;July 2016&quot;,&quot;orientation&quot;:&quot;1&quot;}\" data-image-title=\"F\u00fchrung auf der Freilichtbereich-Baustelle mit Johanna Niederkofler&lt;br \/&gt;Visita guidata sul cantiere della nuova zona all\u0092aperto dell\u0092archeoParc con Johanna Niederkofler&lt;br \/&gt;Visit to the construction site with Johanna Niederkofler&lt;br \/&gt;&lt;br \/&gt;July 2016\" data-image-description=\"&lt;p&gt;www.archeoparc.it&lt;\/p&gt;\n\" data-medium-file=\"https:\/\/www.archeoparc.it\/wp-content\/uploads\/archeoparc-schnalstal-16550-300x201.jpg\" data-large-file=\"https:\/\/www.archeoparc.it\/wp-content\/uploads\/archeoparc-schnalstal-16550-1024x685.jpg\" src=\"https:\/\/www.archeoparc.it\/wp-content\/uploads\/archeoparc-schnalstal-16550-154x103.jpg\" width=\"154\" height=\"103\" align=\"left\" title=\"F\u00fchrung auf der Freilichtbereich-Baustelle mit Johanna Niederkofler&lt;br \/&gt;Visita guidata sul cantiere della nuova zona all\u0092aperto dell\u0092archeoParc con Johanna Niederkofler&lt;br \/&gt;Visit to the construction site with Johanna Niederkofler&lt;br \/&gt;&lt;br \/&gt;July 2016\" \/><\/a><div class=\"tiled-gallery-caption\">archeoParc Schnalstal, photo: Gianni Bodini<\/div><\/div><\/div><div class=\"gallery-group images-1\" style=\"width: 337px; height: 227px;\"><div class=\"tiled-gallery-item tiled-gallery-item-large\"><a href=\"https:\/\/www.archeoparc.it\/it\/?attachment_id=14951\"><img loading=\"lazy\" decoding=\"async\" data-attachment-id=\"14951\" data-orig-file=\"https:\/\/www.archeoparc.it\/wp-content\/uploads\/archeoparc-schnalstal-16554.jpg\" data-orig-size=\"1200,803\" data-comments-opened=\"0\" data-image-meta=\"{&quot;aperture&quot;:&quot;8&quot;,&quot;credit&quot;:&quot;www.archeoparc.it&quot;,&quot;camera&quot;:&quot;NIKON D200&quot;,&quot;caption&quot;:&quot;&quot;,&quot;created_timestamp&quot;:&quot;1468156312&quot;,&quot;copyright&quot;:&quot;archeoParc Schnalstal, photo: Gianni Bodini&quot;,&quot;focal_length&quot;:&quot;18&quot;,&quot;iso&quot;:&quot;100&quot;,&quot;shutter_speed&quot;:&quot;0.004&quot;,&quot;title&quot;:&quot;F\\u00fchrung auf der Baustelle des neuen Areals im archeoParc-Freilichtbereich mit Arch\\u00e4otechniker Wulf Hein und Johanna Niederkofler&lt;br \\\/&gt;Visita guidata sul cantiere con l\\u0092archeotecnico Wulf Hein e Johanna Niederkofler&lt;br \\\/&gt;Visit to the construction site with Wulf Hein, expert in reconstruction archeology, and Johanna Niederkofler&lt;br \\\/&gt;&lt;br \\\/&gt;July 2016&quot;,&quot;orientation&quot;:&quot;1&quot;}\" data-image-title=\"F\u00fchrung auf der Baustelle des neuen Areals im archeoParc-Freilichtbereich mit Arch\u00e4otechniker Wulf Hein und Johanna Niederkofler&lt;br \/&gt;Visita guidata sul cantiere con l\u0092archeotecnico Wulf Hein e Johanna Niederkofler&lt;br \/&gt;Visit to the construction site with Wulf Hein, expert in reconstruction archeology, and Johanna Niederkofler&lt;br \/&gt;&lt;br \/&gt;July 2016\" data-image-description=\"&lt;p&gt;www.archeoparc.it&lt;\/p&gt;\n\" data-medium-file=\"https:\/\/www.archeoparc.it\/wp-content\/uploads\/archeoparc-schnalstal-16554-300x201.jpg\" data-large-file=\"https:\/\/www.archeoparc.it\/wp-content\/uploads\/archeoparc-schnalstal-16554-1024x685.jpg\" src=\"https:\/\/www.archeoparc.it\/wp-content\/uploads\/archeoparc-schnalstal-16554-333x223.jpg\" width=\"333\" height=\"223\" align=\"left\" title=\"F\u00fchrung auf der Baustelle des neuen Areals im archeoParc-Freilichtbereich mit Arch\u00e4otechniker Wulf Hein und Johanna Niederkofler&lt;br \/&gt;Visita guidata sul cantiere con l\u0092archeotecnico Wulf Hein e Johanna Niederkofler&lt;br \/&gt;Visit to the construction site with Wulf Hein, expert in reconstruction archeology, and Johanna Niederkofler&lt;br \/&gt;&lt;br \/&gt;July 2016\" \/><\/a><div class=\"tiled-gallery-caption\">archeoParc Schnalstal, photo: Gianni Bodini<\/div><\/div><\/div><\/div><div class=\"gallery-row\" style=\"width: 495px; height: 108px;\"><div class=\"gallery-group images-1\" style=\"width: 165px; height: 112px;\"><div class=\"tiled-gallery-item tiled-gallery-item-small\"><a href=\"https:\/\/www.archeoparc.it\/it\/?attachment_id=14953\"><img loading=\"lazy\" decoding=\"async\" data-attachment-id=\"14953\" data-orig-file=\"https:\/\/www.archeoparc.it\/wp-content\/uploads\/archeoparc-schnalstal-16555.jpg\" data-orig-size=\"1200,803\" data-comments-opened=\"0\" data-image-meta=\"{&quot;aperture&quot;:&quot;6.3&quot;,&quot;credit&quot;:&quot;www.archeoparc.it&quot;,&quot;camera&quot;:&quot;NIKON D200&quot;,&quot;caption&quot;:&quot;&quot;,&quot;created_timestamp&quot;:&quot;1468156364&quot;,&quot;copyright&quot;:&quot;archeoParc Schnalstal, photo: Gianni Bodini&quot;,&quot;focal_length&quot;:&quot;52&quot;,&quot;iso&quot;:&quot;100&quot;,&quot;shutter_speed&quot;:&quot;0.00625&quot;,&quot;title&quot;:&quot;Die archeoParc-Mitarbeiterin Simone Bacher zeigt beim Aktionstag anl\\u00e4sslich der Ausstellungser\\u00f6ffnung \\u0084Ein Haus wie damals\\u0093, wie man mit einer Handspindel Faden herstellt&lt;br \\\/&gt;Dimostrazione sulla filatura a mano di Simone Bacher in occasione dell\\u0092inaugurazione della mostra \\u0084La casa di \\u00d6tzi\\u0093&lt;br \\\/&gt;The museum educator Simone Bacher demonstrating ancient thred production tecniques during the opening ceremony of the photography exhibition on reconstructing a Bell-Baker Culture house at archeoParc Schnalstal&lt;br \\\/&gt;&lt;br \\\/&gt;July 2016&quot;,&quot;orientation&quot;:&quot;1&quot;}\" data-image-title=\"Die archeoParc-Mitarbeiterin Simone Bacher zeigt beim Aktionstag anl\u00e4sslich der Ausstellungser\u00f6ffnung \u0084Ein Haus wie damals\u0093, wie man mit einer Handspindel Faden herstellt&lt;br \/&gt;Dimostrazione sulla filatura a mano di Simone Bacher in occasione dell\u0092inaugurazione della mostra \u0084La casa di \u00d6tzi\u0093&lt;br \/&gt;The museum educator Simone Bacher demonstrating ancient thred production tecniques during the opening ceremony of the photography exhibition on reconstructing a Bell-Baker Culture house at archeoParc Schnalstal&lt;br \/&gt;&lt;br \/&gt;July 2016\" data-image-description=\"&lt;p&gt;www.archeoparc.it&lt;\/p&gt;\n\" data-medium-file=\"https:\/\/www.archeoparc.it\/wp-content\/uploads\/archeoparc-schnalstal-16555-300x201.jpg\" data-large-file=\"https:\/\/www.archeoparc.it\/wp-content\/uploads\/archeoparc-schnalstal-16555-1024x685.jpg\" src=\"https:\/\/www.archeoparc.it\/wp-content\/uploads\/archeoparc-schnalstal-16555-161x108.jpg\" width=\"161\" height=\"108\" align=\"left\" title=\"Die archeoParc-Mitarbeiterin Simone Bacher zeigt beim Aktionstag anl\u00e4sslich der Ausstellungser\u00f6ffnung \u0084Ein Haus wie damals\u0093, wie man mit einer Handspindel Faden herstellt&lt;br \/&gt;Dimostrazione sulla filatura a mano di Simone Bacher in occasione dell\u0092inaugurazione della mostra \u0084La casa di \u00d6tzi\u0093&lt;br \/&gt;The museum educator Simone Bacher demonstrating ancient thred production tecniques during the opening ceremony of the photography exhibition on reconstructing a Bell-Baker Culture house at archeoParc Schnalstal&lt;br \/&gt;&lt;br \/&gt;July 2016\" \/><\/a><div class=\"tiled-gallery-caption\">archeoParc Schnalstal, photo: Gianni Bodini<\/div><\/div><\/div><div class=\"gallery-group images-1\" style=\"width: 165px; height: 112px;\"><div class=\"tiled-gallery-item tiled-gallery-item-small\"><a href=\"https:\/\/www.archeoparc.it\/it\/?attachment_id=14917\"><img loading=\"lazy\" decoding=\"async\" data-attachment-id=\"14917\" data-orig-file=\"https:\/\/www.archeoparc.it\/wp-content\/uploads\/archeoparc-schnalstal-16556.jpg\" data-orig-size=\"1200,803\" data-comments-opened=\"0\" data-image-meta=\"{&quot;aperture&quot;:&quot;8&quot;,&quot;credit&quot;:&quot;www.archeoparc.it&quot;,&quot;camera&quot;:&quot;NIKON D200&quot;,&quot;caption&quot;:&quot;&quot;,&quot;created_timestamp&quot;:&quot;1468156396&quot;,&quot;copyright&quot;:&quot;archeoParc Schnalstal, photo: Gianni Bodini&quot;,&quot;focal_length&quot;:&quot;32&quot;,&quot;iso&quot;:&quot;100&quot;,&quot;shutter_speed&quot;:&quot;0.004&quot;,&quot;title&quot;:&quot;Die archeoParc-Mitarbeiterin Simone Bacher zeigt beim Aktionstag anl\\u00e4sslich der Ausstellungser\\u00f6ffnung \\u0084Ein Haus wie damals. Bauen mit Holz, Lehm und Reet seit 5.000 Jahren\\u0093, wie man mit einer Handspindel Faden herstellt&lt;br \\\/&gt;Dimostrazione sulla filatura a mano di Simone Bacher in occasione dell\\u0092inaugurazione della mostra \\u0084La casa di \\u00d6tzi\\u0093&lt;br \\\/&gt;The museum educator Simone Bacher demonstrating ancient thred production tecniques during the opening ceremony of the photography exhibition on reconstructing a Bell-Baker Culture house at archeoParc Schnalstal&lt;br \\\/&gt;&lt;br \\\/&gt;f.l.t.r. Simone Bacher, Richard Fliri, Franz and Johanna Spiegelfeld, Valeria Gr\\u00fcner&lt;br \\\/&gt;July 2016&quot;,&quot;orientation&quot;:&quot;1&quot;}\" data-image-title=\"Die archeoParc-Mitarbeiterin Simone Bacher zeigt beim Aktionstag anl\u00e4sslich der Ausstellungser\u00f6ffnung \u0084Ein Haus wie damals. Bauen mit Holz, Lehm und Reet seit 5.000 Jahren\u0093, wie man mit einer Handspindel Faden herstellt&lt;br \/&gt;Dimostrazione sulla filatura a mano di Simone Bacher in occasione dell\u0092inaugurazione della mostra \u0084La casa di \u00d6tzi\u0093&lt;br \/&gt;The museum educator Simone Bacher demonstrating ancient thred production tecniques during the opening ceremony of the photography exhibition on reconstructing a Bell-Baker Culture house at archeoParc Schnalstal&lt;br \/&gt;&lt;br \/&gt;f.l.t.r. Simone Bacher, Richard Fliri, Franz and Johanna Spiegelfeld, Valeria Gr\u00fcner&lt;br \/&gt;July 2016\" data-image-description=\"&lt;p&gt;www.archeoparc.it&lt;\/p&gt;\n\" data-medium-file=\"https:\/\/www.archeoparc.it\/wp-content\/uploads\/archeoparc-schnalstal-16556-300x201.jpg\" data-large-file=\"https:\/\/www.archeoparc.it\/wp-content\/uploads\/archeoparc-schnalstal-16556-1024x685.jpg\" src=\"https:\/\/www.archeoparc.it\/wp-content\/uploads\/archeoparc-schnalstal-16556-161x108.jpg\" width=\"161\" height=\"108\" align=\"left\" title=\"Die archeoParc-Mitarbeiterin Simone Bacher zeigt beim Aktionstag anl\u00e4sslich der Ausstellungser\u00f6ffnung \u0084Ein Haus wie damals. Bauen mit Holz, Lehm und Reet seit 5.000 Jahren\u0093, wie man mit einer Handspindel Faden herstellt&lt;br \/&gt;Dimostrazione sulla filatura a mano di Simone Bacher in occasione dell\u0092inaugurazione della mostra \u0084La casa di \u00d6tzi\u0093&lt;br \/&gt;The museum educator Simone Bacher demonstrating ancient thred production tecniques during the opening ceremony of the photography exhibition on reconstructing a Bell-Baker Culture house at archeoParc Schnalstal&lt;br \/&gt;&lt;br \/&gt;f.l.t.r. Simone Bacher, Richard Fliri, Franz and Johanna Spiegelfeld, Valeria Gr\u00fcner&lt;br \/&gt;July 2016\" \/><\/a><div class=\"tiled-gallery-caption\">archeoParc Schnalstal, photo: Gianni Bodini<\/div><\/div><\/div><div class=\"gallery-group images-1\" style=\"width: 165px; height: 112px;\"><div class=\"tiled-gallery-item tiled-gallery-item-small\"><a href=\"https:\/\/www.archeoparc.it\/it\/?attachment_id=14949\"><img loading=\"lazy\" decoding=\"async\" data-attachment-id=\"14949\" data-orig-file=\"https:\/\/www.archeoparc.it\/wp-content\/uploads\/archeoparc-schnalstal-16553.jpg\" data-orig-size=\"1200,803\" data-comments-opened=\"0\" data-image-meta=\"{&quot;aperture&quot;:&quot;7.1&quot;,&quot;credit&quot;:&quot;www.archeoparc.it&quot;,&quot;camera&quot;:&quot;NIKON D200&quot;,&quot;caption&quot;:&quot;&quot;,&quot;created_timestamp&quot;:&quot;1468155298&quot;,&quot;copyright&quot;:&quot;archeoParc Schnalstal, photo: Gianni Bodini&quot;,&quot;focal_length&quot;:&quot;130&quot;,&quot;iso&quot;:&quot;100&quot;,&quot;shutter_speed&quot;:&quot;0.00555555555556&quot;,&quot;title&quot;:&quot;Die lombardische Arch\\u00e4ologin Raffaella Poggiani bei der Er\\u00f6ffung der Ausstellung \\u0084Ein Haus wie damals\\u0093&lt;br \\\/&gt;L\\u0092archeologa Raffaella Poggiani, gi\\u00e0 soprintendente per l\\u0092archeologia della Lombardia, in occasione dell\\u0092innaugurazione della mostra \\u0084La casa di \\u00d6tzi\\u0093&lt;br \\\/&gt;The Italian archeologist Raffaella Poggiani at the opening ceremony of the photography exhibition on reconstructing a Bell-Baker Culture house at archeoParc Val Senales&lt;br \\\/&gt;&lt;br \\\/&gt;July 2016&quot;,&quot;orientation&quot;:&quot;1&quot;}\" data-image-title=\"Die lombardische Arch\u00e4ologin Raffaella Poggiani bei der Er\u00f6ffung der Ausstellung \u0084Ein Haus wie damals\u0093&lt;br \/&gt;L\u0092archeologa Raffaella Poggiani, gi\u00e0 soprintendente per l\u0092archeologia della Lombardia, in occasione dell\u0092innaugurazione della mostra \u0084La casa di \u00d6tzi\u0093&lt;br \/&gt;The Italian archeologist Raffaella Poggiani at the opening ceremony of the photography exhibition on reconstructing a Bell-Baker Culture house at archeoParc Val Senales&lt;br \/&gt;&lt;br \/&gt;July 2016\" data-image-description=\"&lt;p&gt;www.archeoparc.it&lt;\/p&gt;\n\" data-medium-file=\"https:\/\/www.archeoparc.it\/wp-content\/uploads\/archeoparc-schnalstal-16553-300x201.jpg\" data-large-file=\"https:\/\/www.archeoparc.it\/wp-content\/uploads\/archeoparc-schnalstal-16553-1024x685.jpg\" src=\"https:\/\/www.archeoparc.it\/wp-content\/uploads\/archeoparc-schnalstal-16553-161x108.jpg\" width=\"161\" height=\"108\" align=\"left\" title=\"Die lombardische Arch\u00e4ologin Raffaella Poggiani bei der Er\u00f6ffung der Ausstellung \u0084Ein Haus wie damals\u0093&lt;br \/&gt;L\u0092archeologa Raffaella Poggiani, gi\u00e0 soprintendente per l\u0092archeologia della Lombardia, in occasione dell\u0092innaugurazione della mostra \u0084La casa di \u00d6tzi\u0093&lt;br \/&gt;The Italian archeologist Raffaella Poggiani at the opening ceremony of the photography exhibition on reconstructing a Bell-Baker Culture house at archeoParc Val Senales&lt;br \/&gt;&lt;br \/&gt;July 2016\" \/><\/a><div class=\"tiled-gallery-caption\">archeoParc Schnalstal, photo: Gianni Bodini<\/div><\/div><\/div><\/div><div class=\"gallery-row\" style=\"width: 495px; height: 163px;\"><div class=\"gallery-group images-1\" style=\"width: 248px; height: 167px;\"><div class=\"tiled-gallery-item tiled-gallery-item-small\"><a href=\"https:\/\/www.archeoparc.it\/it\/?attachment_id=14947\"><img loading=\"lazy\" decoding=\"async\" data-attachment-id=\"14947\" data-orig-file=\"https:\/\/www.archeoparc.it\/wp-content\/uploads\/archeoparc-schnalstal-16552.jpg\" data-orig-size=\"1200,803\" data-comments-opened=\"0\" data-image-meta=\"{&quot;aperture&quot;:&quot;18&quot;,&quot;credit&quot;:&quot;www.archeoparc.it&quot;,&quot;camera&quot;:&quot;NIKON D200&quot;,&quot;caption&quot;:&quot;&quot;,&quot;created_timestamp&quot;:&quot;1468154460&quot;,&quot;copyright&quot;:&quot;archeoParc Schnalstal, photo: Gianni Bodini&quot;,&quot;focal_length&quot;:&quot;18&quot;,&quot;iso&quot;:&quot;100&quot;,&quot;shutter_speed&quot;:&quot;0.0222222222222&quot;,&quot;title&quot;:&quot;F\\u00fchrung auf der Baustelle mit Arch\\u00e4otechniker Wulf Hein&lt;br \\\/&gt;Visita guidata sul cantiere con l\\u0092archeotecnico Wulf Hein&lt;br \\\/&gt;Visit to the construction site with Wulf Hein, expert in reconstruction archeology&lt;br \\\/&gt;&lt;br \\\/&gt;July 2016&quot;,&quot;orientation&quot;:&quot;1&quot;}\" data-image-title=\"F\u00fchrung auf der Baustelle mit Arch\u00e4otechniker Wulf Hein&lt;br \/&gt;Visita guidata sul cantiere con l\u0092archeotecnico Wulf Hein&lt;br \/&gt;Visit to the construction site with Wulf Hein, expert in reconstruction archeology&lt;br \/&gt;&lt;br \/&gt;July 2016\" data-image-description=\"&lt;p&gt;www.archeoparc.it&lt;\/p&gt;\n\" data-medium-file=\"https:\/\/www.archeoparc.it\/wp-content\/uploads\/archeoparc-schnalstal-16552-300x201.jpg\" data-large-file=\"https:\/\/www.archeoparc.it\/wp-content\/uploads\/archeoparc-schnalstal-16552-1024x685.jpg\" src=\"https:\/\/www.archeoparc.it\/wp-content\/uploads\/archeoparc-schnalstal-16552-244x163.jpg\" width=\"244\" height=\"163\" align=\"left\" title=\"F\u00fchrung auf der Baustelle mit Arch\u00e4otechniker Wulf Hein&lt;br \/&gt;Visita guidata sul cantiere con l\u0092archeotecnico Wulf Hein&lt;br \/&gt;Visit to the construction site with Wulf Hein, expert in reconstruction archeology&lt;br \/&gt;&lt;br \/&gt;July 2016\" \/><\/a><div class=\"tiled-gallery-caption\">archeoParc Schnalstal, photo: Gianni Bodini<\/div><\/div><\/div><div class=\"gallery-group images-1\" style=\"width: 247px; height: 167px;\"><div class=\"tiled-gallery-item tiled-gallery-item-small\"><a href=\"https:\/\/www.archeoparc.it\/it\/?attachment_id=14945\"><img loading=\"lazy\" decoding=\"async\" data-attachment-id=\"14945\" data-orig-file=\"https:\/\/www.archeoparc.it\/wp-content\/uploads\/archeoparc-schnalstal-16551.jpg\" data-orig-size=\"1200,803\" data-comments-opened=\"0\" data-image-meta=\"{&quot;aperture&quot;:&quot;8&quot;,&quot;credit&quot;:&quot;www.archeoparc.it&quot;,&quot;camera&quot;:&quot;NIKON D200&quot;,&quot;caption&quot;:&quot;&quot;,&quot;created_timestamp&quot;:&quot;1468154385&quot;,&quot;copyright&quot;:&quot;archeoParc Schnalstal, photo: Gianni Bodini&quot;,&quot;focal_length&quot;:&quot;55&quot;,&quot;iso&quot;:&quot;100&quot;,&quot;shutter_speed&quot;:&quot;0.004&quot;,&quot;title&quot;:&quot;Die lombardische Arch\\u00e4ologin Raffaella Poggiani und Johanna Niederkofler bei der Er\\u00f6ffung der Ausstellung \\u0084Ein Haus wie damals\\u0093&lt;br \\\/&gt;L\\u0092archeologa Raffaella Poggiani, gi\\u00e0 soprintendente per l\\u0092archeologia della Lombardia, e Johanna Niederkofler in occasione dell\\u0092innaugurazione della mostra \\u0084La casa di \\u00d6tzi\\u0093&lt;br \\\/&gt;The Italian archeologist Raffaella Poggiani and archeoParc director Johanna Niederkofler at the opening ceremony of the photography exhibition on reconstructing a Bell-Baker Culture house at archeoParc Val Senales&lt;br \\\/&gt;&lt;br \\\/&gt;July 2016&quot;,&quot;orientation&quot;:&quot;1&quot;}\" data-image-title=\"Die lombardische Arch\u00e4ologin Raffaella Poggiani und Johanna Niederkofler bei der Er\u00f6ffung der Ausstellung \u0084Ein Haus wie damals\u0093&lt;br \/&gt;L\u0092archeologa Raffaella Poggiani, gi\u00e0 soprintendente per l\u0092archeologia della Lombardia, e Johanna Niederkofler in occasione dell\u0092innaugurazione della mostra \u0084La casa di \u00d6tzi\u0093&lt;br \/&gt;The Italian archeologist Raffaella Poggiani and archeoParc director Johanna Niederkofler at the opening ceremony of the photography exhibition on reconstructing a Bell-Baker Culture house at archeoParc Val Senales&lt;br \/&gt;&lt;br \/&gt;July 2016\" data-image-description=\"&lt;p&gt;www.archeoparc.it&lt;\/p&gt;\n\" data-medium-file=\"https:\/\/www.archeoparc.it\/wp-content\/uploads\/archeoparc-schnalstal-16551-300x201.jpg\" data-large-file=\"https:\/\/www.archeoparc.it\/wp-content\/uploads\/archeoparc-schnalstal-16551-1024x685.jpg\" src=\"https:\/\/www.archeoparc.it\/wp-content\/uploads\/archeoparc-schnalstal-16551-243x163.jpg\" width=\"243\" height=\"163\" align=\"left\" title=\"Die lombardische Arch\u00e4ologin Raffaella Poggiani und Johanna Niederkofler bei der Er\u00f6ffung der Ausstellung \u0084Ein Haus wie damals\u0093&lt;br \/&gt;L\u0092archeologa Raffaella Poggiani, gi\u00e0 soprintendente per l\u0092archeologia della Lombardia, e Johanna Niederkofler in occasione dell\u0092innaugurazione della mostra \u0084La casa di \u00d6tzi\u0093&lt;br \/&gt;The Italian archeologist Raffaella Poggiani and archeoParc director Johanna Niederkofler at the opening ceremony of the photography exhibition on reconstructing a Bell-Baker Culture house at archeoParc Val Senales&lt;br \/&gt;&lt;br \/&gt;July 2016\" \/><\/a><div class=\"tiled-gallery-caption\">archeoParc Schnalstal, photo: Gianni Bodini<\/div><\/div><\/div><\/div><div class=\"gallery-row\" style=\"width: 495px; height: 218px;\"><div class=\"gallery-group images-1\" style=\"width: 331px; height: 222px;\"><div class=\"tiled-gallery-item tiled-gallery-item-large\"><a href=\"https:\/\/www.archeoparc.it\/it\/?attachment_id=14935\"><img loading=\"lazy\" decoding=\"async\" data-attachment-id=\"14935\" data-orig-file=\"https:\/\/www.archeoparc.it\/wp-content\/uploads\/archeoparc-schnalstal-16565.jpg\" data-orig-size=\"1200,801\" data-comments-opened=\"0\" data-image-meta=\"{&quot;aperture&quot;:&quot;4.2&quot;,&quot;credit&quot;:&quot;www.archeoparc.it&quot;,&quot;camera&quot;:&quot;NIKON D750&quot;,&quot;caption&quot;:&quot;&quot;,&quot;created_timestamp&quot;:&quot;1468148803&quot;,&quot;copyright&quot;:&quot;archeoParc Schnalstal, photo: Gianni Bodini&quot;,&quot;focal_length&quot;:&quot;48&quot;,&quot;iso&quot;:&quot;720&quot;,&quot;shutter_speed&quot;:&quot;0.0166666666667&quot;,&quot;title&quot;:&quot;Er\\u00f6ffnung der Ausstellung \\u0084Ein Haus wie damals. Bauen mit Holz, Lehm und Reet seit 5.000 Jahren\\u0093&lt;br \\\/&gt;Inaugurazione della mostra \\u0084La casa di \\u00d6tzi. Ricostruzione di una capanna preistorica\\u0093&lt;br \\\/&gt; Opening ceremony of the archeoparc exhibition on reconstructing a Bell-Baker Culture house&lt;br \\\/&gt;&lt;br \\\/&gt;f.l.t.r. Anna Luisa Pedrotti, Karl Josef Rainer, Gianni Bodini &lt;br \\\/&gt;July 2016&quot;,&quot;orientation&quot;:&quot;1&quot;}\" data-image-title=\"Er\u00f6ffnung der Ausstellung \u0084Ein Haus wie damals. Bauen mit Holz, Lehm und Reet seit 5.000 Jahren\u0093&lt;br \/&gt;Inaugurazione della mostra \u0084La casa di \u00d6tzi. Ricostruzione di una capanna preistorica\u0093&lt;br \/&gt; Opening ceremony of the archeoparc exhibition on reconstructing a Bell-Baker Culture house&lt;br \/&gt;&lt;br \/&gt;f.l.t.r. Anna Luisa Pedrotti, Karl Josef Rainer, Gianni Bodini &lt;br \/&gt;July 2016\" data-image-description=\"&lt;p&gt;www.archeoparc.it&lt;\/p&gt;\n\" data-medium-file=\"https:\/\/www.archeoparc.it\/wp-content\/uploads\/archeoparc-schnalstal-16565-300x200.jpg\" data-large-file=\"https:\/\/www.archeoparc.it\/wp-content\/uploads\/archeoparc-schnalstal-16565-1024x684.jpg\" src=\"https:\/\/www.archeoparc.it\/wp-content\/uploads\/archeoparc-schnalstal-16565-327x218.jpg\" width=\"327\" height=\"218\" align=\"left\" title=\"Er\u00f6ffnung der Ausstellung \u0084Ein Haus wie damals. Bauen mit Holz, Lehm und Reet seit 5.000 Jahren\u0093&lt;br \/&gt;Inaugurazione della mostra \u0084La casa di \u00d6tzi. Ricostruzione di una capanna preistorica\u0093&lt;br \/&gt; Opening ceremony of the archeoparc exhibition on reconstructing a Bell-Baker Culture house&lt;br \/&gt;&lt;br \/&gt;f.l.t.r. Anna Luisa Pedrotti, Karl Josef Rainer, Gianni Bodini &lt;br \/&gt;July 2016\" \/><\/a><div class=\"tiled-gallery-caption\">archeoParc Schnalstal, photo: Gianni Bodini<\/div><\/div><\/div><div class=\"gallery-group images-2\" style=\"width: 164px; height: 222px;\"><div class=\"tiled-gallery-item tiled-gallery-item-small\"><a href=\"https:\/\/www.archeoparc.it\/it\/?attachment_id=14937\"><img loading=\"lazy\" decoding=\"async\" data-attachment-id=\"14937\" data-orig-file=\"https:\/\/www.archeoparc.it\/wp-content\/uploads\/archeoparc-schnalstal-16566.jpg\" data-orig-size=\"1200,801\" data-comments-opened=\"0\" data-image-meta=\"{&quot;aperture&quot;:&quot;5&quot;,&quot;credit&quot;:&quot;www.archeoparc.it&quot;,&quot;camera&quot;:&quot;NIKON D750&quot;,&quot;caption&quot;:&quot;&quot;,&quot;created_timestamp&quot;:&quot;1468149176&quot;,&quot;copyright&quot;:&quot;archeoParc Schnalstal, photo: Gianni Bodini&quot;,&quot;focal_length&quot;:&quot;24&quot;,&quot;iso&quot;:&quot;400&quot;,&quot;shutter_speed&quot;:&quot;0.01&quot;,&quot;title&quot;:&quot;Er\\u00f6ffnung der Ausstellung \\u0084Ein Haus wie damals. Bauen mit Holz, Lehm und Reet seit 5.000 Jahren\\u0093&lt;br \\\/&gt;Inaugurazione della mostra \\u0084La casa di \\u00d6tzi. Ricostruzione di una capanna preistorica\\u0093&lt;br \\\/&gt; Opening ceremony of the archeoparc exhibition on reconstructing a Bell-Baker Culture house&lt;br \\\/&gt;&lt;br \\\/&gt;July 2016&quot;,&quot;orientation&quot;:&quot;1&quot;}\" data-image-title=\"Er\u00f6ffnung der Ausstellung \u0084Ein Haus wie damals. Bauen mit Holz, Lehm und Reet seit 5.000 Jahren\u0093&lt;br \/&gt;Inaugurazione della mostra \u0084La casa di \u00d6tzi. Ricostruzione di una capanna preistorica\u0093&lt;br \/&gt; Opening ceremony of the archeoparc exhibition on reconstructing a Bell-Baker Culture house&lt;br \/&gt;&lt;br \/&gt;July 2016\" data-image-description=\"&lt;p&gt;www.archeoparc.it&lt;\/p&gt;\n\" data-medium-file=\"https:\/\/www.archeoparc.it\/wp-content\/uploads\/archeoparc-schnalstal-16566-300x200.jpg\" data-large-file=\"https:\/\/www.archeoparc.it\/wp-content\/uploads\/archeoparc-schnalstal-16566-1024x684.jpg\" src=\"https:\/\/www.archeoparc.it\/wp-content\/uploads\/archeoparc-schnalstal-16566-160x107.jpg\" width=\"160\" height=\"107\" align=\"left\" title=\"Er\u00f6ffnung der Ausstellung \u0084Ein Haus wie damals. Bauen mit Holz, Lehm und Reet seit 5.000 Jahren\u0093&lt;br \/&gt;Inaugurazione della mostra \u0084La casa di \u00d6tzi. Ricostruzione di una capanna preistorica\u0093&lt;br \/&gt; Opening ceremony of the archeoparc exhibition on reconstructing a Bell-Baker Culture house&lt;br \/&gt;&lt;br \/&gt;July 2016\" \/><\/a><div class=\"tiled-gallery-caption\">archeoParc Schnalstal, photo: Gianni Bodini<\/div><\/div><div class=\"tiled-gallery-item tiled-gallery-item-small\"><a href=\"https:\/\/www.archeoparc.it\/it\/?attachment_id=14927\"><img loading=\"lazy\" decoding=\"async\" data-attachment-id=\"14927\" data-orig-file=\"https:\/\/www.archeoparc.it\/wp-content\/uploads\/archeoparc-schnalstal-16561.jpg\" data-orig-size=\"1200,801\" data-comments-opened=\"0\" data-image-meta=\"{&quot;aperture&quot;:&quot;4.5&quot;,&quot;credit&quot;:&quot;www.archeoparc.it&quot;,&quot;camera&quot;:&quot;NIKON D750&quot;,&quot;caption&quot;:&quot;&quot;,&quot;created_timestamp&quot;:&quot;1468146288&quot;,&quot;copyright&quot;:&quot;archeoParc Schnalstal, photo: Gianni Bodini&quot;,&quot;focal_length&quot;:&quot;85&quot;,&quot;iso&quot;:&quot;800&quot;,&quot;shutter_speed&quot;:&quot;0.0166666666667&quot;,&quot;title&quot;:&quot;Er\\u00f6ffnung der Ausstellung \\u0084Ein Haus wie damals. Bauen mit Holz, Lehm und Reet seit 5.000 Jahren\\u0093&lt;br \\\/&gt;Inaugurazione della mostra \\u0084La casa di \\u00d6tzi. Ricostruzione di una capanna preistorica\\u0093&lt;br \\\/&gt; Opening ceremony of the archeoparc exhibition on reconstructing a Bell-Baker Culture house&lt;br \\\/&gt;&lt;br \\\/&gt;f.l.t.r. Sonja Santer, Raffaella Poggiani, Johanna Niederkofler, Gianni Bodini, Karl Josef Rainer&lt;br \\\/&gt;July 2016&quot;,&quot;orientation&quot;:&quot;1&quot;}\" data-image-title=\"Er\u00f6ffnung der Ausstellung \u0084Ein Haus wie damals. Bauen mit Holz, Lehm und Reet seit 5.000 Jahren\u0093&lt;br \/&gt;Inaugurazione della mostra \u0084La casa di \u00d6tzi. Ricostruzione di una capanna preistorica\u0093&lt;br \/&gt; Opening ceremony of the archeoparc exhibition on reconstructing a Bell-Baker Culture house&lt;br \/&gt;&lt;br \/&gt;f.l.t.r. Sonja Santer, Raffaella Poggiani, Johanna Niederkofler, Gianni Bodini, Karl Josef Rainer&lt;br \/&gt;July 2016\" data-image-description=\"&lt;p&gt;www.archeoparc.it&lt;\/p&gt;\n\" data-medium-file=\"https:\/\/www.archeoparc.it\/wp-content\/uploads\/archeoparc-schnalstal-16561-300x200.jpg\" data-large-file=\"https:\/\/www.archeoparc.it\/wp-content\/uploads\/archeoparc-schnalstal-16561-1024x684.jpg\" src=\"https:\/\/www.archeoparc.it\/wp-content\/uploads\/archeoparc-schnalstal-16561-160x107.jpg\" width=\"160\" height=\"107\" align=\"left\" title=\"Er\u00f6ffnung der Ausstellung \u0084Ein Haus wie damals. Bauen mit Holz, Lehm und Reet seit 5.000 Jahren\u0093&lt;br \/&gt;Inaugurazione della mostra \u0084La casa di \u00d6tzi. Ricostruzione di una capanna preistorica\u0093&lt;br \/&gt; Opening ceremony of the archeoparc exhibition on reconstructing a Bell-Baker Culture house&lt;br \/&gt;&lt;br \/&gt;f.l.t.r. Sonja Santer, Raffaella Poggiani, Johanna Niederkofler, Gianni Bodini, Karl Josef Rainer&lt;br \/&gt;July 2016\" \/><\/a><div class=\"tiled-gallery-caption\">archeoParc Schnalstal, photo: Gianni Bodini<\/div><\/div><\/div><\/div><div class=\"gallery-row\" style=\"width: 495px; height: 107px;\"><div class=\"gallery-group images-1\" style=\"width: 165px; height: 111px;\"><div class=\"tiled-gallery-item tiled-gallery-item-small\"><a href=\"https:\/\/www.archeoparc.it\/it\/?attachment_id=14925\"><img loading=\"lazy\" decoding=\"async\" data-attachment-id=\"14925\" data-orig-file=\"https:\/\/www.archeoparc.it\/wp-content\/uploads\/archeoparc-schnalstal-16560.jpg\" data-orig-size=\"1200,801\" data-comments-opened=\"0\" data-image-meta=\"{&quot;aperture&quot;:&quot;5&quot;,&quot;credit&quot;:&quot;www.archeoparc.it&quot;,&quot;camera&quot;:&quot;NIKON D750&quot;,&quot;caption&quot;:&quot;&quot;,&quot;created_timestamp&quot;:&quot;1468145157&quot;,&quot;copyright&quot;:&quot;archeoParc Schnalstal, photo: Gianni Bodini&quot;,&quot;focal_length&quot;:&quot;66&quot;,&quot;iso&quot;:&quot;400&quot;,&quot;shutter_speed&quot;:&quot;0.01&quot;,&quot;title&quot;:&quot;Er\\u00f6ffnung der Ausstellung \\u0084Ein Haus wie damals. Bauen mit Holz, Lehm und Reet seit 5.000 Jahren\\u0093&lt;br \\\/&gt;Inaugurazione della mostra \\u0084La casa di \\u00d6tzi. Ricostruzione di una capanna preistorica\\u0093&lt;br \\\/&gt; Opening ceremony of the archeoparc exhibition on reconstructing a Bell-Baker Culture house&lt;br \\\/&gt;&lt;br \\\/&gt;f.l.t.r. Sonja Santer (chairperson of the archeoParc museum association), Karl Josef Rainer (mayor of Senales municipality), Silvano Pergher&lt;br \\\/&gt;July 2016&quot;,&quot;orientation&quot;:&quot;1&quot;}\" data-image-title=\"Er\u00f6ffnung der Ausstellung \u0084Ein Haus wie damals. Bauen mit Holz, Lehm und Reet seit 5.000 Jahren\u0093&lt;br \/&gt;Inaugurazione della mostra \u0084La casa di \u00d6tzi. Ricostruzione di una capanna preistorica\u0093&lt;br \/&gt; Opening ceremony of the archeoparc exhibition on reconstructing a Bell-Baker Culture house&lt;br \/&gt;&lt;br \/&gt;f.l.t.r. Sonja Santer (chairperson of the archeoParc museum association), Karl Josef Rainer (mayor of Senales municipality), Silvano Pergher&lt;br \/&gt;July 2016\" data-image-description=\"&lt;p&gt;www.archeoparc.it&lt;\/p&gt;\n\" data-medium-file=\"https:\/\/www.archeoparc.it\/wp-content\/uploads\/archeoparc-schnalstal-16560-300x200.jpg\" data-large-file=\"https:\/\/www.archeoparc.it\/wp-content\/uploads\/archeoparc-schnalstal-16560-1024x684.jpg\" src=\"https:\/\/www.archeoparc.it\/wp-content\/uploads\/archeoparc-schnalstal-16560-161x107.jpg\" width=\"161\" height=\"107\" align=\"left\" title=\"Er\u00f6ffnung der Ausstellung \u0084Ein Haus wie damals. Bauen mit Holz, Lehm und Reet seit 5.000 Jahren\u0093&lt;br \/&gt;Inaugurazione della mostra \u0084La casa di \u00d6tzi. Ricostruzione di una capanna preistorica\u0093&lt;br \/&gt; Opening ceremony of the archeoparc exhibition on reconstructing a Bell-Baker Culture house&lt;br \/&gt;&lt;br \/&gt;f.l.t.r. Sonja Santer (chairperson of the archeoParc museum association), Karl Josef Rainer (mayor of Senales municipality), Silvano Pergher&lt;br \/&gt;July 2016\" \/><\/a><div class=\"tiled-gallery-caption\">archeoParc Schnalstal, photo: Gianni Bodini<\/div><\/div><\/div><div class=\"gallery-group images-1\" style=\"width: 165px; height: 111px;\"><div class=\"tiled-gallery-item tiled-gallery-item-small\"><a href=\"https:\/\/www.archeoparc.it\/it\/?attachment_id=14923\"><img loading=\"lazy\" decoding=\"async\" data-attachment-id=\"14923\" data-orig-file=\"https:\/\/www.archeoparc.it\/wp-content\/uploads\/archeoparc-schnalstal-16559.jpg\" data-orig-size=\"1200,801\" data-comments-opened=\"0\" data-image-meta=\"{&quot;aperture&quot;:&quot;8&quot;,&quot;credit&quot;:&quot;www.archeoparc.it&quot;,&quot;camera&quot;:&quot;NIKON D750&quot;,&quot;caption&quot;:&quot;&quot;,&quot;created_timestamp&quot;:&quot;1468145153&quot;,&quot;copyright&quot;:&quot;archeoParc Schnalstal, photo: Gianni Bodini&quot;,&quot;focal_length&quot;:&quot;55&quot;,&quot;iso&quot;:&quot;400&quot;,&quot;shutter_speed&quot;:&quot;0.004&quot;,&quot;title&quot;:&quot;Er\\u00f6ffnung der Ausstellung \\u0084Ein Haus wie damals. Bauen mit Holz, Lehm und Reet seit 5.000 Jahren\\u0093&lt;br \\\/&gt;Inaugurazione della mostra \\u0084La casa di \\u00d6tzi. Ricostruzione di una capanna preistorica\\u0093&lt;br \\\/&gt; Opening ceremony of the archeoparc exhibition on reconstructing a Bell-Baker Culture house&lt;br \\\/&gt;&lt;br \\\/&gt;f.l.t.r. Vera Bauer, Alexander Bauer, Heidi Hassler, J\\u00fcrg Hassler&lt;br \\\/&gt;July 2016&quot;,&quot;orientation&quot;:&quot;1&quot;}\" data-image-title=\"Er\u00f6ffnung der Ausstellung \u0084Ein Haus wie damals. Bauen mit Holz, Lehm und Reet seit 5.000 Jahren\u0093&lt;br \/&gt;Inaugurazione della mostra \u0084La casa di \u00d6tzi. Ricostruzione di una capanna preistorica\u0093&lt;br \/&gt; Opening ceremony of the archeoparc exhibition on reconstructing a Bell-Baker Culture house&lt;br \/&gt;&lt;br \/&gt;f.l.t.r. Vera Bauer, Alexander Bauer, Heidi Hassler, J\u00fcrg Hassler&lt;br \/&gt;July 2016\" data-image-description=\"&lt;p&gt;www.archeoparc.it&lt;\/p&gt;\n\" data-medium-file=\"https:\/\/www.archeoparc.it\/wp-content\/uploads\/archeoparc-schnalstal-16559-300x200.jpg\" data-large-file=\"https:\/\/www.archeoparc.it\/wp-content\/uploads\/archeoparc-schnalstal-16559-1024x684.jpg\" src=\"https:\/\/www.archeoparc.it\/wp-content\/uploads\/archeoparc-schnalstal-16559-161x107.jpg\" width=\"161\" height=\"107\" align=\"left\" title=\"Er\u00f6ffnung der Ausstellung \u0084Ein Haus wie damals. Bauen mit Holz, Lehm und Reet seit 5.000 Jahren\u0093&lt;br \/&gt;Inaugurazione della mostra \u0084La casa di \u00d6tzi. Ricostruzione di una capanna preistorica\u0093&lt;br \/&gt; Opening ceremony of the archeoparc exhibition on reconstructing a Bell-Baker Culture house&lt;br \/&gt;&lt;br \/&gt;f.l.t.r. Vera Bauer, Alexander Bauer, Heidi Hassler, J\u00fcrg Hassler&lt;br \/&gt;July 2016\" \/><\/a><div class=\"tiled-gallery-caption\">archeoParc Schnalstal, photo: Gianni Bodini<\/div><\/div><\/div><div class=\"gallery-group images-1\" style=\"width: 165px; height: 111px;\"><div class=\"tiled-gallery-item tiled-gallery-item-small\"><a href=\"https:\/\/www.archeoparc.it\/it\/?attachment_id=14921\"><img loading=\"lazy\" decoding=\"async\" data-attachment-id=\"14921\" data-orig-file=\"https:\/\/www.archeoparc.it\/wp-content\/uploads\/archeoparc-schnalstal-16558.jpg\" data-orig-size=\"1200,801\" data-comments-opened=\"0\" data-image-meta=\"{&quot;aperture&quot;:&quot;4.2&quot;,&quot;credit&quot;:&quot;www.archeoparc.it&quot;,&quot;camera&quot;:&quot;NIKON D750&quot;,&quot;caption&quot;:&quot;&quot;,&quot;created_timestamp&quot;:&quot;1468145061&quot;,&quot;copyright&quot;:&quot;archeoParc Schnalstal, photo: Gianni Bodini&quot;,&quot;focal_length&quot;:&quot;52&quot;,&quot;iso&quot;:&quot;2500&quot;,&quot;shutter_speed&quot;:&quot;0.0166666666667&quot;,&quot;title&quot;:&quot;Er\\u00f6ffnung der Ausstellung \\u0084Ein Haus wie damals. Bauen mit Holz, Lehm und Reet seit 5.000 Jahren\\u0093&lt;br \\\/&gt;Inaugurazione della mostra \\u0084La casa di \\u00d6tzi. Ricostruzione di una capanna preistorica\\u0093&lt;br \\\/&gt; Opening ceremony of the archeoParc exhibition on reconstructing a Bell-Baker Culture house&lt;br \\\/&gt;&lt;br \\\/&gt;f.l.t.r. Annaluisa Pedrotti, Nicola Degasperi, Raffaella Poggiani, Cristina Longhi&lt;br \\\/&gt;July 2016&quot;,&quot;orientation&quot;:&quot;1&quot;}\" data-image-title=\"Er\u00f6ffnung der Ausstellung \u0084Ein Haus wie damals. Bauen mit Holz, Lehm und Reet seit 5.000 Jahren\u0093&lt;br \/&gt;Inaugurazione della mostra \u0084La casa di \u00d6tzi. Ricostruzione di una capanna preistorica\u0093&lt;br \/&gt; Opening ceremony of the archeoParc exhibition on reconstructing a Bell-Baker Culture house&lt;br \/&gt;&lt;br \/&gt;f.l.t.r. Annaluisa Pedrotti, Nicola Degasperi, Raffaella Poggiani, Cristina Longhi&lt;br \/&gt;July 2016\" data-image-description=\"&lt;p&gt;www.archeoparc.it&lt;\/p&gt;\n\" data-medium-file=\"https:\/\/www.archeoparc.it\/wp-content\/uploads\/archeoparc-schnalstal-16558-300x200.jpg\" data-large-file=\"https:\/\/www.archeoparc.it\/wp-content\/uploads\/archeoparc-schnalstal-16558-1024x684.jpg\" src=\"https:\/\/www.archeoparc.it\/wp-content\/uploads\/archeoparc-schnalstal-16558-161x107.jpg\" width=\"161\" height=\"107\" align=\"left\" title=\"Er\u00f6ffnung der Ausstellung \u0084Ein Haus wie damals. Bauen mit Holz, Lehm und Reet seit 5.000 Jahren\u0093&lt;br \/&gt;Inaugurazione della mostra \u0084La casa di \u00d6tzi. Ricostruzione di una capanna preistorica\u0093&lt;br \/&gt; Opening ceremony of the archeoParc exhibition on reconstructing a Bell-Baker Culture house&lt;br \/&gt;&lt;br \/&gt;f.l.t.r. Annaluisa Pedrotti, Nicola Degasperi, Raffaella Poggiani, Cristina Longhi&lt;br \/&gt;July 2016\" \/><\/a><div class=\"tiled-gallery-caption\">archeoParc Schnalstal, photo: Gianni Bodini<\/div><\/div><\/div><\/div><div class=\"gallery-row\" style=\"width: 495px; height: 328px;\"><div class=\"gallery-group images-1\" style=\"width: 495px; height: 332px;\"><div class=\"tiled-gallery-item tiled-gallery-item-large\"><a href=\"https:\/\/www.archeoparc.it\/it\/?attachment_id=14919\"><img loading=\"lazy\" decoding=\"async\" data-attachment-id=\"14919\" data-orig-file=\"https:\/\/www.archeoparc.it\/wp-content\/uploads\/archeoparc-schnalstal-16557.jpg\" data-orig-size=\"1200,801\" data-comments-opened=\"0\" data-image-meta=\"{&quot;aperture&quot;:&quot;4.2&quot;,&quot;credit&quot;:&quot;www.archeoparc.it&quot;,&quot;camera&quot;:&quot;NIKON D750&quot;,&quot;caption&quot;:&quot;&quot;,&quot;created_timestamp&quot;:&quot;1468145033&quot;,&quot;copyright&quot;:&quot;archeoParc Schnalstal, photo: Gianni Bodini&quot;,&quot;focal_length&quot;:&quot;42&quot;,&quot;iso&quot;:&quot;1100&quot;,&quot;shutter_speed&quot;:&quot;0.0166666666667&quot;,&quot;title&quot;:&quot;Er\\u00f6ffnung der Ausstellung \\u0084Ein Haus wie damals. Bauen mit Holz, Lehm und Reet seit 5.000 Jahren\\u0093&lt;br \\\/&gt;Inaugurazione della mostra \\u0084La casa di \\u00d6tzi. Ricostruzione di una capanna preistorica\\u0093&lt;br \\\/&gt; Opening ceremony of the archeoparc exhibition on reconstructing a Bell-Baker Culture house&lt;br \\\/&gt;&lt;br \\\/&gt;July 2016&quot;,&quot;orientation&quot;:&quot;1&quot;}\" data-image-title=\"Er\u00f6ffnung der Ausstellung \u0084Ein Haus wie damals. Bauen mit Holz, Lehm und Reet seit 5.000 Jahren\u0093&lt;br \/&gt;Inaugurazione della mostra \u0084La casa di \u00d6tzi. Ricostruzione di una capanna preistorica\u0093&lt;br \/&gt; Opening ceremony of the archeoparc exhibition on reconstructing a Bell-Baker Culture house&lt;br \/&gt;&lt;br \/&gt;July 2016\" data-image-description=\"&lt;p&gt;www.archeoparc.it&lt;\/p&gt;\n\" data-medium-file=\"https:\/\/www.archeoparc.it\/wp-content\/uploads\/archeoparc-schnalstal-16557-300x200.jpg\" data-large-file=\"https:\/\/www.archeoparc.it\/wp-content\/uploads\/archeoparc-schnalstal-16557-1024x684.jpg\" src=\"https:\/\/www.archeoparc.it\/wp-content\/uploads\/archeoparc-schnalstal-16557-491x328.jpg\" width=\"491\" height=\"328\" align=\"left\" title=\"Er\u00f6ffnung der Ausstellung \u0084Ein Haus wie damals. Bauen mit Holz, Lehm und Reet seit 5.000 Jahren\u0093&lt;br \/&gt;Inaugurazione della mostra \u0084La casa di \u00d6tzi. Ricostruzione di una capanna preistorica\u0093&lt;br \/&gt; Opening ceremony of the archeoparc exhibition on reconstructing a Bell-Baker Culture house&lt;br \/&gt;&lt;br \/&gt;July 2016\" \/><\/a><div class=\"tiled-gallery-caption\">archeoParc Schnalstal, photo: Gianni Bodini<\/div><\/div><\/div><\/div><\/div>\n<p>Una mostra per curiosoni: abbiamo nascosto le foto di Gianni Bodini dietro una recinzione di cantiere\u2026 sbirciate e scoprite un pezzettino di mondo preistorico! La torre tattile permette di toccare con mano legno, vimini e canna palustre e le interviste a Luisa Tentonello, Richard Fliri \u00a0e Christoph e Verena Walln\u00f6fer, tutti quanti proprietari di case ecocompatibili, spiegano che materiali edili naturali sono tutt\u2019ora una valida alternativa. Ecco qualche immagine della piccola mostra:<\/p>\n<div data-carousel-extra='{\"blog_id\":1,\"permalink\":\"https:\\\/\\\/www.archeoparc.it\\\/it\\\/2016\\\/7419\\\/\"}' class=\"tiled-gallery type-square\" data-original-width=\"500\"><div class=\"tiled-gallery-item\"><a border=\"0\" href=\"https:\/\/www.archeoparc.it\/it\/chi-siamo\/mostre\/ausstellung-%c2%84ein-haus-wie-damals-bauen-mit-holz-lehm-und-reet-seit-5-000-jahren%c2%93-im-archeoparc-schnalstal-kuratiert-von-johanna-niederkoflermostra-%c2%84la-casa-di-oetzi-la-ricostruzione-2-2\/\"><img decoding=\"async\" data-attachment-id=\"15105\" data-orig-file=\"https:\/\/www.archeoparc.it\/wp-content\/uploads\/archeoparc-schnalstal-16578.jpg\" data-orig-size=\"1200,797\" data-comments-opened=\"0\" data-image-meta=\"{&quot;aperture&quot;:&quot;3.8&quot;,&quot;credit&quot;:&quot;www.archeoparc.it&quot;,&quot;camera&quot;:&quot;NIKON D90&quot;,&quot;caption&quot;:&quot;&quot;,&quot;created_timestamp&quot;:&quot;1468071492&quot;,&quot;copyright&quot;:&quot;archeoParc Schnalstal, photo: Johanna Niederkofler&quot;,&quot;focal_length&quot;:&quot;24&quot;,&quot;iso&quot;:&quot;1000&quot;,&quot;shutter_speed&quot;:&quot;0.004&quot;,&quot;title&quot;:&quot;Ausstellung \\u0084Ein Haus wie damals. Bauen mit Holz, Lehm und Reet seit 5.000 Jahren\\u0093 im archeoParc Schnalstal kuratiert von Johanna Niederkofler&lt;br \\\/&gt;Mostra \\u0084La casa di \\u00d6tzi. La ricostruzione di una capanna preistorica\\u0093 curata da Johanna Niederkofler presso l\\u0092archeoParc della val Senales &lt;br \\\/&gt;Exhibition on a Cupper Age house reconstruction and it\\u0092s building materials still used in creating modern environmentally sustainable buildings designed by Johanna Niederkofler at archeoParc Val Senales July-November 2016&quot;,&quot;orientation&quot;:&quot;1&quot;}\" data-image-title=\"Ausstellung \u0084Ein Haus wie damals. Bauen mit Holz, Lehm und Reet seit 5.000 Jahren\u0093 im archeoParc Schnalstal kuratiert von Johanna Niederkofler&lt;br \/&gt;Mostra \u0084La casa di \u00d6tzi. La ricostruzione di una capanna preistorica\u0093 curata da Johanna Niederkofler presso l\u0092archeoParc della val Senales &lt;br \/&gt;Exhibition on a Cupper Age house reconstruction and it\u0092s building materials still used in creating modern environmentally sustainable buildings designed by Johanna Niederkofler at archeoParc Val Senales July-November 2016\" data-image-description=\"&lt;p&gt;www.archeoparc.it&lt;\/p&gt;\n\" data-medium-file=\"https:\/\/www.archeoparc.it\/wp-content\/uploads\/archeoparc-schnalstal-16578-300x199.jpg\" data-large-file=\"https:\/\/www.archeoparc.it\/wp-content\/uploads\/archeoparc-schnalstal-16578-1024x680.jpg\" style=\"margin: 2px\" src=\"https:\/\/www.archeoparc.it\/wp-content\/uploads\/archeoparc-schnalstal-16578-162x162.jpg\" width=162 height=162 title=\"Ausstellung \u0084Ein Haus wie damals. Bauen mit Holz, Lehm und Reet seit 5.000 Jahren\u0093 im archeoParc Schnalstal kuratiert von Johanna Niederkofler&lt;br \/&gt;Mostra \u0084La casa di \u00d6tzi. La ricostruzione di una capanna preistorica\u0093 curata da Johanna Niederkofler presso l\u0092archeoParc della val Senales &lt;br \/&gt;Exhibition on a Cupper Age house reconstruction and it\u0092s building materials still used in creating modern environmentally sustainable buildings designed by Johanna Niederkofler at archeoParc Val Senales July-November 2016\" \/><\/a><div class=\"tiled-gallery-caption\">archeoParc Schnalstal, photo: Johanna Niederkofler<\/div><\/div><div class=\"tiled-gallery-item\"><a border=\"0\" href=\"https:\/\/www.archeoparc.it\/it\/?attachment_id=15103\"><img decoding=\"async\" data-attachment-id=\"15103\" data-orig-file=\"https:\/\/www.archeoparc.it\/wp-content\/uploads\/archeoparc-schnalstal-16577.jpg\" data-orig-size=\"1200,797\" data-comments-opened=\"0\" data-image-meta=\"{&quot;aperture&quot;:&quot;4&quot;,&quot;credit&quot;:&quot;www.archeoparc.it&quot;,&quot;camera&quot;:&quot;NIKON D90&quot;,&quot;caption&quot;:&quot;&quot;,&quot;created_timestamp&quot;:&quot;1468071421&quot;,&quot;copyright&quot;:&quot;archeoParc Schnalstal, photo: Johanna Niederkofler&quot;,&quot;focal_length&quot;:&quot;29&quot;,&quot;iso&quot;:&quot;1000&quot;,&quot;shutter_speed&quot;:&quot;0.003125&quot;,&quot;title&quot;:&quot;Ausstellung \\u0084Ein Haus wie damals. Bauen mit Holz, Lehm und Reet seit 5.000 Jahren\\u0093 im archeoParc Schnalstal kuratiert von Johanna Niederkofler&lt;br \\\/&gt;Mostra \\u0084La casa di \\u00d6tzi. La ricostruzione di una capanna preistorica\\u0093 curata da Johanna Niederkofler presso l\\u0092archeoParc della val Senales &lt;br \\\/&gt;Exhibition on a Cupper Age house reconstruction and it\\u0092s building materials still used in creating modern environmentally sustainable buildings designed by Johanna Niederkofler at archeoParc Val Senales July-November 2016&quot;,&quot;orientation&quot;:&quot;1&quot;}\" data-image-title=\"Ausstellung \u0084Ein Haus wie damals. Bauen mit Holz, Lehm und Reet seit 5.000 Jahren\u0093 im archeoParc Schnalstal kuratiert von Johanna Niederkofler&lt;br \/&gt;Mostra \u0084La casa di \u00d6tzi. La ricostruzione di una capanna preistorica\u0093 curata da Johanna Niederkofler presso l\u0092archeoParc della val Senales &lt;br \/&gt;Exhibition on a Cupper Age house reconstruction and it\u0092s building materials still used in creating modern environmentally sustainable buildings designed by Johanna Niederkofler at archeoParc Val Senales July-November 2016\" data-image-description=\"&lt;p&gt;www.archeoparc.it&lt;\/p&gt;\n\" data-medium-file=\"https:\/\/www.archeoparc.it\/wp-content\/uploads\/archeoparc-schnalstal-16577-300x199.jpg\" data-large-file=\"https:\/\/www.archeoparc.it\/wp-content\/uploads\/archeoparc-schnalstal-16577-1024x680.jpg\" style=\"margin: 2px\" src=\"https:\/\/www.archeoparc.it\/wp-content\/uploads\/archeoparc-schnalstal-16577-162x162.jpg\" width=162 height=162 title=\"Ausstellung \u0084Ein Haus wie damals. Bauen mit Holz, Lehm und Reet seit 5.000 Jahren\u0093 im archeoParc Schnalstal kuratiert von Johanna Niederkofler&lt;br \/&gt;Mostra \u0084La casa di \u00d6tzi. La ricostruzione di una capanna preistorica\u0093 curata da Johanna Niederkofler presso l\u0092archeoParc della val Senales &lt;br \/&gt;Exhibition on a Cupper Age house reconstruction and it\u0092s building materials still used in creating modern environmentally sustainable buildings designed by Johanna Niederkofler at archeoParc Val Senales July-November 2016\" \/><\/a><div class=\"tiled-gallery-caption\">archeoParc Schnalstal, photo: Johanna Niederkofler<\/div><\/div><div class=\"tiled-gallery-item\"><a border=\"0\" href=\"https:\/\/www.archeoparc.it\/it\/?attachment_id=15115\"><img decoding=\"async\" data-attachment-id=\"15115\" data-orig-file=\"https:\/\/www.archeoparc.it\/wp-content\/uploads\/archeoparc-schnalstal-16571.jpg\" data-orig-size=\"1200,797\" data-comments-opened=\"0\" data-image-meta=\"{&quot;aperture&quot;:&quot;4.8&quot;,&quot;credit&quot;:&quot;www.archeoparc.it&quot;,&quot;camera&quot;:&quot;NIKON D90&quot;,&quot;caption&quot;:&quot;&quot;,&quot;created_timestamp&quot;:&quot;1468065289&quot;,&quot;copyright&quot;:&quot;archeoParc Schnalstal, photo: Johanna Niederkofler&quot;,&quot;focal_length&quot;:&quot;56&quot;,&quot;iso&quot;:&quot;1000&quot;,&quot;shutter_speed&quot;:&quot;0.0666666666667&quot;,&quot;title&quot;:&quot;Materialtaststation in der Ausstellung \\u0084Ein Haus wie damals. Bauen mit Holz, Lehm und Reet seit 5.000 Jahren\\u0093 im archeoParc Schnalstal&lt;br \\\/&gt; Materiali edili dalla preistoria ad oggi nella mostra \\u0084La casa di \\u00d6tzi. La ricostruzione di una capanna preistorica\\u0093 presso l\\u0091archeoParc della val Senales &lt;br \\\/&gt; Hands-on experience in an Exhibition on a Cupper Age house reconstruction and it\\u0091s building materials still used in creating modern environmentally sustainable buildings at archeoParc Val Senales&lt;br \\\/&gt;&lt;br \\\/&gt;July-November 2016&quot;,&quot;orientation&quot;:&quot;1&quot;}\" data-image-title=\"Materialtaststation in der Ausstellung \u0084Ein Haus wie damals. Bauen mit Holz, Lehm und Reet seit 5.000 Jahren\u0093 im archeoParc Schnalstal&lt;br \/&gt; Materiali edili dalla preistoria ad oggi nella mostra \u0084La casa di \u00d6tzi. La ricostruzione di una capanna preistorica\u0093 presso l\u0091archeoParc della val Senales &lt;br \/&gt; Hands-on experience in an Exhibition on a Cupper Age house reconstruction and it\u0091s building materials still used in creating modern environmentally sustainable buildings at archeoParc Val Senales&lt;br \/&gt;&lt;br \/&gt;July-November 2016\" data-image-description=\"&lt;p&gt;www.archeoparc.it&lt;\/p&gt;\n\" data-medium-file=\"https:\/\/www.archeoparc.it\/wp-content\/uploads\/archeoparc-schnalstal-16571-300x199.jpg\" data-large-file=\"https:\/\/www.archeoparc.it\/wp-content\/uploads\/archeoparc-schnalstal-16571-1024x680.jpg\" style=\"margin: 2px\" src=\"https:\/\/www.archeoparc.it\/wp-content\/uploads\/archeoparc-schnalstal-16571-162x162.jpg\" width=162 height=162 title=\"Materialtaststation in der Ausstellung \u0084Ein Haus wie damals. Bauen mit Holz, Lehm und Reet seit 5.000 Jahren\u0093 im archeoParc Schnalstal&lt;br \/&gt; Materiali edili dalla preistoria ad oggi nella mostra \u0084La casa di \u00d6tzi. La ricostruzione di una capanna preistorica\u0093 presso l\u0091archeoParc della val Senales &lt;br \/&gt; Hands-on experience in an Exhibition on a Cupper Age house reconstruction and it\u0091s building materials still used in creating modern environmentally sustainable buildings at archeoParc Val Senales&lt;br \/&gt;&lt;br \/&gt;July-November 2016\" \/><\/a><div class=\"tiled-gallery-caption\">archeoParc Schnalstal, photo: Johanna Niederkofler<\/div><\/div><div class=\"tiled-gallery-item\"><a border=\"0\" href=\"https:\/\/www.archeoparc.it\/it\/chi-siamo\/mostre\/hausportraet-des-strohballenhauses-von-richard-fliri-in-langtaufers-in-der-ausstellung-%c2%84ein-haus-wie-damals-bauen-mit-holz-lehm-und-reet-seit-5-000-jahren%c2%93-im-archeoparc-schnalstalreportag-2\/\"><img decoding=\"async\" data-attachment-id=\"15113\" data-orig-file=\"https:\/\/www.archeoparc.it\/wp-content\/uploads\/archeoparc-schnalstal-16570.jpg\" data-orig-size=\"1200,797\" data-comments-opened=\"0\" data-image-meta=\"{&quot;aperture&quot;:&quot;3.8&quot;,&quot;credit&quot;:&quot;www.archeoparc.it&quot;,&quot;camera&quot;:&quot;NIKON D90&quot;,&quot;caption&quot;:&quot;&quot;,&quot;created_timestamp&quot;:&quot;1467999028&quot;,&quot;copyright&quot;:&quot;archeoParc Schnalstal, photo: Johanna Niederkofler&quot;,&quot;focal_length&quot;:&quot;26&quot;,&quot;iso&quot;:&quot;1000&quot;,&quot;shutter_speed&quot;:&quot;0.0125&quot;,&quot;title&quot;:&quot;Hausportr\\u00e4t des Strohballenhauses von Richard Fliri in Langtaufers in der Ausstellung \\u0084Ein Haus wie damals. Bauen mit Holz, Lehm und Reet seit 5.000 Jahren\\u0093 im archeoParc Schnalstal&lt;br \\\/&gt;Reportage sulla casa in balle di paglia di Richard Fliri in Vallelunga nella mostra \\u0084La casa di \\u00d6tzi. La ricostruzione di una capanna preistorica\\u0093 presso l\\u0092archeoParc della val Senales &lt;br \\\/&gt;Video portrait on the straw-bale house of Richard Fliri in a exhibition at archeoParc Val Senales&lt;br \\\/&gt;&lt;br \\\/&gt;July-November 2016&quot;,&quot;orientation&quot;:&quot;1&quot;}\" data-image-title=\"Hausportr\u00e4t des Strohballenhauses von Richard Fliri in Langtaufers in der Ausstellung \u0084Ein Haus wie damals. Bauen mit Holz, Lehm und Reet seit 5.000 Jahren\u0093 im archeoParc Schnalstal&lt;br \/&gt;Reportage sulla casa in balle di paglia di Richard Fliri in Vallelunga nella mostra \u0084La casa di \u00d6tzi. La ricostruzione di una capanna preistorica\u0093 presso l\u0092archeoParc della val Senales &lt;br \/&gt;Video portrait on the straw-bale house of Richard Fliri in a exhibition at archeoParc Val Senales&lt;br \/&gt;&lt;br \/&gt;July-November 2016\" data-image-description=\"&lt;p&gt;www.archeoparc.it&lt;\/p&gt;\n\" data-medium-file=\"https:\/\/www.archeoparc.it\/wp-content\/uploads\/archeoparc-schnalstal-16570-300x199.jpg\" data-large-file=\"https:\/\/www.archeoparc.it\/wp-content\/uploads\/archeoparc-schnalstal-16570-1024x680.jpg\" style=\"margin: 2px\" src=\"https:\/\/www.archeoparc.it\/wp-content\/uploads\/archeoparc-schnalstal-16570-162x162.jpg\" width=162 height=162 title=\"Hausportr\u00e4t des Strohballenhauses von Richard Fliri in Langtaufers in der Ausstellung \u0084Ein Haus wie damals. Bauen mit Holz, Lehm und Reet seit 5.000 Jahren\u0093 im archeoParc Schnalstal&lt;br \/&gt;Reportage sulla casa in balle di paglia di Richard Fliri in Vallelunga nella mostra \u0084La casa di \u00d6tzi. La ricostruzione di una capanna preistorica\u0093 presso l\u0092archeoParc della val Senales &lt;br \/&gt;Video portrait on the straw-bale house of Richard Fliri in a exhibition at archeoParc Val Senales&lt;br \/&gt;&lt;br \/&gt;July-November 2016\" \/><\/a><div class=\"tiled-gallery-caption\">archeoParc Schnalstal, photo: Johanna Niederkofler<\/div><\/div><div class=\"tiled-gallery-item\"><a border=\"0\" href=\"https:\/\/www.archeoparc.it\/it\/2016\/7682\/hausportraet-des-soligno-massivholzhaus-von-luisa-tentonello-in-treviso-in-der-ausstellung-%c2%84ein-haus-wie-damals-bauen-mit-holz-lehm-und-reet-seit-5-000-jahren%c2%93-im-archeoparc-schnalstalrepo-2\/\"><img decoding=\"async\" data-attachment-id=\"15111\" data-orig-file=\"https:\/\/www.archeoparc.it\/wp-content\/uploads\/archeoparc-schnalstal-16569.jpg\" data-orig-size=\"1200,797\" data-comments-opened=\"0\" data-image-meta=\"{&quot;aperture&quot;:&quot;4&quot;,&quot;credit&quot;:&quot;www.archeoparc.it&quot;,&quot;camera&quot;:&quot;NIKON D90&quot;,&quot;caption&quot;:&quot;&quot;,&quot;created_timestamp&quot;:&quot;1467998952&quot;,&quot;copyright&quot;:&quot;archeoParc Schnalstal, photo: Johanna Niederkofler&quot;,&quot;focal_length&quot;:&quot;29&quot;,&quot;iso&quot;:&quot;1000&quot;,&quot;shutter_speed&quot;:&quot;0.02&quot;,&quot;title&quot;:&quot;Hausportr\\u00e4t des Soligno-Massivholzhaus von Luisa Tentonello in Treviso in der Ausstellung \\u0084Ein Haus wie damals. Bauen mit Holz, Lehm und Reet seit 5.000 Jahren\\u0093 im archeoParc Schnalstal&lt;br \\\/&gt;Reportage sulla casa in legno massiccio di Luisa Tentonello nella mostra \\u0084La casa di \\u00d6tzi. La ricostruzione di una capanna preistorica\\u0093 presso l\\u0092archeoParc della val Senales &lt;br \\\/&gt;Video portrait on the solid wood house of Luisa Tentonello in a exhibition at archeoParc Val Senales&lt;br \\\/&gt;&lt;br \\\/&gt;July-November 2016&quot;,&quot;orientation&quot;:&quot;1&quot;}\" data-image-title=\"Hausportr\u00e4t des Soligno-Massivholzhaus von Luisa Tentonello in Treviso in der Ausstellung \u0084Ein Haus wie damals. Bauen mit Holz, Lehm und Reet seit 5.000 Jahren\u0093 im archeoParc Schnalstal&lt;br \/&gt;Reportage sulla casa in legno massiccio di Luisa Tentonello nella mostra \u0084La casa di \u00d6tzi. La ricostruzione di una capanna preistorica\u0093 presso l\u0092archeoParc della val Senales &lt;br \/&gt;Video portrait on the solid wood house of Luisa Tentonello in a exhibition at archeoParc Val Senales&lt;br \/&gt;&lt;br \/&gt;July-November 2016\" data-image-description=\"&lt;p&gt;www.archeoparc.it&lt;\/p&gt;\n\" data-medium-file=\"https:\/\/www.archeoparc.it\/wp-content\/uploads\/archeoparc-schnalstal-16569-300x199.jpg\" data-large-file=\"https:\/\/www.archeoparc.it\/wp-content\/uploads\/archeoparc-schnalstal-16569-1024x680.jpg\" style=\"margin: 2px\" src=\"https:\/\/www.archeoparc.it\/wp-content\/uploads\/archeoparc-schnalstal-16569-162x162.jpg\" width=162 height=162 title=\"Hausportr\u00e4t des Soligno-Massivholzhaus von Luisa Tentonello in Treviso in der Ausstellung \u0084Ein Haus wie damals. Bauen mit Holz, Lehm und Reet seit 5.000 Jahren\u0093 im archeoParc Schnalstal&lt;br \/&gt;Reportage sulla casa in legno massiccio di Luisa Tentonello nella mostra \u0084La casa di \u00d6tzi. La ricostruzione di una capanna preistorica\u0093 presso l\u0092archeoParc della val Senales &lt;br \/&gt;Video portrait on the solid wood house of Luisa Tentonello in a exhibition at archeoParc Val Senales&lt;br \/&gt;&lt;br \/&gt;July-November 2016\" \/><\/a><div class=\"tiled-gallery-caption\">archeoParc Schnalstal, photo: Johanna Niederkofler<\/div><\/div><div class=\"tiled-gallery-item\"><a border=\"0\" href=\"https:\/\/www.archeoparc.it\/it\/?attachment_id=15117\"><img decoding=\"async\" data-attachment-id=\"15117\" data-orig-file=\"https:\/\/www.archeoparc.it\/wp-content\/uploads\/archeoparc-schnalstal-16572.jpg\" data-orig-size=\"1200,797\" data-comments-opened=\"0\" data-image-meta=\"{&quot;aperture&quot;:&quot;3.5&quot;,&quot;credit&quot;:&quot;www.archeoparc.it&quot;,&quot;camera&quot;:&quot;NIKON D90&quot;,&quot;caption&quot;:&quot;&quot;,&quot;created_timestamp&quot;:&quot;1468065482&quot;,&quot;copyright&quot;:&quot;archeoParc Schnalstal, photo: Johanna Niederkofler&quot;,&quot;focal_length&quot;:&quot;18&quot;,&quot;iso&quot;:&quot;1000&quot;,&quot;shutter_speed&quot;:&quot;0.025&quot;,&quot;title&quot;:&quot;Ein Blick durch den Bauzaun - Fotoausstellung \\u0084Ein Haus wie damals. Bauen mit Holz, Lehm und Reet seit 5.000 Jahren\\u0093 im archeoParc Schnalstal &lt;br \\\/&gt;Fotografie del cantiere di una capanna preistorica di Gianni Bodini nascoste nella parete della mostra \\u0084La casa di \\u00d6tzi. La ricostruzione di una capanna preistorica\\u0093 presso l\\u0091archeoParc della val Senales&lt;br \\\/&gt; Photography exhibition on a Cupper Age house reconstruction and it\\u0091s building materials still used in creating modern environmentally sustainable buildings at archeoParc Val Senales&lt;br \\\/&gt;&lt;br \\\/&gt;July-November 2016&quot;,&quot;orientation&quot;:&quot;1&quot;}\" data-image-title=\"Ein Blick durch den Bauzaun &#8211; Fotoausstellung \u0084Ein Haus wie damals. Bauen mit Holz, Lehm und Reet seit 5.000 Jahren\u0093 im archeoParc Schnalstal &lt;br \/&gt;Fotografie del cantiere di una capanna preistorica di Gianni Bodini nascoste nella parete della mostra \u0084La casa di \u00d6tzi. La ricostruzione di una capanna preistorica\u0093 presso l\u0091archeoParc della val Senales&lt;br \/&gt; Photography exhibition on a Cupper Age house reconstruction and it\u0091s building materials still used in creating modern environmentally sustainable buildings at archeoParc Val Senales&lt;br \/&gt;&lt;br \/&gt;July-November 2016\" data-image-description=\"&lt;p&gt;www.archeoparc.it&lt;\/p&gt;\n\" data-medium-file=\"https:\/\/www.archeoparc.it\/wp-content\/uploads\/archeoparc-schnalstal-16572-300x199.jpg\" data-large-file=\"https:\/\/www.archeoparc.it\/wp-content\/uploads\/archeoparc-schnalstal-16572-1024x680.jpg\" style=\"margin: 2px\" src=\"https:\/\/www.archeoparc.it\/wp-content\/uploads\/archeoparc-schnalstal-16572-162x162.jpg\" width=162 height=162 title=\"Ein Blick durch den Bauzaun - Fotoausstellung \u0084Ein Haus wie damals. Bauen mit Holz, Lehm und Reet seit 5.000 Jahren\u0093 im archeoParc Schnalstal &lt;br \/&gt;Fotografie del cantiere di una capanna preistorica di Gianni Bodini nascoste nella parete della mostra \u0084La casa di \u00d6tzi. La ricostruzione di una capanna preistorica\u0093 presso l\u0091archeoParc della val Senales&lt;br \/&gt; Photography exhibition on a Cupper Age house reconstruction and it\u0091s building materials still used in creating modern environmentally sustainable buildings at archeoParc Val Senales&lt;br \/&gt;&lt;br \/&gt;July-November 2016\" \/><\/a><div class=\"tiled-gallery-caption\">archeoParc Schnalstal, photo: Johanna Niederkofler<\/div><\/div><div class=\"tiled-gallery-item\"><a border=\"0\" href=\"https:\/\/www.archeoparc.it\/it\/?attachment_id=15119\"><img decoding=\"async\" data-attachment-id=\"15119\" data-orig-file=\"https:\/\/www.archeoparc.it\/wp-content\/uploads\/archeoparc-schnalstal-16573.jpg\" data-orig-size=\"1200,797\" data-comments-opened=\"0\" data-image-meta=\"{&quot;aperture&quot;:&quot;5.6&quot;,&quot;credit&quot;:&quot;www.archeoparc.it&quot;,&quot;camera&quot;:&quot;NIKON D90&quot;,&quot;caption&quot;:&quot;&quot;,&quot;created_timestamp&quot;:&quot;1468065634&quot;,&quot;copyright&quot;:&quot;archeoParc Schnalstal, photo: Johanna Niederkofler&quot;,&quot;focal_length&quot;:&quot;200&quot;,&quot;iso&quot;:&quot;1000&quot;,&quot;shutter_speed&quot;:&quot;0.1&quot;,&quot;title&quot;:&quot;Ein Blick durch den Bauzaun - Fotoausstellung \\u0084Ein Haus wie damals. Bauen mit Holz, Lehm und Reet seit 5.000 Jahren\\u0093 im archeoParc Schnalstal &lt;br \\\/&gt;Fotografie del cantiere di una capanna preistorica di Gianni Bodini nascoste nella parete della mostra \\u0084La casa di \\u00d6tzi. La ricostruzione di una capanna preistorica\\u0093 presso l\\u0091archeoParc della val Senales&lt;br \\\/&gt; Photography exhibition on a Cupper Age house reconstruction and it\\u0091s building materials still used in creating modern environmentally sustainable buildings at archeoParc Val Senales&lt;br \\\/&gt;&lt;br \\\/&gt;July-November 2016&quot;,&quot;orientation&quot;:&quot;1&quot;}\" data-image-title=\"Ein Blick durch den Bauzaun &#8211; Fotoausstellung \u0084Ein Haus wie damals. Bauen mit Holz, Lehm und Reet seit 5.000 Jahren\u0093 im archeoParc Schnalstal &lt;br \/&gt;Fotografie del cantiere di una capanna preistorica di Gianni Bodini nascoste nella parete della mostra \u0084La casa di \u00d6tzi. La ricostruzione di una capanna preistorica\u0093 presso l\u0091archeoParc della val Senales&lt;br \/&gt; Photography exhibition on a Cupper Age house reconstruction and it\u0091s building materials still used in creating modern environmentally sustainable buildings at archeoParc Val Senales&lt;br \/&gt;&lt;br \/&gt;July-November 2016\" data-image-description=\"&lt;p&gt;www.archeoparc.it&lt;\/p&gt;\n\" data-medium-file=\"https:\/\/www.archeoparc.it\/wp-content\/uploads\/archeoparc-schnalstal-16573-300x199.jpg\" data-large-file=\"https:\/\/www.archeoparc.it\/wp-content\/uploads\/archeoparc-schnalstal-16573-1024x680.jpg\" style=\"margin: 2px\" src=\"https:\/\/www.archeoparc.it\/wp-content\/uploads\/archeoparc-schnalstal-16573-162x162.jpg\" width=162 height=162 title=\"Ein Blick durch den Bauzaun - Fotoausstellung \u0084Ein Haus wie damals. Bauen mit Holz, Lehm und Reet seit 5.000 Jahren\u0093 im archeoParc Schnalstal &lt;br \/&gt;Fotografie del cantiere di una capanna preistorica di Gianni Bodini nascoste nella parete della mostra \u0084La casa di \u00d6tzi. La ricostruzione di una capanna preistorica\u0093 presso l\u0091archeoParc della val Senales&lt;br \/&gt; Photography exhibition on a Cupper Age house reconstruction and it\u0091s building materials still used in creating modern environmentally sustainable buildings at archeoParc Val Senales&lt;br \/&gt;&lt;br \/&gt;July-November 2016\" \/><\/a><div class=\"tiled-gallery-caption\">archeoParc Schnalstal, photo: Johanna Niederkofler<\/div><\/div><div class=\"tiled-gallery-item\"><a border=\"0\" href=\"https:\/\/www.archeoparc.it\/it\/?attachment_id=15109\"><img decoding=\"async\" data-attachment-id=\"15109\" data-orig-file=\"https:\/\/www.archeoparc.it\/wp-content\/uploads\/archeoparc-schnalstal-16580.jpg\" data-orig-size=\"1200,797\" data-comments-opened=\"0\" data-image-meta=\"{&quot;aperture&quot;:&quot;5.6&quot;,&quot;credit&quot;:&quot;www.archeoparc.it&quot;,&quot;camera&quot;:&quot;NIKON D90&quot;,&quot;caption&quot;:&quot;&quot;,&quot;created_timestamp&quot;:&quot;1468071683&quot;,&quot;copyright&quot;:&quot;archeoParc Schnalstal, photo: Johanna Niederkofler&quot;,&quot;focal_length&quot;:&quot;170&quot;,&quot;iso&quot;:&quot;1000&quot;,&quot;shutter_speed&quot;:&quot;0.0333333333333&quot;,&quot;title&quot;:&quot;Materialtaststation in der Ausstellung \\u0084Ein Haus wie damals. Bauen mit Holz, Lehm und Reet seit 5.000 Jahren\\u0093 im archeoParc Schnalstal&lt;br \\\/&gt; Materiali edili dalla preistoria ad oggi nella mostra \\u0084La casa di \\u00d6tzi. La ricostruzione di una capanna preistorica\\u0093 presso l\\u0091archeoParc della val Senales &lt;br \\\/&gt; Hands-on experience in an Exhibition on a Cupper Age house reconstruction and it\\u0091s building materials still used in creating modern environmentally sustainable buildings at archeoParc Val Senales&lt;br \\\/&gt;&lt;br \\\/&gt;July-November 2016&quot;,&quot;orientation&quot;:&quot;1&quot;}\" data-image-title=\"Materialtaststation in der Ausstellung \u0084Ein Haus wie damals. Bauen mit Holz, Lehm und Reet seit 5.000 Jahren\u0093 im archeoParc Schnalstal&lt;br \/&gt; Materiali edili dalla preistoria ad oggi nella mostra \u0084La casa di \u00d6tzi. La ricostruzione di una capanna preistorica\u0093 presso l\u0091archeoParc della val Senales &lt;br \/&gt; Hands-on experience in an Exhibition on a Cupper Age house reconstruction and it\u0091s building materials still used in creating modern environmentally sustainable buildings at archeoParc Val Senales&lt;br \/&gt;&lt;br \/&gt;July-November 2016\" data-image-description=\"&lt;p&gt;www.archeoparc.it&lt;\/p&gt;\n\" data-medium-file=\"https:\/\/www.archeoparc.it\/wp-content\/uploads\/archeoparc-schnalstal-16580-300x199.jpg\" data-large-file=\"https:\/\/www.archeoparc.it\/wp-content\/uploads\/archeoparc-schnalstal-16580-1024x680.jpg\" style=\"margin: 2px\" src=\"https:\/\/www.archeoparc.it\/wp-content\/uploads\/archeoparc-schnalstal-16580-162x162.jpg\" width=162 height=162 title=\"Materialtaststation in der Ausstellung \u0084Ein Haus wie damals. Bauen mit Holz, Lehm und Reet seit 5.000 Jahren\u0093 im archeoParc Schnalstal&lt;br \/&gt; Materiali edili dalla preistoria ad oggi nella mostra \u0084La casa di \u00d6tzi. La ricostruzione di una capanna preistorica\u0093 presso l\u0091archeoParc della val Senales &lt;br \/&gt; Hands-on experience in an Exhibition on a Cupper Age house reconstruction and it\u0091s building materials still used in creating modern environmentally sustainable buildings at archeoParc Val Senales&lt;br \/&gt;&lt;br \/&gt;July-November 2016\" \/><\/a><div class=\"tiled-gallery-caption\">archeoParc Schnalstal, photo: Johanna Niederkofler<\/div><\/div><div class=\"tiled-gallery-item\"><a border=\"0\" href=\"https:\/\/www.archeoparc.it\/it\/?attachment_id=15097\"><img decoding=\"async\" data-attachment-id=\"15097\" data-orig-file=\"https:\/\/www.archeoparc.it\/wp-content\/uploads\/archeoparc-schnalstal-16574.jpg\" data-orig-size=\"1200,797\" data-comments-opened=\"0\" data-image-meta=\"{&quot;aperture&quot;:&quot;3.5&quot;,&quot;credit&quot;:&quot;www.archeoparc.it&quot;,&quot;camera&quot;:&quot;NIKON D90&quot;,&quot;caption&quot;:&quot;&quot;,&quot;created_timestamp&quot;:&quot;1468065754&quot;,&quot;copyright&quot;:&quot;archeoParc Schnalstal, photo: Johanna Niederkofler&quot;,&quot;focal_length&quot;:&quot;18&quot;,&quot;iso&quot;:&quot;1000&quot;,&quot;shutter_speed&quot;:&quot;0.025&quot;,&quot;title&quot;:&quot;Ein Blick durch den Bauzaun - Fotoausstellung \\u0084Ein Haus wie damals. Bauen mit Holz, Lehm und Reet seit 5.000 Jahren\\u0093 im archeoParc Schnalstal &lt;br \\\/&gt;Fotografie del cantiere di una capanna preistorica di Gianni Bodini nascoste nella parete della mostra \\u0084La casa di \\u00d6tzi. La ricostruzione di una capanna preistorica\\u0093 presso l\\u0091archeoParc della val Senales&lt;br \\\/&gt; Photography exhibition on a Cupper Age house reconstruction and it\\u0091s building materials still used in creating modern environmentally sustainable buildings at archeoParc Val Senales&lt;br \\\/&gt;&lt;br \\\/&gt;July-November 2016&quot;,&quot;orientation&quot;:&quot;1&quot;}\" data-image-title=\"Ein Blick durch den Bauzaun &#8211; Fotoausstellung \u0084Ein Haus wie damals. Bauen mit Holz, Lehm und Reet seit 5.000 Jahren\u0093 im archeoParc Schnalstal &lt;br \/&gt;Fotografie del cantiere di una capanna preistorica di Gianni Bodini nascoste nella parete della mostra \u0084La casa di \u00d6tzi. La ricostruzione di una capanna preistorica\u0093 presso l\u0091archeoParc della val Senales&lt;br \/&gt; Photography exhibition on a Cupper Age house reconstruction and it\u0091s building materials still used in creating modern environmentally sustainable buildings at archeoParc Val Senales&lt;br \/&gt;&lt;br \/&gt;July-November 2016\" data-image-description=\"&lt;p&gt;www.archeoparc.it&lt;\/p&gt;\n\" data-medium-file=\"https:\/\/www.archeoparc.it\/wp-content\/uploads\/archeoparc-schnalstal-16574-300x199.jpg\" data-large-file=\"https:\/\/www.archeoparc.it\/wp-content\/uploads\/archeoparc-schnalstal-16574-1024x680.jpg\" style=\"margin: 2px\" src=\"https:\/\/www.archeoparc.it\/wp-content\/uploads\/archeoparc-schnalstal-16574-162x162.jpg\" width=162 height=162 title=\"Ein Blick durch den Bauzaun - Fotoausstellung \u0084Ein Haus wie damals. Bauen mit Holz, Lehm und Reet seit 5.000 Jahren\u0093 im archeoParc Schnalstal &lt;br \/&gt;Fotografie del cantiere di una capanna preistorica di Gianni Bodini nascoste nella parete della mostra \u0084La casa di \u00d6tzi. La ricostruzione di una capanna preistorica\u0093 presso l\u0091archeoParc della val Senales&lt;br \/&gt; Photography exhibition on a Cupper Age house reconstruction and it\u0091s building materials still used in creating modern environmentally sustainable buildings at archeoParc Val Senales&lt;br \/&gt;&lt;br \/&gt;July-November 2016\" \/><\/a><div class=\"tiled-gallery-caption\">archeoParc Schnalstal, photo: Johanna Niederkofler<\/div><\/div><\/div>\n","protected":false},"excerpt":{"rendered":"<p>Inaugurazione \u201eLa casa di \u00d6tzi\u201c Ieri \u00e8 stata inaugurata la mostra temporanea \u201cLa casa di \u00d6tzi \u2013 La ricostruzione di una casa preistorica\u201d. La mostra \u00e8 frutto della collaborazione tra [&hellip;]<\/p>\n","protected":false},"author":2,"featured_media":0,"comment_status":"closed","ping_status":"closed","sticky":false,"template":"","format":"standard","meta":{"_acf_changed":false,"_tec_requires_first_save":true,"_EventAllDay":false,"_EventTimezone":"","_EventStartDate":"","_EventEndDate":"","_EventStartDateUTC":"","_EventEndDateUTC":"","_EventShowMap":false,"_EventShowMapLink":false,"_EventURL":"","_EventCost":"","_EventCostDescription":"","_EventCurrencySymbol":"","_EventCurrencyCode":"","_EventCurrencyPosition":"","_EventDateTimeSeparator":"","_EventTimeRangeSeparator":"","_EventOrganizerID":[],"_EventVenueID":[],"_OrganizerEmail":"","_OrganizerPhone":"","_OrganizerWebsite":"","_VenueAddress":"","_VenueCity":"","_VenueCountry":"","_VenueProvince":"","_VenueState":"","_VenueZip":"","_VenuePhone":"","_VenueURL":"","_VenueStateProvince":"","_VenueLat":"","_VenueLng":"","_VenueShowMap":false,"_VenueShowMapLink":false,"_tribe_blocks_recurrence_rules":"","_tribe_blocks_recurrence_description":"","_tribe_blocks_recurrence_exclusions":"","footnotes":""},"categories":[157],"tags":[],"class_list":["post-7785","post","type-post","status-publish","format-standard","hentry","category-review-it"],"acf":[],"yoast_head":"<!-- This site is optimized with the Yoast SEO plugin v27.5 - https:\/\/yoast.com\/product\/yoast-seo-wordpress\/ -->\n<title>vernissage-ausstellung-2016 | archeoParc Schnalstal<\/title>\n<meta name=\"robots\" content=\"index, follow, max-snippet:-1, max-image-preview:large, max-video-preview:-1\" \/>\n<link rel=\"canonical\" href=\"https:\/\/www.archeoparc.it\/it\/2016\/7419\/\" \/>\n<meta name=\"twitter:label1\" content=\"Scritto da\" \/>\n\t<meta name=\"twitter:data1\" content=\"Johanna\" \/>\n\t<meta name=\"twitter:label2\" content=\"Tempo di lettura stimato\" \/>\n\t<meta name=\"twitter:data2\" content=\"1 minuto\" \/>\n<script type=\"application\/ld+json\" class=\"yoast-schema-graph\">{\"@context\":\"https:\\\/\\\/schema.org\",\"@graph\":[{\"@type\":\"Article\",\"@id\":\"https:\\\/\\\/www.archeoparc.it\\\/it\\\/2016\\\/7419\\\/#article\",\"isPartOf\":{\"@id\":\"https:\\\/\\\/www.archeoparc.it\\\/it\\\/2016\\\/7419\\\/\"},\"author\":{\"name\":\"Johanna\",\"@id\":\"https:\\\/\\\/www.archeoparc.it\\\/#\\\/schema\\\/person\\\/b3065be180d841249307ecd9726611cf\"},\"headline\":\"vernissage-ausstellung-2016\",\"datePublished\":\"2016-07-11T07:35:09+00:00\",\"dateModified\":\"2016-08-18T08:30:46+00:00\",\"mainEntityOfPage\":{\"@id\":\"https:\\\/\\\/www.archeoparc.it\\\/it\\\/2016\\\/7419\\\/\"},\"wordCount\":178,\"publisher\":{\"@id\":\"https:\\\/\\\/www.archeoparc.it\\\/#organization\"},\"articleSection\":[\"Review\"],\"inLanguage\":\"it-IT\"},{\"@type\":\"WebPage\",\"@id\":\"https:\\\/\\\/www.archeoparc.it\\\/it\\\/2016\\\/7419\\\/\",\"url\":\"https:\\\/\\\/www.archeoparc.it\\\/it\\\/2016\\\/7419\\\/\",\"name\":\"vernissage-ausstellung-2016 | archeoParc Schnalstal\",\"isPartOf\":{\"@id\":\"https:\\\/\\\/www.archeoparc.it\\\/#website\"},\"datePublished\":\"2016-07-11T07:35:09+00:00\",\"dateModified\":\"2016-08-18T08:30:46+00:00\",\"inLanguage\":\"it-IT\",\"potentialAction\":[{\"@type\":\"ReadAction\",\"target\":[\"https:\\\/\\\/www.archeoparc.it\\\/it\\\/2016\\\/7419\\\/\"]}]},{\"@type\":\"WebSite\",\"@id\":\"https:\\\/\\\/www.archeoparc.it\\\/#website\",\"url\":\"https:\\\/\\\/www.archeoparc.it\\\/\",\"name\":\"archeoParc Schnalstal\",\"description\":\"Arch\u00e4ologisches Freilichtmuseum\",\"publisher\":{\"@id\":\"https:\\\/\\\/www.archeoparc.it\\\/#organization\"},\"potentialAction\":[{\"@type\":\"SearchAction\",\"target\":{\"@type\":\"EntryPoint\",\"urlTemplate\":\"https:\\\/\\\/www.archeoparc.it\\\/?s={search_term_string}\"},\"query-input\":{\"@type\":\"PropertyValueSpecification\",\"valueRequired\":true,\"valueName\":\"search_term_string\"}}],\"inLanguage\":\"it-IT\"},{\"@type\":\"Organization\",\"@id\":\"https:\\\/\\\/www.archeoparc.it\\\/#organization\",\"name\":\"archeoparc Schnalstal\",\"url\":\"https:\\\/\\\/www.archeoparc.it\\\/\",\"logo\":{\"@type\":\"ImageObject\",\"inLanguage\":\"it-IT\",\"@id\":\"https:\\\/\\\/www.archeoparc.it\\\/#\\\/schema\\\/logo\\\/image\\\/\",\"url\":\"https:\\\/\\\/www.archeoparc.it\\\/wp-content\\\/uploads\\\/cropped-archeoparc_logo_sw.png\",\"contentUrl\":\"https:\\\/\\\/www.archeoparc.it\\\/wp-content\\\/uploads\\\/cropped-archeoparc_logo_sw.png\",\"width\":654,\"height\":211,\"caption\":\"archeoparc Schnalstal\"},\"image\":{\"@id\":\"https:\\\/\\\/www.archeoparc.it\\\/#\\\/schema\\\/logo\\\/image\\\/\"}},{\"@type\":\"Person\",\"@id\":\"https:\\\/\\\/www.archeoparc.it\\\/#\\\/schema\\\/person\\\/b3065be180d841249307ecd9726611cf\",\"name\":\"Johanna\",\"image\":{\"@type\":\"ImageObject\",\"inLanguage\":\"it-IT\",\"@id\":\"https:\\\/\\\/secure.gravatar.com\\\/avatar\\\/d2fea4fe845dc1970d9b7702e5120165a019feaf750a97d4e682e0db17aff987?s=96&d=mm&r=g\",\"url\":\"https:\\\/\\\/secure.gravatar.com\\\/avatar\\\/d2fea4fe845dc1970d9b7702e5120165a019feaf750a97d4e682e0db17aff987?s=96&d=mm&r=g\",\"contentUrl\":\"https:\\\/\\\/secure.gravatar.com\\\/avatar\\\/d2fea4fe845dc1970d9b7702e5120165a019feaf750a97d4e682e0db17aff987?s=96&d=mm&r=g\",\"caption\":\"Johanna\"}}]}<\/script>\n<!-- \/ Yoast SEO plugin. -->","yoast_head_json":{"title":"vernissage-ausstellung-2016 | archeoParc Schnalstal","robots":{"index":"index","follow":"follow","max-snippet":"max-snippet:-1","max-image-preview":"max-image-preview:large","max-video-preview":"max-video-preview:-1"},"canonical":"https:\/\/www.archeoparc.it\/it\/2016\/7419\/","twitter_misc":{"Scritto da":"Johanna","Tempo di lettura stimato":"1 minuto"},"schema":{"@context":"https:\/\/schema.org","@graph":[{"@type":"Article","@id":"https:\/\/www.archeoparc.it\/it\/2016\/7419\/#article","isPartOf":{"@id":"https:\/\/www.archeoparc.it\/it\/2016\/7419\/"},"author":{"name":"Johanna","@id":"https:\/\/www.archeoparc.it\/#\/schema\/person\/b3065be180d841249307ecd9726611cf"},"headline":"vernissage-ausstellung-2016","datePublished":"2016-07-11T07:35:09+00:00","dateModified":"2016-08-18T08:30:46+00:00","mainEntityOfPage":{"@id":"https:\/\/www.archeoparc.it\/it\/2016\/7419\/"},"wordCount":178,"publisher":{"@id":"https:\/\/www.archeoparc.it\/#organization"},"articleSection":["Review"],"inLanguage":"it-IT"},{"@type":"WebPage","@id":"https:\/\/www.archeoparc.it\/it\/2016\/7419\/","url":"https:\/\/www.archeoparc.it\/it\/2016\/7419\/","name":"vernissage-ausstellung-2016 | archeoParc Schnalstal","isPartOf":{"@id":"https:\/\/www.archeoparc.it\/#website"},"datePublished":"2016-07-11T07:35:09+00:00","dateModified":"2016-08-18T08:30:46+00:00","inLanguage":"it-IT","potentialAction":[{"@type":"ReadAction","target":["https:\/\/www.archeoparc.it\/it\/2016\/7419\/"]}]},{"@type":"WebSite","@id":"https:\/\/www.archeoparc.it\/#website","url":"https:\/\/www.archeoparc.it\/","name":"archeoParc Schnalstal","description":"Arch\u00e4ologisches Freilichtmuseum","publisher":{"@id":"https:\/\/www.archeoparc.it\/#organization"},"potentialAction":[{"@type":"SearchAction","target":{"@type":"EntryPoint","urlTemplate":"https:\/\/www.archeoparc.it\/?s={search_term_string}"},"query-input":{"@type":"PropertyValueSpecification","valueRequired":true,"valueName":"search_term_string"}}],"inLanguage":"it-IT"},{"@type":"Organization","@id":"https:\/\/www.archeoparc.it\/#organization","name":"archeoparc Schnalstal","url":"https:\/\/www.archeoparc.it\/","logo":{"@type":"ImageObject","inLanguage":"it-IT","@id":"https:\/\/www.archeoparc.it\/#\/schema\/logo\/image\/","url":"https:\/\/www.archeoparc.it\/wp-content\/uploads\/cropped-archeoparc_logo_sw.png","contentUrl":"https:\/\/www.archeoparc.it\/wp-content\/uploads\/cropped-archeoparc_logo_sw.png","width":654,"height":211,"caption":"archeoparc Schnalstal"},"image":{"@id":"https:\/\/www.archeoparc.it\/#\/schema\/logo\/image\/"}},{"@type":"Person","@id":"https:\/\/www.archeoparc.it\/#\/schema\/person\/b3065be180d841249307ecd9726611cf","name":"Johanna","image":{"@type":"ImageObject","inLanguage":"it-IT","@id":"https:\/\/secure.gravatar.com\/avatar\/d2fea4fe845dc1970d9b7702e5120165a019feaf750a97d4e682e0db17aff987?s=96&d=mm&r=g","url":"https:\/\/secure.gravatar.com\/avatar\/d2fea4fe845dc1970d9b7702e5120165a019feaf750a97d4e682e0db17aff987?s=96&d=mm&r=g","contentUrl":"https:\/\/secure.gravatar.com\/avatar\/d2fea4fe845dc1970d9b7702e5120165a019feaf750a97d4e682e0db17aff987?s=96&d=mm&r=g","caption":"Johanna"}}]}},"_links":{"self":[{"href":"https:\/\/www.archeoparc.it\/it\/wp-json\/wp\/v2\/posts\/7785","targetHints":{"allow":["GET"]}}],"collection":[{"href":"https:\/\/www.archeoparc.it\/it\/wp-json\/wp\/v2\/posts"}],"about":[{"href":"https:\/\/www.archeoparc.it\/it\/wp-json\/wp\/v2\/types\/post"}],"author":[{"embeddable":true,"href":"https:\/\/www.archeoparc.it\/it\/wp-json\/wp\/v2\/users\/2"}],"replies":[{"embeddable":true,"href":"https:\/\/www.archeoparc.it\/it\/wp-json\/wp\/v2\/comments?post=7785"}],"version-history":[{"count":0,"href":"https:\/\/www.archeoparc.it\/it\/wp-json\/wp\/v2\/posts\/7785\/revisions"}],"wp:attachment":[{"href":"https:\/\/www.archeoparc.it\/it\/wp-json\/wp\/v2\/media?parent=7785"}],"wp:term":[{"taxonomy":"category","embeddable":true,"href":"https:\/\/www.archeoparc.it\/it\/wp-json\/wp\/v2\/categories?post=7785"},{"taxonomy":"post_tag","embeddable":true,"href":"https:\/\/www.archeoparc.it\/it\/wp-json\/wp\/v2\/tags?post=7785"}],"curies":[{"name":"wp","href":"https:\/\/api.w.org\/{rel}","templated":true}]}}