{"id":7839,"date":"2016-08-22T16:49:46","date_gmt":"2016-08-22T14:49:46","guid":{"rendered":"http:\/\/www.archeoparc.it\/it\/mumienkongress-bozen-2016\/"},"modified":"2022-01-27T16:43:53","modified_gmt":"2022-01-27T15:43:53","slug":"mumienkongress-bozen-2016","status":"publish","type":"post","link":"https:\/\/www.archeoparc.it\/it\/2016\/mumienkongress-bozen-2016\/","title":{"rendered":"mumienkongress-bozen-2016"},"content":{"rendered":"<h2><strong>Terzo Bolzano Mummy Congress<\/strong><\/h2>\n<p>In occasione del 25esimo anniversario della scoperta di \u00d6tzi a Bolzano si terr\u00e0 il terzo Bolzano Mummy Congress. Esperti di medicina, archeologia, antropologia, botanica ecc. discuteranno delle ricerche fatte e di quelle tutt\u2019ora in corso su \u00d6tzi e i ritrovamenti sul giogo di Tisa.<\/p>\n<p><a title=\"www.eurac.edu\" href=\"http:\/\/www.eurac.edu\/it\/research\/health\/iceman\/conferences\/Pages\/3rd-Bolzano-Mummy-Congress-oetzi-25-years-of-research.aspx#programglance\" target=\"_blank\" rel=\"noopener\">Bolzano Mummy Congress Programma<\/a><\/p>\n<p>Fra il 19 e il 21 settembre parleranno nell\u2019Aula Magna dell\u2019EURAC di Bolzano: Albert Zink, Angelika Fleckinger, Frank Maixner, Valentina Coia, Amaury Cazenave-Gassiot, Marek Janko, Thomas Rattei, Andreas Keller, G\u00fcnther Kaufmann, Walter Leitner, Hubert Steiner, Andreas Putzer, Umberto Tecchiati, Annaluisa Pedrotti, Gerhard Sperl, Gilberto Artioli, Ivana Angelini, Caterina Canovaro, Benno Baumgarten, G\u00fcnther Kaufmann, Alex Barker, Edward Liebow, Emlyn Koster, Klaus Oeggl, James Dickson, Wolfgang M\u00fcller, Walter Kutschera, Paolo Gabrielli, Patrizia Pernter, Paul Gostner, Stephanie Panzer, Chiara Villa, Niels Lynnerup, Oliver Peschel, Alexander Horn, Ursula Wierer, Paola Salzani, Niall O&#8217;Sullivan, Carney Matheson, Manuel Lizarralde, Martin Callanan, Sandra L\u00f6sch, Amelie Alterauge, Oliver Gauert, Valeria Mattiangeli, Valentina Depellegrin, Beat Schmutz, Marco Samadelli, Ludwig Moroder, Marcello Melis, Maximilian Moser, Francesco Avanzini, Rolando F\u00fcst\u00f6s, Piero Cosi, Andrea Sandi, Frank R\u00fchli, Patrizia Pernter, Catrin Marzoli. Informazioni sul programma e su come prenotarsi trovate sul <a href=\"http:\/\/www.eurac.edu\/it\/Pages\/default.aspx\">sito dell\u2019EURAC.<\/a><\/p>\n<p>Martedi, 20 settembre dalle ore 18 alle ore 19 \u00e8 prevista una tavola rotonda sulla morte di \u00d6tzi e su nuove conclusioni legati ad essa. \u00c8 un evento aperto al pubblico in lingua tedesca con traduzione simultanea. Di seguito ci sar\u00e0 un aperitivo fino alle ore 20:30.<\/p>\n<p><a href=\"http:\/\/www.eurac.edu\/it\/research\/health\/iceman\/Pages\/default.aspx\">L\u2019Istituto per le Mummie e l\u2019Iceman <\/a>dell\u2019EURAC Bolzano ha dato vita al Bolzano Mummy Congress sette anni fa. La ormai terza edizione del 2016 \u00e8 stata organizzata dall\u2019EURAC in collaborazione con il<a href=\"http:\/\/www.iceman.it\"> Museo Archeologico dell\u2019Alto Adige<\/a>.<\/p>\n","protected":false},"excerpt":{"rendered":"<p>Terzo Bolzano Mummy Congress In occasione del 25esimo anniversario della scoperta di \u00d6tzi a Bolzano si terr\u00e0 il terzo Bolzano Mummy Congress. Esperti di medicina, archeologia, antropologia, botanica ecc. discuteranno [&hellip;]<\/p>\n","protected":false},"author":2,"featured_media":0,"comment_status":"closed","ping_status":"closed","sticky":false,"template":"","format":"standard","meta":{"_acf_changed":false,"_tec_requires_first_save":true,"_EventAllDay":false,"_EventTimezone":"","_EventStartDate":"","_EventEndDate":"","_EventStartDateUTC":"","_EventEndDateUTC":"","_EventShowMap":false,"_EventShowMapLink":false,"_EventURL":"","_EventCost":"","_EventCostDescription":"","_EventCurrencySymbol":"","_EventCurrencyCode":"","_EventCurrencyPosition":"","_EventDateTimeSeparator":"","_EventTimeRangeSeparator":"","_EventOrganizerID":[],"_EventVenueID":[],"_OrganizerEmail":"","_OrganizerPhone":"","_OrganizerWebsite":"","_VenueAddress":"","_VenueCity":"","_VenueCountry":"","_VenueProvince":"","_VenueState":"","_VenueZip":"","_VenuePhone":"","_VenueURL":"","_VenueStateProvince":"","_VenueLat":"","_VenueLng":"","_VenueShowMap":false,"_VenueShowMapLink":false,"_tribe_blocks_recurrence_rules":"","_tribe_blocks_recurrence_description":"","_tribe_blocks_recurrence_exclusions":"","footnotes":""},"categories":[174],"tags":[],"class_list":["post-7839","post","type-post","status-publish","format-standard","hentry","category-recommended-for-your-it"],"acf":[],"yoast_head":"<!-- This site is optimized with the Yoast SEO plugin v27.5 - https:\/\/yoast.com\/product\/yoast-seo-wordpress\/ -->\n<title>mumienkongress-bozen-2016 | archeoParc Schnalstal<\/title>\n<meta name=\"robots\" content=\"index, follow, max-snippet:-1, max-image-preview:large, max-video-preview:-1\" \/>\n<link rel=\"canonical\" href=\"https:\/\/www.archeoparc.it\/it\/2016\/mumienkongress-bozen-2016\/\" \/>\n<meta name=\"twitter:label1\" content=\"Scritto da\" \/>\n\t<meta name=\"twitter:data1\" content=\"Johanna\" \/>\n\t<meta name=\"twitter:label2\" content=\"Tempo di lettura stimato\" \/>\n\t<meta name=\"twitter:data2\" content=\"1 minuto\" \/>\n<script type=\"application\/ld+json\" class=\"yoast-schema-graph\">{\"@context\":\"https:\\\/\\\/schema.org\",\"@graph\":[{\"@type\":\"Article\",\"@id\":\"https:\\\/\\\/www.archeoparc.it\\\/it\\\/2016\\\/mumienkongress-bozen-2016\\\/#article\",\"isPartOf\":{\"@id\":\"https:\\\/\\\/www.archeoparc.it\\\/it\\\/2016\\\/mumienkongress-bozen-2016\\\/\"},\"author\":{\"name\":\"Johanna\",\"@id\":\"https:\\\/\\\/www.archeoparc.it\\\/#\\\/schema\\\/person\\\/b3065be180d841249307ecd9726611cf\"},\"headline\":\"mumienkongress-bozen-2016\",\"datePublished\":\"2016-08-22T14:49:46+00:00\",\"dateModified\":\"2022-01-27T15:43:53+00:00\",\"mainEntityOfPage\":{\"@id\":\"https:\\\/\\\/www.archeoparc.it\\\/it\\\/2016\\\/mumienkongress-bozen-2016\\\/\"},\"wordCount\":283,\"publisher\":{\"@id\":\"https:\\\/\\\/www.archeoparc.it\\\/#organization\"},\"articleSection\":[\"Recommended for you\"],\"inLanguage\":\"it-IT\"},{\"@type\":\"WebPage\",\"@id\":\"https:\\\/\\\/www.archeoparc.it\\\/it\\\/2016\\\/mumienkongress-bozen-2016\\\/\",\"url\":\"https:\\\/\\\/www.archeoparc.it\\\/it\\\/2016\\\/mumienkongress-bozen-2016\\\/\",\"name\":\"mumienkongress-bozen-2016 | archeoParc Schnalstal\",\"isPartOf\":{\"@id\":\"https:\\\/\\\/www.archeoparc.it\\\/#website\"},\"datePublished\":\"2016-08-22T14:49:46+00:00\",\"dateModified\":\"2022-01-27T15:43:53+00:00\",\"inLanguage\":\"it-IT\",\"potentialAction\":[{\"@type\":\"ReadAction\",\"target\":[\"https:\\\/\\\/www.archeoparc.it\\\/it\\\/2016\\\/mumienkongress-bozen-2016\\\/\"]}]},{\"@type\":\"WebSite\",\"@id\":\"https:\\\/\\\/www.archeoparc.it\\\/#website\",\"url\":\"https:\\\/\\\/www.archeoparc.it\\\/\",\"name\":\"archeoParc Schnalstal\",\"description\":\"Arch\u00e4ologisches Freilichtmuseum\",\"publisher\":{\"@id\":\"https:\\\/\\\/www.archeoparc.it\\\/#organization\"},\"potentialAction\":[{\"@type\":\"SearchAction\",\"target\":{\"@type\":\"EntryPoint\",\"urlTemplate\":\"https:\\\/\\\/www.archeoparc.it\\\/?s={search_term_string}\"},\"query-input\":{\"@type\":\"PropertyValueSpecification\",\"valueRequired\":true,\"valueName\":\"search_term_string\"}}],\"inLanguage\":\"it-IT\"},{\"@type\":\"Organization\",\"@id\":\"https:\\\/\\\/www.archeoparc.it\\\/#organization\",\"name\":\"archeoparc Schnalstal\",\"url\":\"https:\\\/\\\/www.archeoparc.it\\\/\",\"logo\":{\"@type\":\"ImageObject\",\"inLanguage\":\"it-IT\",\"@id\":\"https:\\\/\\\/www.archeoparc.it\\\/#\\\/schema\\\/logo\\\/image\\\/\",\"url\":\"https:\\\/\\\/www.archeoparc.it\\\/wp-content\\\/uploads\\\/cropped-archeoparc_logo_sw.png\",\"contentUrl\":\"https:\\\/\\\/www.archeoparc.it\\\/wp-content\\\/uploads\\\/cropped-archeoparc_logo_sw.png\",\"width\":654,\"height\":211,\"caption\":\"archeoparc Schnalstal\"},\"image\":{\"@id\":\"https:\\\/\\\/www.archeoparc.it\\\/#\\\/schema\\\/logo\\\/image\\\/\"}},{\"@type\":\"Person\",\"@id\":\"https:\\\/\\\/www.archeoparc.it\\\/#\\\/schema\\\/person\\\/b3065be180d841249307ecd9726611cf\",\"name\":\"Johanna\",\"image\":{\"@type\":\"ImageObject\",\"inLanguage\":\"it-IT\",\"@id\":\"https:\\\/\\\/secure.gravatar.com\\\/avatar\\\/d2fea4fe845dc1970d9b7702e5120165a019feaf750a97d4e682e0db17aff987?s=96&d=mm&r=g\",\"url\":\"https:\\\/\\\/secure.gravatar.com\\\/avatar\\\/d2fea4fe845dc1970d9b7702e5120165a019feaf750a97d4e682e0db17aff987?s=96&d=mm&r=g\",\"contentUrl\":\"https:\\\/\\\/secure.gravatar.com\\\/avatar\\\/d2fea4fe845dc1970d9b7702e5120165a019feaf750a97d4e682e0db17aff987?s=96&d=mm&r=g\",\"caption\":\"Johanna\"}}]}<\/script>\n<!-- \/ Yoast SEO plugin. -->","yoast_head_json":{"title":"mumienkongress-bozen-2016 | archeoParc Schnalstal","robots":{"index":"index","follow":"follow","max-snippet":"max-snippet:-1","max-image-preview":"max-image-preview:large","max-video-preview":"max-video-preview:-1"},"canonical":"https:\/\/www.archeoparc.it\/it\/2016\/mumienkongress-bozen-2016\/","twitter_misc":{"Scritto da":"Johanna","Tempo di lettura stimato":"1 minuto"},"schema":{"@context":"https:\/\/schema.org","@graph":[{"@type":"Article","@id":"https:\/\/www.archeoparc.it\/it\/2016\/mumienkongress-bozen-2016\/#article","isPartOf":{"@id":"https:\/\/www.archeoparc.it\/it\/2016\/mumienkongress-bozen-2016\/"},"author":{"name":"Johanna","@id":"https:\/\/www.archeoparc.it\/#\/schema\/person\/b3065be180d841249307ecd9726611cf"},"headline":"mumienkongress-bozen-2016","datePublished":"2016-08-22T14:49:46+00:00","dateModified":"2022-01-27T15:43:53+00:00","mainEntityOfPage":{"@id":"https:\/\/www.archeoparc.it\/it\/2016\/mumienkongress-bozen-2016\/"},"wordCount":283,"publisher":{"@id":"https:\/\/www.archeoparc.it\/#organization"},"articleSection":["Recommended for you"],"inLanguage":"it-IT"},{"@type":"WebPage","@id":"https:\/\/www.archeoparc.it\/it\/2016\/mumienkongress-bozen-2016\/","url":"https:\/\/www.archeoparc.it\/it\/2016\/mumienkongress-bozen-2016\/","name":"mumienkongress-bozen-2016 | archeoParc Schnalstal","isPartOf":{"@id":"https:\/\/www.archeoparc.it\/#website"},"datePublished":"2016-08-22T14:49:46+00:00","dateModified":"2022-01-27T15:43:53+00:00","inLanguage":"it-IT","potentialAction":[{"@type":"ReadAction","target":["https:\/\/www.archeoparc.it\/it\/2016\/mumienkongress-bozen-2016\/"]}]},{"@type":"WebSite","@id":"https:\/\/www.archeoparc.it\/#website","url":"https:\/\/www.archeoparc.it\/","name":"archeoParc Schnalstal","description":"Arch\u00e4ologisches Freilichtmuseum","publisher":{"@id":"https:\/\/www.archeoparc.it\/#organization"},"potentialAction":[{"@type":"SearchAction","target":{"@type":"EntryPoint","urlTemplate":"https:\/\/www.archeoparc.it\/?s={search_term_string}"},"query-input":{"@type":"PropertyValueSpecification","valueRequired":true,"valueName":"search_term_string"}}],"inLanguage":"it-IT"},{"@type":"Organization","@id":"https:\/\/www.archeoparc.it\/#organization","name":"archeoparc Schnalstal","url":"https:\/\/www.archeoparc.it\/","logo":{"@type":"ImageObject","inLanguage":"it-IT","@id":"https:\/\/www.archeoparc.it\/#\/schema\/logo\/image\/","url":"https:\/\/www.archeoparc.it\/wp-content\/uploads\/cropped-archeoparc_logo_sw.png","contentUrl":"https:\/\/www.archeoparc.it\/wp-content\/uploads\/cropped-archeoparc_logo_sw.png","width":654,"height":211,"caption":"archeoparc Schnalstal"},"image":{"@id":"https:\/\/www.archeoparc.it\/#\/schema\/logo\/image\/"}},{"@type":"Person","@id":"https:\/\/www.archeoparc.it\/#\/schema\/person\/b3065be180d841249307ecd9726611cf","name":"Johanna","image":{"@type":"ImageObject","inLanguage":"it-IT","@id":"https:\/\/secure.gravatar.com\/avatar\/d2fea4fe845dc1970d9b7702e5120165a019feaf750a97d4e682e0db17aff987?s=96&d=mm&r=g","url":"https:\/\/secure.gravatar.com\/avatar\/d2fea4fe845dc1970d9b7702e5120165a019feaf750a97d4e682e0db17aff987?s=96&d=mm&r=g","contentUrl":"https:\/\/secure.gravatar.com\/avatar\/d2fea4fe845dc1970d9b7702e5120165a019feaf750a97d4e682e0db17aff987?s=96&d=mm&r=g","caption":"Johanna"}}]}},"_links":{"self":[{"href":"https:\/\/www.archeoparc.it\/it\/wp-json\/wp\/v2\/posts\/7839","targetHints":{"allow":["GET"]}}],"collection":[{"href":"https:\/\/www.archeoparc.it\/it\/wp-json\/wp\/v2\/posts"}],"about":[{"href":"https:\/\/www.archeoparc.it\/it\/wp-json\/wp\/v2\/types\/post"}],"author":[{"embeddable":true,"href":"https:\/\/www.archeoparc.it\/it\/wp-json\/wp\/v2\/users\/2"}],"replies":[{"embeddable":true,"href":"https:\/\/www.archeoparc.it\/it\/wp-json\/wp\/v2\/comments?post=7839"}],"version-history":[{"count":1,"href":"https:\/\/www.archeoparc.it\/it\/wp-json\/wp\/v2\/posts\/7839\/revisions"}],"predecessor-version":[{"id":32758,"href":"https:\/\/www.archeoparc.it\/it\/wp-json\/wp\/v2\/posts\/7839\/revisions\/32758"}],"wp:attachment":[{"href":"https:\/\/www.archeoparc.it\/it\/wp-json\/wp\/v2\/media?parent=7839"}],"wp:term":[{"taxonomy":"category","embeddable":true,"href":"https:\/\/www.archeoparc.it\/it\/wp-json\/wp\/v2\/categories?post=7839"},{"taxonomy":"post_tag","embeddable":true,"href":"https:\/\/www.archeoparc.it\/it\/wp-json\/wp\/v2\/tags?post=7839"}],"curies":[{"name":"wp","href":"https:\/\/api.w.org\/{rel}","templated":true}]}}